{"id":249125,"date":"2025-11-22T03:08:37","date_gmt":"2025-11-22T03:08:37","guid":{"rendered":"https:\/\/www.europesays.com\/es\/249125\/"},"modified":"2025-11-22T03:08:37","modified_gmt":"2025-11-22T03:08:37","slug":"perez-llorca-declara-ante-la-jueza-de-la-dana-a-una-semana-de-su-investidura","status":"publish","type":"post","link":"https:\/\/www.europesays.com\/es\/249125\/","title":{"rendered":"P\u00e9rez Llorca declara ante la jueza de la DANA a una semana de su investidura"},"content":{"rendered":"<p class=\"L6-news-detail__text\">El candidato a la presidencia de la Generalitat en sustituci\u00f3n de <b><a title=\"Carlos Maz\u00f3n\" href=\"https:\/\/www.lasexta.com\/temas\/carlos_mazon-1\" target=\"_blank\" rel=\"nofollow noopener\">Carlos Maz\u00f3n<\/a><\/b>, <b>Juanfran P\u00e9rez Llorca<\/b>, declara este viernes como testigo ante la jueza de Catarroja (<b><a title=\"Valencia\" href=\"https:\/\/www.lasexta.com\/temas\/valencia-1\" target=\"_blank\" rel=\"nofollow noopener\">Valencia<\/a><\/b>) que instruye la causa penal de la <b><a title=\"DANA\" href=\"https:\/\/www.lasexta.com\/temas\/dana-1\" target=\"_blank\" rel=\"nofollow noopener\">DANA<\/a><\/b>, por las llamadas que mantuvo esa tarde con el l\u00edder valenciano y con la exconsellera de Interior, Salom\u00e9 Pradas.<\/p>\n<p class=\"L6-news-detail__text\">La declaraci\u00f3n del secretario general del <b><a title=\"Partido Popular\" href=\"https:\/\/www.lasexta.com\/temas\/partido_popular-1\" target=\"_blank\" rel=\"nofollow noopener\">Partido Popular<\/a><\/b> de la Comunitat en los juzgados de Catarroja se producir\u00e1 <b>dos d\u00edas despu\u00e9s de registrar su candidatura<\/b> a presidir la Generalitat, y seis d\u00edas antes de que se celebre su pleno de investidura en Les Corts Valencianes.<\/p>\n<p class=\"L6-news-detail__text\">Por su parte, la instructora acord\u00f3 el 5 de noviembre, dentro del \u00aban\u00e1lisis del proceso de toma de decisiones\u00bb en el Centro de Coordinaci\u00f3n Operativa Integrada (Cecopi) del d\u00eda de la cat\u00e1strofe, que dej\u00f3 229 muertos e innumerables da\u00f1os materiales, su citaci\u00f3n por sus <b>tres llamadas de esa tarde con Pradas<\/b>: a las 18:57 horas una perdida, a las 18:58 horas una llamada saliente de 14 segundos y a las 18:59 horas una entrante de nueve segundos.<\/p>\n<p class=\"L6-news-detail__text\">La jueza Nuria Ruiz Tobarra cita asimismo a P\u00e9rez Llorca por las <b>llamadas que mantuvo<\/b> con el todav\u00eda jefe del Consell -a las 18:57 horas en dos ocasiones- y recalca \u00abla cercan\u00eda\u00bb que Pradas, una de las dos personas investigadas en esta causa penal, atribuy\u00f3 al entonces s\u00edndic del PP en Les Corts con el jefe del Ejecutivo valenciano.<\/p>\n<p>Unas llamadas que deben \u00abponerse en contexto\u00bb<\/p>\n<p class=\"L6-news-detail__text\">De esta manera, la magistrada considera que esas llamadas de P\u00e9rez Llorca <b>deben \u00abponerse en contexto\u00bb<\/b> con las que se intercambiaron previamente la entonces consellera responsable de gestionar la emergencia y el president, y que esos \u00abintercambios de los tres\u00bb pueden <b>aportar informaci\u00f3n<\/b> a la causa.<\/p>\n<p class=\"L6-news-detail__text\">De su lado, el candidato a la presidencia ha se\u00f1alado que <b>\u00abpoco\u00bb podr\u00e1 decir en su testifical<\/b>, ya que se le ha citado por unas llamadas telef\u00f3nicas que duraron \u00abpocos segundos\u00bb, y ha afirmado que quiere pensar que \u00abha sido casualidad\u00bb que se le haya llamado a declarar en pleno proceso para ser nombrado nuevo president de la Generalitat.<\/p>\n<p class=\"L6-news-detail__text\">Antes del dirigente &#8216;popular&#8217;, que est\u00e1 citado a las 11:30 horas, comparecer\u00e1 como testigo <b>a las 9.30 horas<\/b> ante la jueza el due\u00f1o del restaurante El Ventorro de Valencia, donde Maz\u00f3n estuvo comiendo con la periodista <b><a title=\"Maribel Vilaplana\" href=\"https:\/\/www.lasexta.com\/noticias\/nacional\/gritos-victimas-dana-maribel-vilaplana-llegada-juzgados-cuenta-toda-verdad_2025110369086bf1513f437cb8f1d159.html\" target=\"_blank\" rel=\"nofollow noopener\">Maribel Vilaplana<\/a><\/b> durante casi cuatro horas el d\u00eda de la gota fr\u00eda, que marc\u00f3 un antes y un despu\u00e9s en territorio valenciano.<\/p>\n<p class=\"L6-news-detail__text\"><b><a title=\"*Sigue a laSexta en Google. Toda la actualidad y el mejor contenido aqu\u00ed.\" href=\"https:\/\/profile.google.com\/cp\/CgkvbS8wZG5xejA\" target=\"_blank\" rel=\"nofollow noopener\">*Sigue a laSexta en Google. Toda la actualidad y el mejor contenido aqu\u00ed.<\/a><\/b><\/p>\n<p class=\"L6-support-news-video__title\">El \u00abguerracivilismo\u00bb de Ayuso<\/p>\n<p>            <a href=\"https:\/\/www.lasexta.com\/noticias\/nacional\/ayuso-polarizada-bucle-derrapa-respuesta-condena-fiscal-general-denuncia-dictadura-mientras-celebra-estado-derecho_202511216920c37c6c137a6987776dee.html\" class=\"L6-news__link\" rel=\"nofollow noopener\" target=\"_blank\"><br \/>\n                Una Ayuso polarizada y en bucle derrapa en su respuesta a la condena del fiscal general: denuncia \u00abuna dictadura\u00bb mientras celebra el Estado de Derecho<\/p>\n<p class=\"recirculation-video-desc\">Entre l\u00edneas Seg\u00fan Ayuso, el fallo del Supremo demuestra que en Espa\u00f1a ocurren cosas propias de \u00abuna dictadura\u00bb. Una dictadura en la que ella puede decir libremente las barbaridades que le d\u00e9 la gana; su pareja ha podido llevar ante la Justicia a todo un fiscal general y ganarle; y el Gobierno ha dicho que acatar\u00e1 el fallo.<\/p>\n<p>            <\/a><\/p>\n","protected":false},"excerpt":{"rendered":"El candidato a la presidencia de la Generalitat en sustituci\u00f3n de Carlos Maz\u00f3n, Juanfran P\u00e9rez Llorca, declara este&hellip;\n","protected":false},"author":2,"featured_media":249126,"comment_status":"","ping_status":"","sticky":false,"template":"","format":"standard","meta":{"footnotes":""},"categories":[8],"tags":[17,18,25,24,13,14,11,19,20,9,10,15,16,23,12,21,22],"class_list":{"0":"post-249125","1":"post","2":"type-post","3":"status-publish","4":"format-standard","5":"has-post-thumbnail","7":"category-espana","8":"tag-breaking-news","9":"tag-breakingnews","10":"tag-es","11":"tag-espana","12":"tag-featured-news","13":"tag-featurednews","14":"tag-headlines","15":"tag-latest-news","16":"tag-latestnews","17":"tag-news","18":"tag-noticias","19":"tag-noticias-destacadas","20":"tag-noticiasdestacadas","21":"tag-spain","22":"tag-titulares","23":"tag-ultimas-noticias","24":"tag-ultimasnoticias"},"share_on_mastodon":{"url":"https:\/\/pubeurope.com\/@es\/115591151917323536","error":""},"_links":{"self":[{"href":"https:\/\/www.europesays.com\/es\/wp-json\/wp\/v2\/posts\/249125","targetHints":{"allow":["GET"]}}],"collection":[{"href":"https:\/\/www.europesays.com\/es\/wp-json\/wp\/v2\/posts"}],"about":[{"href":"https:\/\/www.europesays.com\/es\/wp-json\/wp\/v2\/types\/post"}],"author":[{"embeddable":true,"href":"https:\/\/www.europesays.com\/es\/wp-json\/wp\/v2\/users\/2"}],"replies":[{"embeddable":true,"href":"https:\/\/www.europesays.com\/es\/wp-json\/wp\/v2\/comments?post=249125"}],"version-history":[{"count":0,"href":"https:\/\/www.europesays.com\/es\/wp-json\/wp\/v2\/posts\/249125\/revisions"}],"wp:featuredmedia":[{"embeddable":true,"href":"https:\/\/www.europesays.com\/es\/wp-json\/wp\/v2\/media\/249126"}],"wp:attachment":[{"href":"https:\/\/www.europesays.com\/es\/wp-json\/wp\/v2\/media?parent=249125"}],"wp:term":[{"taxonomy":"category","embeddable":true,"href":"https:\/\/www.europesays.com\/es\/wp-json\/wp\/v2\/categories?post=249125"},{"taxonomy":"post_tag","embeddable":true,"href":"https:\/\/www.europesays.com\/es\/wp-json\/wp\/v2\/tags?post=249125"}],"curies":[{"name":"wp","href":"https:\/\/api.w.org\/{rel}","templated":true}]}}