{"id":249211,"date":"2025-11-22T04:35:11","date_gmt":"2025-11-22T04:35:11","guid":{"rendered":"https:\/\/www.europesays.com\/es\/249211\/"},"modified":"2025-11-22T04:35:11","modified_gmt":"2025-11-22T04:35:11","slug":"wicked-parte-ii-supera-a-superman-y-logra-el-mejor-preestreno-de-2025-en-estados-unidos","status":"publish","type":"post","link":"https:\/\/www.europesays.com\/es\/249211\/","title":{"rendered":"&#8216;Wicked: Parte II&#8217; supera a &#8216;Superman&#8217; y logra el mejor preestreno de 2025 en Estados Unidos"},"content":{"rendered":"<p>Puede que <a href=\"https:\/\/www.ecartelera.com\/noticias\/wicked-parte-2-luces-sombras-primeras-criticas-82472\/\" target=\"_blank\" rel=\"nofollow noopener\">las cr\u00edticas<\/a> de &#8216;<a href=\"https:\/\/www.ecartelera.com\/peliculas\/wicked-part-two\/\" data-mention-type=\"pelicula\" data-mention-id=\"17996\" rel=\"nofollow noopener\" target=\"_blank\">Wicked: Parte II<\/a>&#8216; sean algo peores que las de la primera entrega, pero ni eso ni nada va a impedir que las brujas de Oz vuelen muy alto en la taquilla durante su fin de semana de estreno. La pel\u00edcula dirigida por <a href=\"https:\/\/www.ecartelera.com\/personas\/jon-chu\/\" data-mention-type=\"persona\" data-mention-id=\"3182\" rel=\"nofollow noopener\" target=\"_blank\">Jon M. Chu<\/a> <strong>se dirige a un lanzamiento estelar y superar\u00e1 con creces al de &#8216;<a href=\"https:\/\/www.ecartelera.com\/peliculas\/wicked\/\" data-mention-type=\"pelicula\" data-mention-id=\"12999\" rel=\"nofollow noopener\" target=\"_blank\">Wicked<\/a>&#8216; en 2024<\/strong>.<\/p>\n<p>Jon M. Chu: \u00abCuando eres director, te sientes muy solo teniendo dos pel\u00edculas en la cabeza\u00bb<\/p>\n<p><video id=\"vid-35946\" class=\"video-js vjs-default-skin\" data-title=\"Jon M. Chu: &quot;Cuando eres director, te sientes muy solo teniendo dos pel\u00edculas en la cabeza&quot;\" poster=\"https:\/\/www.ecartelera.com\/images\/videos\/35900\/f35946.jpg\" controls=\"\" preload=\"auto\" width=\"640\" height=\"360\" playsinline=\"\" data-vtt=\"\/\/v1.ecartelera.com\/video\/35900\/35946_sprite.vtt\" data-stream=\"1\">El navegador no soporta el tag de v\u00eddeo.<\/video><\/p>\n<p>X<\/p>\n<p>Seg\u00fan datos preliminares publicados por <a href=\"https:\/\/variety.com\/2025\/film\/box-office\/box-office-wicked-for-good-previews-1236587612\/\" target=\"_blank\" rel=\"nofollow noopener\">Variety<\/a>, &#8216;Wicked: Parte II&#8217; ha recaudado la impresionante cifra de 30,8 millones de d\u00f3lares antes del estreno oficial del viernes 21. Aunque habitualmente los pases previos de grandes estrenos como este tienen lugar los jueves, <strong>Universal Pictures ha empezado un poco antes, organizando preestrenos desde el inicio de la semana<\/strong>, de ah\u00ed que la cifra final -que ya promet\u00eda ser alta- sea incluso m\u00e1s abultada.<\/p>\n<p>Veamos c\u00f3mo se ha repartido la pre-recaudaci\u00f3n. El lunes se celebraron los primeros pases para el p\u00fablico en Norteam\u00e9rica, patrocinados por Amazon Prime, en los que se recaudaron 6,1 millones de d\u00f3lares. El mi\u00e9rcoles hubo proyecciones adicionales, que generaron 6,5 millones, a lo que hay que sumar <strong>los pases del jueves, incluyendo los maratones con ambas entregas, gracias a lo que &#8216;Wicked: Parte II&#8217; se embols\u00f3 18,2 millones m\u00e1s.<\/strong> Todo antes del gran estreno del viernes.<\/p>\n<p>\t\t\t\t\t\t\t<img decoding=\"async\" loading=\"lazy\" src=\"https:\/\/www.europesays.com\/es\/wp-content\/uploads\/2025\/11\/246883_wicked-parte-ii-los-pronosticos-de-taquilla-va.jpg\" alt=\"'Wicked: Parte II': Los pron\u00f3sticos de taquilla vaticinan un gran estreno en EE.UU., pero, \u00bfsuperar\u00e1 a la primera?\" width=\"1200\" height=\"750\"\/>\t<\/p>\n<p>\t\t\t\t\t\t&#8216;Wicked: Parte II&#8217;: Los pron\u00f3sticos de taquilla vaticinan un gran estreno en EE.UU., pero, \u00bfsuperar\u00e1 a la primera?<\/p>\n<p>De esta manera, el gran final de &#8216;Wicked&#8217; se hace con el r\u00e9cord al mejor preestreno de 2025 en EE.UU., que hasta ahora ostentaba &#8216;<a href=\"https:\/\/www.ecartelera.com\/peliculas\/superman-legacy\/\" data-mention-type=\"pelicula\" data-mention-id=\"17700\" rel=\"nofollow noopener\" target=\"_blank\">Superman<\/a>&#8216; de <a href=\"https:\/\/www.ecartelera.com\/personas\/james-gunn\/\" data-mention-type=\"persona\" data-mention-id=\"3608\" rel=\"nofollow noopener\" target=\"_blank\">James Gunn<\/a> con 22,5 millones. Y no solo eso, tambi\u00e9n se convierte en el d\u00e9cimo mejor preestreno de la historia en la taquilla USA. Un triunfo muy significativo que <strong>viene a funcionar como perfecta met\u00e1fora de la p\u00e9rdida de fuerza del cine de superh\u00e9roes en la taquilla<\/strong> en los \u00faltimos a\u00f1os.<\/p>\n<p>Directas al estreno del a\u00f1o<\/p>\n<p>Si los pron\u00f3sticos se cumplen (y todo apunta a que as\u00ed ser\u00e1), el camino de baldosas amarillas llevar\u00e1 a Elphaba y Glinda a lo m\u00e1s alto de la taquilla con el mejor estreno cinematogr\u00e1fico del a\u00f1o. <strong>&#8216;Wicked: Parte II&#8217; podr\u00eda recaudar entre 150 y 180 millones en su primer fin de semana en Estados Unidos<\/strong>. Universal se mantiene m\u00e1s prudente pronosticando 125.<\/p>\n<p>\t\t\t\t\t\t\t<img decoding=\"async\" loading=\"lazy\" src=\"https:\/\/www.europesays.com\/es\/wp-content\/uploads\/2025\/11\/244091_wicked-parte-ii-la-relacion-entre-elphaba-y-gl.jpg\" alt=\"'Wicked: Parte II': La relaci\u00f3n entre Elphaba y Glinda cambia &quot;para siempre&quot; en el emocionante tr\u00e1iler final\" width=\"1200\" height=\"738\"\/>\t<\/p>\n<p>\t\t\t\t\t\t&#8216;Wicked: Parte II&#8217;: La relaci\u00f3n entre Elphaba y Glinda cambia \u00abpara siempre\u00bb en el emocionante tr\u00e1iler final<\/p>\n<p>En estos momentos, &#8216;<a href=\"https:\/\/www.ecartelera.com\/peliculas\/minecraft\/\" data-mention-type=\"pelicula\" data-mention-id=\"13012\" rel=\"nofollow noopener\" target=\"_blank\">Una pel\u00edcula de Minecraft<\/a>&#8216; posee el mejor estreno dom\u00e9stico del a\u00f1o con 162 millones, pero puede que el t\u00edtulo le dure poco. En 2024, &#8216;<strong>Wicked&#8217; obtuvo 19,2 millones de d\u00f3lares en sus preestrenos, debutando en la taquilla estadounidense con 112,5 millones<\/strong>. Con 30,8 millones en la saca antes del viernes, todo parece indicar que superar\u00e1 ese n\u00famero con facilidad.<\/p>\n","protected":false},"excerpt":{"rendered":"Puede que las cr\u00edticas de &#8216;Wicked: Parte II&#8216; sean algo peores que las de la primera entrega, pero&hellip;\n","protected":false},"author":2,"featured_media":249212,"comment_status":"","ping_status":"","sticky":false,"template":"","format":"standard","meta":{"footnotes":""},"categories":[169],"tags":[1014,1015,1013,177,1011,146,147,25,24,782,176,1019,1016,175,753,1012,23,1017,1018],"class_list":{"0":"post-249211","1":"post","2":"type-post","3":"status-publish","4":"format-standard","5":"has-post-thumbnail","7":"category-cine","8":"tag-actores","9":"tag-actrices","10":"tag-cartelera","11":"tag-cine","12":"tag-ecartelera","13":"tag-entertainment","14":"tag-entretenimiento","15":"tag-es","16":"tag-espana","17":"tag-estrellas","18":"tag-film","19":"tag-fotogramas","20":"tag-fotos","21":"tag-movies","22":"tag-peliculas","23":"tag-pelis","24":"tag-spain","25":"tag-trailers","26":"tag-videos"},"share_on_mastodon":{"url":"https:\/\/pubeurope.com\/@es\/115591494443744727","error":""},"_links":{"self":[{"href":"https:\/\/www.europesays.com\/es\/wp-json\/wp\/v2\/posts\/249211","targetHints":{"allow":["GET"]}}],"collection":[{"href":"https:\/\/www.europesays.com\/es\/wp-json\/wp\/v2\/posts"}],"about":[{"href":"https:\/\/www.europesays.com\/es\/wp-json\/wp\/v2\/types\/post"}],"author":[{"embeddable":true,"href":"https:\/\/www.europesays.com\/es\/wp-json\/wp\/v2\/users\/2"}],"replies":[{"embeddable":true,"href":"https:\/\/www.europesays.com\/es\/wp-json\/wp\/v2\/comments?post=249211"}],"version-history":[{"count":0,"href":"https:\/\/www.europesays.com\/es\/wp-json\/wp\/v2\/posts\/249211\/revisions"}],"wp:featuredmedia":[{"embeddable":true,"href":"https:\/\/www.europesays.com\/es\/wp-json\/wp\/v2\/media\/249212"}],"wp:attachment":[{"href":"https:\/\/www.europesays.com\/es\/wp-json\/wp\/v2\/media?parent=249211"}],"wp:term":[{"taxonomy":"category","embeddable":true,"href":"https:\/\/www.europesays.com\/es\/wp-json\/wp\/v2\/categories?post=249211"},{"taxonomy":"post_tag","embeddable":true,"href":"https:\/\/www.europesays.com\/es\/wp-json\/wp\/v2\/tags?post=249211"}],"curies":[{"name":"wp","href":"https:\/\/api.w.org\/{rel}","templated":true}]}}