{"id":249217,"date":"2025-11-22T04:42:15","date_gmt":"2025-11-22T04:42:15","guid":{"rendered":"https:\/\/www.europesays.com\/es\/249217\/"},"modified":"2025-11-22T04:42:15","modified_gmt":"2025-11-22T04:42:15","slug":"los-mossos-investigan-el-cambio-de-movil-de-jonathan-andic-tras-la-muerte-del-fundador-de-mango-noticias-de-cataluna","status":"publish","type":"post","link":"https:\/\/www.europesays.com\/es\/249217\/","title":{"rendered":"Los Mossos investigan el cambio de m\u00f3vil de Jonathan Andic tras la muerte del fundador de Mango | Noticias de Catalu\u00f1a"},"content":{"rendered":"<p class=\"\">El pasado 9 de septiembre, Jonathan Andic abandonaba en coche el cuartel general de <a href=\"https:\/\/elpais.com\/noticias\/mango\/\" target=\"_self\" rel=\"nofollow noopener\" title=\"https:\/\/elpais.com\/noticias\/mango\/\">Mango<\/a>, en un pol\u00edgono de Palau-solit\u00e0 i Plegamans, una localidad industrial a menos de 30 kil\u00f3metros del centro de Barcelona. Un coche patrulla de los Mossos d\u2019Esquadra le cerr\u00f3 el paso y uno de los agentes se le acerc\u00f3, se identific\u00f3 como polic\u00eda y <a href=\"https:\/\/elpais.com\/espana\/catalunya\/2025-10-19\/diez-meses-de-investigacion-para-aclarar-la-muerte-del-fundador-de-mango-cayo-isak-andic-de-la-montana-o-le-empujo-su-hijo.html\" target=\"_self\" rel=\"nofollow noopener\" title=\"https:\/\/elpais.com\/espana\/catalunya\/2025-10-19\/diez-meses-de-investigacion-para-aclarar-la-muerte-del-fundador-de-mango-cayo-isak-andic-de-la-montana-o-le-empujo-su-hijo.html\">le pidi\u00f3 que entregara el tel\u00e9fono m\u00f3vil<\/a>. Jonathan accedi\u00f3 a la petici\u00f3n sin rechistar, pese a que no ten\u00eda ninguna obligaci\u00f3n de hacerlo. Pocos d\u00edas despu\u00e9s, y de forma indirecta, supo que para los Mossos ya no era un simple testigo: le estaban investigando como sospechoso de haber matado a su padre, <a href=\"https:\/\/elpais.com\/noticias\/isak-andic\/\" target=\"_self\" rel=\"nofollow noopener\" title=\"https:\/\/elpais.com\/noticias\/isak-andic\/\">Isak Andic<\/a>, en el marco de la causa judicial abierta para aclarar las circunstancias de su muerte. <a href=\"https:\/\/elpais.com\/espana\/catalunya\/2024-12-14\/el-fundador-de-mango-isak-andic-muere-en-un-accidente-de-montana-cerca-de-barcelona.html\" target=\"_self\" rel=\"nofollow noopener\" title=\"https:\/\/elpais.com\/espana\/catalunya\/2024-12-14\/el-fundador-de-mango-isak-andic-muere-en-un-accidente-de-montana-cerca-de-barcelona.html\">El fundador de Mango falleci\u00f3 el 14 de diciembre de 2024<\/a>, al caer desde una altura de unos 100 metros durante una excursi\u00f3n con su hijo mayor por un sendero de la monta\u00f1a de Montserrat. Ten\u00eda 71 a\u00f1os y era el hombre m\u00e1s rico de Catalu\u00f1a.<\/p>\n<p class=\"\">Los investigadores han vaciado el contenido del tel\u00e9fono m\u00f3vil y <a href=\"https:\/\/elpais.com\/espana\/catalunya\/2025-10-16\/cronologia-de-la-investigacion-de-la-muerte-del-fundador-de-mango-isak-andic-en-la-montana.html\" target=\"_self\" rel=\"nofollow noopener\" title=\"https:\/\/elpais.com\/espana\/catalunya\/2025-10-16\/cronologia-de-la-investigacion-de-la-muerte-del-fundador-de-mango-isak-andic-en-la-montana.html\">lo analizan desde entonces en busca de indicios<\/a>: mensajes, fotograf\u00edas o conversaciones que sirvan para obtener alguna pista firme de lo que ocurri\u00f3 en el camino hacia el monasterio de Montserrat, ya que no hay testigos directos (m\u00e1s all\u00e1 del propio Jonathan) del incidente. Tambi\u00e9n indagan, seg\u00fan fuentes del caso, en otros dispositivos m\u00f3viles corporativos, en busca de mensajes m\u00e1s antiguos sobre la relaci\u00f3n con su padre.<\/p>\n<p class=\"\">El tel\u00e9fono es <a href=\"https:\/\/elpais.com\/espana\/catalunya\/2025-10-19\/diez-meses-de-investigacion-para-aclarar-la-muerte-del-fundador-de-mango-cayo-isak-andic-de-la-montana-o-le-empujo-su-hijo.html\" target=\"_self\" rel=\"nofollow noopener\" title=\"https:\/\/elpais.com\/espana\/catalunya\/2025-10-19\/diez-meses-de-investigacion-para-aclarar-la-muerte-del-fundador-de-mango-cayo-isak-andic-de-la-montana-o-le-empujo-su-hijo.html\">un elemento central de las pesquisas<\/a> tambi\u00e9n por otras razones. En enero de 2025, pocas semanas despu\u00e9s del fallecimiento de su padre, Jonathan envi\u00f3 un correo electr\u00f3nico a Mango en el que ped\u00eda que se le entregara un nuevo terminal corporativo de marca iPhone. Esa circunstancia despert\u00f3 las sospechas de los investigadores, que pidieron explicaciones a los t\u00e9cnicos de la empresa sobre la fecha de adquisici\u00f3n, entrega y activaci\u00f3n del terminal, seg\u00fan ha podido saber este diario.<\/p>\n<p class=\"\">El directivo, <a href=\"https:\/\/elpais.com\/espana\/catalunya\/2025-10-16\/cronologia-de-la-investigacion-de-la-muerte-del-fundador-de-mango-isak-andic-en-la-montana.html\" target=\"_self\" rel=\"nofollow noopener\" title=\"https:\/\/elpais.com\/espana\/catalunya\/2025-10-16\/cronologia-de-la-investigacion-de-la-muerte-del-fundador-de-mango-isak-andic-en-la-montana.html\">uno de los tres herederos del imperio Mango<\/a> junto a sus hermanas Judith y Sarah, hab\u00eda solicitado el cambio para hacerse con el \u00faltimo modelo de iPhone, sin que la petici\u00f3n tuviera relaci\u00f3n con los hechos, indican fuentes del entorno. Pero Jonathan, por alg\u00fan motivo, no pas\u00f3 a recoger el nuevo m\u00f3vil de forma inmediata. Lo hizo <a href=\"https:\/\/elpais.com\/espana\/catalunya\/2025-10-16\/cronologia-de-la-investigacion-de-la-muerte-del-fundador-de-mango-isak-andic-en-la-montana.html\" target=\"_self\" rel=\"nofollow noopener\" title=\"https:\/\/elpais.com\/espana\/catalunya\/2025-10-16\/cronologia-de-la-investigacion-de-la-muerte-del-fundador-de-mango-isak-andic-en-la-montana.html\">dos meses m\u00e1s tarde, tras perder el m\u00f3vil<\/a>.<\/p>\n<p class=\"\">Seg\u00fan la respuesta de los t\u00e9cnicos (tanto oral como escrita) hay constancia t\u00e9cnica de que el m\u00f3vil se activ\u00f3 el 26 de marzo. Se hizo una \u201cmigraci\u00f3n completa\u201d del contenido y no hubo \u201creseteo\u201d ni \u201cborrado\u201d del dispositivo, seg\u00fan fuentes del caso. <a href=\"https:\/\/elpais.com\/espana\/catalunya\/2025-10-19\/diez-meses-de-investigacion-para-aclarar-la-muerte-del-fundador-de-mango-cayo-isak-andic-de-la-montana-o-le-empujo-su-hijo.html\" target=\"_self\" rel=\"nofollow noopener\" title=\"https:\/\/elpais.com\/espana\/catalunya\/2025-10-19\/diez-meses-de-investigacion-para-aclarar-la-muerte-del-fundador-de-mango-cayo-isak-andic-de-la-montana-o-le-empujo-su-hijo.html\">Los Mossos tratan de comprobar<\/a> si, durante los meses en que estuvo con su antiguo m\u00f3vil, Jonathan Andic elimin\u00f3 parte del contenido (fotograf\u00edas, conversaciones) y si ese material es relevante o no para la investigaci\u00f3n.<\/p>\n<p>La investigaci\u00f3n acelera<\/p>\n<p class=\"\">Cuando se acerca <a href=\"https:\/\/elpais.com\/espana\/catalunya\/2025-10-16\/cronologia-de-la-investigacion-de-la-muerte-del-fundador-de-mango-isak-andic-en-la-montana.html\" target=\"_self\" rel=\"nofollow noopener\" title=\"https:\/\/elpais.com\/espana\/catalunya\/2025-10-16\/cronologia-de-la-investigacion-de-la-muerte-del-fundador-de-mango-isak-andic-en-la-montana.html\">el primer aniversario de la muerte de Isak Andic<\/a>, la investigaci\u00f3n de los Mossos se halla en un punto culminante. En las \u00faltimas semanas, los agentes han tomado declaraci\u00f3n a <a href=\"https:\/\/elpais.com\/espana\/2025-11-19\/las-hermanas-y-la-psicoterapeuta-de-jonathan-andic-declaran-como-testigos-por-la-muerte-del-fundador-de-mango.html\" target=\"_self\" rel=\"nofollow noopener\" title=\"https:\/\/elpais.com\/espana\/2025-11-19\/las-hermanas-y-la-psicoterapeuta-de-jonathan-andic-declaran-como-testigos-por-la-muerte-del-fundador-de-mango.html\">personas relevantes del entorno personal y laboral de Jonathan<\/a>, incluidas sus hermanas, su t\u00edo y cofundador de Mango y hasta su psicoterapeuta. Salvo esta \u00faltima (que se acogi\u00f3 al secreto profesional), todos los interrogados como testigos han salido en defensa de Jonathan y han avalado la buena relaci\u00f3n existente entre padre e hijo, especialmente en los \u00faltimos tiempos.<\/p>\n<p class=\"\">Uno de los testimonios m\u00e1s relevantes, seg\u00fan fuentes judiciales, ha sido el de <a href=\"https:\/\/elpais.com\/economia\/2024-12-22\/toni-ruiz-el-piloto-de-mango-en-la-tormenta.html\" target=\"_self\" rel=\"nofollow noopener\" title=\"https:\/\/elpais.com\/economia\/2024-12-22\/toni-ruiz-el-piloto-de-mango-en-la-tormenta.html\">Toni Ruiz, presidente de Mango<\/a> desde la muerte del fundador. Ruiz es una de las personas que <a href=\"https:\/\/elpais.com\/espana\/2025-11-19\/las-hermanas-y-la-psicoterapeuta-de-jonathan-andic-declaran-como-testigos-por-la-muerte-del-fundador-de-mango.html\" target=\"_self\" rel=\"nofollow noopener\" title=\"https:\/\/elpais.com\/espana\/2025-11-19\/las-hermanas-y-la-psicoterapeuta-de-jonathan-andic-declaran-como-testigos-por-la-muerte-del-fundador-de-mango.html\">conoce m\u00e1s de cerca tanto al padre como al hijo<\/a> y que, por tanto, puede hablar con m\u00e1s autoridad de su relaci\u00f3n. El primer directivo de Mango es, adem\u00e1s, amigo, socio y albacea testamentario de Isak Andic.<\/p>\n<p class=\"\"><a href=\"https:\/\/elpais.com\/espana\/catalunya\/2025-10-19\/diez-meses-de-investigacion-para-aclarar-la-muerte-del-fundador-de-mango-cayo-isak-andic-de-la-montana-o-le-empujo-su-hijo.html\" target=\"_self\" rel=\"nofollow noopener\" title=\"https:\/\/elpais.com\/espana\/catalunya\/2025-10-19\/diez-meses-de-investigacion-para-aclarar-la-muerte-del-fundador-de-mango-cayo-isak-andic-de-la-montana-o-le-empujo-su-hijo.html\">La investigaci\u00f3n por la muerte del empresario<\/a> est\u00e1 dirigida por el juzgado de instrucci\u00f3n 5 de Martorell (Barcelona) y permanece bajo secreto de sumario. Sin pruebas directas de lo ocurrido, los Mossos disponen de una serie de indicios que les llevan a pensar en un homicidio. Los investigadores <a href=\"https:\/\/elpais.com\/espana\/catalunya\/2025-10-19\/diez-meses-de-investigacion-para-aclarar-la-muerte-del-fundador-de-mango-cayo-isak-andic-de-la-montana-o-le-empujo-su-hijo.html\" target=\"_self\" rel=\"nofollow noopener\" title=\"https:\/\/elpais.com\/espana\/catalunya\/2025-10-19\/diez-meses-de-investigacion-para-aclarar-la-muerte-del-fundador-de-mango-cayo-isak-andic-de-la-montana-o-le-empujo-su-hijo.html\">no descartan, sin embargo, que se tratase de una muerte accidental<\/a>, consecuencia de un resbal\u00f3n. En las pr\u00f3ximas semanas elevar\u00e1n sus conclusiones provisionales a la jueza, para que decida si archiva el procedimiento (por falta de pruebas o por concluir que se trat\u00f3 de un accidente), o bien si sigue adelante y llama a declarar a Jonathan Andic formalmente como investigado e incluso ordena su detenci\u00f3n.<\/p>\n","protected":false},"excerpt":{"rendered":"El pasado 9 de septiembre, Jonathan Andic abandonaba en coche el cuartel general de Mango, en un pol\u00edgono&hellip;\n","protected":false},"author":2,"featured_media":249218,"comment_status":"","ping_status":"","sticky":false,"template":"","format":"standard","meta":{"footnotes":""},"categories":[8],"tags":[17,18,1980,95,25,24,13,14,11,734,51485,19,20,3907,1023,41824,3291,9,10,15,16,23,12,21,22],"class_list":{"0":"post-249217","1":"post","2":"type-post","3":"status-publish","4":"format-standard","5":"has-post-thumbnail","7":"category-espana","8":"tag-breaking-news","9":"tag-breakingnews","10":"tag-cataluna","11":"tag-economia","12":"tag-es","13":"tag-espana","14":"tag-featured-news","15":"tag-featurednews","16":"tag-headlines","17":"tag-investigacion-judicial","18":"tag-isak-andic","19":"tag-latest-news","20":"tag-latestnews","21":"tag-mango","22":"tag-moda","23":"tag-montserrat","24":"tag-mossos-desquadra","25":"tag-news","26":"tag-noticias","27":"tag-noticias-destacadas","28":"tag-noticiasdestacadas","29":"tag-spain","30":"tag-titulares","31":"tag-ultimas-noticias","32":"tag-ultimasnoticias"},"share_on_mastodon":{"url":"https:\/\/pubeurope.com\/@es\/115591521457019793","error":""},"_links":{"self":[{"href":"https:\/\/www.europesays.com\/es\/wp-json\/wp\/v2\/posts\/249217","targetHints":{"allow":["GET"]}}],"collection":[{"href":"https:\/\/www.europesays.com\/es\/wp-json\/wp\/v2\/posts"}],"about":[{"href":"https:\/\/www.europesays.com\/es\/wp-json\/wp\/v2\/types\/post"}],"author":[{"embeddable":true,"href":"https:\/\/www.europesays.com\/es\/wp-json\/wp\/v2\/users\/2"}],"replies":[{"embeddable":true,"href":"https:\/\/www.europesays.com\/es\/wp-json\/wp\/v2\/comments?post=249217"}],"version-history":[{"count":0,"href":"https:\/\/www.europesays.com\/es\/wp-json\/wp\/v2\/posts\/249217\/revisions"}],"wp:featuredmedia":[{"embeddable":true,"href":"https:\/\/www.europesays.com\/es\/wp-json\/wp\/v2\/media\/249218"}],"wp:attachment":[{"href":"https:\/\/www.europesays.com\/es\/wp-json\/wp\/v2\/media?parent=249217"}],"wp:term":[{"taxonomy":"category","embeddable":true,"href":"https:\/\/www.europesays.com\/es\/wp-json\/wp\/v2\/categories?post=249217"},{"taxonomy":"post_tag","embeddable":true,"href":"https:\/\/www.europesays.com\/es\/wp-json\/wp\/v2\/tags?post=249217"}],"curies":[{"name":"wp","href":"https:\/\/api.w.org\/{rel}","templated":true}]}}