{"id":249219,"date":"2025-11-22T04:44:12","date_gmt":"2025-11-22T04:44:12","guid":{"rendered":"https:\/\/www.europesays.com\/es\/249219\/"},"modified":"2025-11-22T04:44:12","modified_gmt":"2025-11-22T04:44:12","slug":"castilla-la-mancha-ensalza-el-buen-funcionamiento-del-programa-somos-deporte-que-este-ano-movilizara-mas-de-5-000-000-de-euros-gobierno-de-castilla-la-mancha","status":"publish","type":"post","link":"https:\/\/www.europesays.com\/es\/249219\/","title":{"rendered":"Castilla-La Mancha ensalza el buen funcionamiento del programa \u2018Somos Deporte\u2019, que este a\u00f1o movilizar\u00e1 m\u00e1s de 5.000.000 de euros &#8211; Gobierno de Castilla-La Mancha"},"content":{"rendered":"<ol>\n<li><a href=\"https:\/\/news.google.com\/rss\/articles\/CBMi_gFBVV95cUxNMk1CVXFmS0lGdHhfZzJyT0JDNTExWDdiXzBDdmZaYzFtaXV3VmRHdEFubzVfbExUcmVCY3gtU3hxXzctVFVGWkd1bmJfa0ptdUdaLWRSSWdVOXBnOE5nV3ZfaVc5d19WNE9iY0RpM0Z0VnV2VEU3OW4tdzZFWEUtV09jYm5DeFU1QlNOdXlFM2hlajlVQXlCTFpsNlJRcVJsbkp2WksyQXVDc3VyZDNMaXg4TENJa2Y1aVFtT25VdDdxelVaOVFEVjdtYlB0UktDQzRuay1jcVdvbEZVT0hFYTNNTDFmNW9Sdk91ZWNjMkdTa1Mwb0hORTRFQTM0dw?oc=5\" target=\"_blank\" rel=\"nofollow noopener\">Castilla-La Mancha ensalza el buen funcionamiento del programa \u2018Somos Deporte\u2019, que este a\u00f1o movilizar\u00e1 m\u00e1s de 5.000.000 de euros<\/a>&nbsp;&nbsp;Gobierno de Castilla-La Mancha<\/li>\n<li><a href=\"https:\/\/news.google.com\/rss\/articles\/CBMi4wFBVV95cUxQdXNlUDhJVFd6Q3FmaWRTUFFBdlNOU2xpZFYxWnlId2tjX1l2ZVVtTFZWcjZ1ek9RSzBDSmtXYXEyZGVvSmRmTDFMdmdNNkJSalNMS0d1ekFwQnM5QWJhSVozX0RObTE4OFVJOVJCdHRjSTFVcFViaTZfRW5zVGFra1JTQ1NJOGt6NUt1THdVZDN6VllQNTlkcndpdEZFRXU1Njh3NzZ5a1N1SFozdmlWUWQ5Uy1oNmJ5dW5XSjBhMG1PVk96OTNQdk1LTURjeDdTakpRYWVuY0ZGQk1Sa0t6cWlaQQ?oc=5\" target=\"_blank\" rel=\"nofollow noopener\">Castilla-La Mancha ensalza el buen funcionamiento del programa \u2018Somos Deporte\u2019, que este a\u00f1o movilizar\u00e1 m\u00e1s de 5.000.000 de euros | Educaci\u00f3n Castilla-La Mancha<\/a>&nbsp;&nbsp;Educaci\u00f3n Castilla-La Mancha<\/li>\n<li><a href=\"https:\/\/news.google.com\/rss\/articles\/CBMihwJBVV95cUxNR3VTV2pyQXItQW84WUF3UTAzcmJ1N1RNcDh6dTJaM01nYzNmcnMtLXk5TktoRll5SF9OTjlCUGpQb1NVS3JfOWY5U2g0NUJZUHJZMnMyVGtNeEdGR1FFZ3ZZQlB3cUVJN1ZvaDB0d09NZHVUQU43YlB6T2F3T0JVcl9XVzU3TDJRb1FWNVJ4NmpjUklSRERjX2tKcVBlTmdHM3IxTGdqdXFJNGo2YWhyMlhsY2pPNTZRNUlJcFVSbFBQQTJ4bVNndC1uU0xsZ0lVakVNeFU5LTVRX1BLVjdpQUkyQVEyeU9uU0laeGt1R2xhRXU3cTBGSnNFYnZ6Z202RVVzTmcyc9IBjAJBVV95cUxQcDI5X1VobkZuLWZRa0FNTER6UGwzZGgwNWlQMG53THpBM01RZ2Z3SFh0LXVYVjVhd0ptZV90T3QxWEN6aGRZS3l6bWdQUzFkY3ZvOUxJZkJvWUM2c0lVZ0R0X2lYaU9hdUJmSUxoZ0hRTERtcXhWMnJRUXFKT3RoMFRsampyNEpOZ3c4S2w5MnlEWkdvWFhra0MzU1VhdnVwa3czdmgzZ1BfUG5GMFIwaXVuQkZzMWQ1MmE0MWRUeFhBNDJwRDNjc2s3bXduLVludmRZMVNLMG5kUVFWOWtEd0hMRERsRDJ1YVpYMV9VZFN4VWktOVoxcHNmM1hHZ3lJXy16cVZDVEgtSWIy?oc=5\" target=\"_blank\" rel=\"nofollow noopener\">Las mejores im\u00e1genes que ha dejado la apertura del II Congreso Internacional de Actividad F\u00edsica y Deporte<\/a>&nbsp;&nbsp;El Espa\u00f1ol<\/li>\n<li><a href=\"https:\/\/news.google.com\/rss\/articles\/CBMi5wFBVV95cUxNMEJpbDRPcHRBUS1GeU5vN2FySlg3TUxEeGpMSlhvdml1ZURUeUhQdXd3ZWlHT2h0UGNTU3VWcVdyeWpmeHhLNVRPSVV3SWZFLVBjdUlNTEppN3h5TVBhWVdtRlRHQTVXT2pVbmQ4Zy1PSjFTb28wUGsyYmFkVmU4eG5tWFBabXRVcXp4ZXNKd0duTVlVbVQzOE9lZ3p6VDE1M3hwcVhCNTRTakk0MG1nSVNSOWVydzhHOUlmZWROVjZLLXJrakZ2WGRjN3lHdkNhejlJT3hoRWQwcUlacXd5d1dTdWE0U2s?oc=5\" target=\"_blank\" rel=\"nofollow noopener\">El Gobierno regional fomenta las buenas pr\u00e1cticas en formaci\u00f3n deportiva \u00abcreando redes\u00bb dentro del sector<\/a>&nbsp;&nbsp;ENCLM<\/li>\n<li><a href=\"https:\/\/news.google.com\/rss\/articles\/CBMi1gFBVV95cUxPWkJvVVpVWm5HMFVWRm5mdEJNMUR6SHNMVkpnQUxlVFV4SWNYbHF3Tm9qRGszOXI2aEFUZFVBemVydFRhUHo1X2dTSm5kcVV5YktGQ0pJbmhJNWNMeS11czhSdXJ3ZWVFaWFuYmhMV0N1cVJobzlXb05LNEhlMEF0bERQNHI5aEk4WFRaWHJnSWw1c0xLZkN4VFRmNHA5SGpKcF9mUFpOUzM1eS1UY2tQU3doRENKQ0phdWo1MXhzd3gtbHdiTUhya0pUOVNnZzYtY200elJn?oc=5\" target=\"_blank\" rel=\"nofollow noopener\">Los deportes alternativos, protagonistas en el Congreso de la Actividad F\u00edsica en Alc\u00e1zar<\/a>&nbsp;&nbsp;La Tribuna de Ciudad Real<\/li>\n<\/ol>\n","protected":false},"excerpt":{"rendered":"Castilla-La Mancha ensalza el buen funcionamiento del programa \u2018Somos Deporte\u2019, que este a\u00f1o movilizar\u00e1 m\u00e1s de 5.000.000 de&hellip;\n","protected":false},"author":2,"featured_media":248356,"comment_status":"","ping_status":"","sticky":false,"template":"","format":"standard","meta":{"footnotes":""},"categories":[5],"tags":[17,18,25,24,13,14,11,19,20,9,10,15,16,23,12,21,22],"class_list":{"0":"post-249219","1":"post","2":"type-post","3":"status-publish","4":"format-standard","5":"has-post-thumbnail","7":"category-titulares","8":"tag-breaking-news","9":"tag-breakingnews","10":"tag-es","11":"tag-espana","12":"tag-featured-news","13":"tag-featurednews","14":"tag-headlines","15":"tag-latest-news","16":"tag-latestnews","17":"tag-news","18":"tag-noticias","19":"tag-noticias-destacadas","20":"tag-noticiasdestacadas","21":"tag-spain","22":"tag-titulares","23":"tag-ultimas-noticias","24":"tag-ultimasnoticias"},"share_on_mastodon":{"url":"https:\/\/pubeurope.com\/@es\/115591529304924713","error":""},"_links":{"self":[{"href":"https:\/\/www.europesays.com\/es\/wp-json\/wp\/v2\/posts\/249219","targetHints":{"allow":["GET"]}}],"collection":[{"href":"https:\/\/www.europesays.com\/es\/wp-json\/wp\/v2\/posts"}],"about":[{"href":"https:\/\/www.europesays.com\/es\/wp-json\/wp\/v2\/types\/post"}],"author":[{"embeddable":true,"href":"https:\/\/www.europesays.com\/es\/wp-json\/wp\/v2\/users\/2"}],"replies":[{"embeddable":true,"href":"https:\/\/www.europesays.com\/es\/wp-json\/wp\/v2\/comments?post=249219"}],"version-history":[{"count":0,"href":"https:\/\/www.europesays.com\/es\/wp-json\/wp\/v2\/posts\/249219\/revisions"}],"wp:featuredmedia":[{"embeddable":true,"href":"https:\/\/www.europesays.com\/es\/wp-json\/wp\/v2\/media\/248356"}],"wp:attachment":[{"href":"https:\/\/www.europesays.com\/es\/wp-json\/wp\/v2\/media?parent=249219"}],"wp:term":[{"taxonomy":"category","embeddable":true,"href":"https:\/\/www.europesays.com\/es\/wp-json\/wp\/v2\/categories?post=249219"},{"taxonomy":"post_tag","embeddable":true,"href":"https:\/\/www.europesays.com\/es\/wp-json\/wp\/v2\/tags?post=249219"}],"curies":[{"name":"wp","href":"https:\/\/api.w.org\/{rel}","templated":true}]}}