{"id":249220,"date":"2025-11-22T04:52:10","date_gmt":"2025-11-22T04:52:10","guid":{"rendered":"https:\/\/www.europesays.com\/es\/249220\/"},"modified":"2025-11-22T04:52:10","modified_gmt":"2025-11-22T04:52:10","slug":"el-basquet-balear-vive-su-gran-noche","status":"publish","type":"post","link":"https:\/\/www.europesays.com\/es\/249220\/","title":{"rendered":"El b\u00e0squet balear vive su gran noche"},"content":{"rendered":"<p>Risas, buenos momentos, premios, <strong>m\u00fasica y las emociones fueron los ingredientes principales de la primera Gala del B\u00e0squet Balear que ha organizado la Fundaci\u00f3 FEBIB 1935 con la colaboraci\u00f3n de la Federaci\u00f3 de B\u00e0squet de les Illes Balears<\/strong>. Cerca de 200 personas llenaron el Convention Center del Hipotels Playa de Palma Palace para vivir en primera persona este evento tan especial.<\/p>\n<p>Se vivieron momentos muy emotivos, el m\u00e1s especial y el que m\u00e1s aplausos gener\u00f3 fue la entrega del <strong>Premio Extraordinario \u2018Germans Reyn\u00e9s\u2019 a Emma Aparicio<\/strong>, una chica joven que ha tenido que luchar contra el c\u00e1ncer y que <strong>a pesar de ello, nunca ha dejado de lado el <a href=\"https:\/\/www.ultimahora.es\/etiqueta\/baloncesto.html?utm_source=Inline-tag&amp;utm_medium=internal\" rel=\"nofollow noopener\" target=\"_blank\">baloncesto<\/a><\/strong>. Despu\u00e9s de superar esta enfermedad sigue vinculada al deporte de la canasta como oficial de mesa, aunque no fue el \u00fanico gran momento de la noche.<\/p>\n<p>La <strong>presencia de Alba Torrens<\/strong>, galardonada como mejor jugadora balear del a\u00f1o y <strong>Sergi Llull como mejor jugador balear del 2025, o el momento de inaugurar el sal\u00f3n de la fama del baloncesto balear con el Premio Leyenda<\/strong> a diez personas que han marcado huella en el baloncesto, fueron algunos de ellos. Otro de los premiados fue <strong>Fern\u00e1ndo Fern\u00e1ndez, redactor de Ultima Hora,<\/strong> quien recibi\u00f3 la distinci\u00f3n por la difusi\u00f3n del baloncesto a la sociedad.<\/p>\n<p><strong>Helena Pueyo y Adri\u00e1n Torres<\/strong>, quienes no pudieron asistir a la gala, <strong>recibieron el galard\u00f3n a jugador y jugadora con mayor progresi\u00f3n en 2025<\/strong>. <strong>Paula Valenzuela<\/strong> recibi\u00f3 el premio a jugadora con la licencia <a href=\"https:\/\/www.ultimahora.es\/etiqueta\/FBIB.html?utm_source=Inline-tag&amp;utm_medium=internal\" rel=\"nofollow noopener\" target=\"_blank\">FBIB<\/a> tras conseguir el oro en el europeo, mientras que en categor\u00eda masculina, fue entregado a <strong>Xavi Balle por su carrera<\/strong>. Tambi\u00e9n fue <strong>premiado el club decano de las Islas Baleares, el Joventut Mariana. <\/strong><\/p>\n<p>El presidente de la FBIB, <strong><a href=\"https:\/\/www.ultimahora.es\/etiqueta\/Juanjo+Talens.html?utm_source=Inline-tag&amp;utm_medium=internal\" rel=\"nofollow noopener\" target=\"_blank\">Juanjo Talens<\/a><\/strong>, cerr\u00f3 el acto dejando claro que \u00abya estamos trabajando y organiz\u00e1ndolo todo para la Gala del B\u00e0squet Balear 2026\u00bb.<\/p>\n","protected":false},"excerpt":{"rendered":"Risas, buenos momentos, premios, m\u00fasica y las emociones fueron los ingredientes principales de la primera Gala del B\u00e0squet&hellip;\n","protected":false},"author":2,"featured_media":249221,"comment_status":"","ping_status":"","sticky":false,"template":"","format":"standard","meta":{"footnotes":""},"categories":[269],"tags":[299,298,168,25,24,301,832,833,62138,63322,830,831,23,167],"class_list":{"0":"post-249220","1":"post","2":"type-post","3":"status-publish","4":"format-standard","5":"has-post-thumbnail","7":"category-baloncesto","8":"tag-baloncesto","9":"tag-basketball","10":"tag-deportes","11":"tag-es","12":"tag-espana","13":"tag-eurobasket","14":"tag-eurocup","15":"tag-euroliga","16":"tag-fbib","17":"tag-juanjo-talens","18":"tag-leb-oro","19":"tag-liga-acb","20":"tag-spain","21":"tag-sports"},"share_on_mastodon":{"url":"https:\/\/pubeurope.com\/@es\/115591561009771462","error":""},"_links":{"self":[{"href":"https:\/\/www.europesays.com\/es\/wp-json\/wp\/v2\/posts\/249220","targetHints":{"allow":["GET"]}}],"collection":[{"href":"https:\/\/www.europesays.com\/es\/wp-json\/wp\/v2\/posts"}],"about":[{"href":"https:\/\/www.europesays.com\/es\/wp-json\/wp\/v2\/types\/post"}],"author":[{"embeddable":true,"href":"https:\/\/www.europesays.com\/es\/wp-json\/wp\/v2\/users\/2"}],"replies":[{"embeddable":true,"href":"https:\/\/www.europesays.com\/es\/wp-json\/wp\/v2\/comments?post=249220"}],"version-history":[{"count":0,"href":"https:\/\/www.europesays.com\/es\/wp-json\/wp\/v2\/posts\/249220\/revisions"}],"wp:featuredmedia":[{"embeddable":true,"href":"https:\/\/www.europesays.com\/es\/wp-json\/wp\/v2\/media\/249221"}],"wp:attachment":[{"href":"https:\/\/www.europesays.com\/es\/wp-json\/wp\/v2\/media?parent=249220"}],"wp:term":[{"taxonomy":"category","embeddable":true,"href":"https:\/\/www.europesays.com\/es\/wp-json\/wp\/v2\/categories?post=249220"},{"taxonomy":"post_tag","embeddable":true,"href":"https:\/\/www.europesays.com\/es\/wp-json\/wp\/v2\/tags?post=249220"}],"curies":[{"name":"wp","href":"https:\/\/api.w.org\/{rel}","templated":true}]}}