{"id":249245,"date":"2025-11-22T05:22:31","date_gmt":"2025-11-22T05:22:31","guid":{"rendered":"https:\/\/www.europesays.com\/es\/249245\/"},"modified":"2025-11-22T05:22:31","modified_gmt":"2025-11-22T05:22:31","slug":"la-magia-de-harry-potter-regresa-14-anos-despues-para-la-ultima-secuela-fuera-de-los-cines-estoy-feliz-de-estar-aqui-vandal","status":"publish","type":"post","link":"https:\/\/www.europesays.com\/es\/249245\/","title":{"rendered":"La magia de &#039;Harry Potter&#039; regresa 14 a\u00f1os despu\u00e9s para la \u00faltima secuela fuera de los cines: &#039;Estoy feliz de estar aqu\u00ed&#039; &#8211; Vandal"},"content":{"rendered":"<ol>\n<li><a href=\"https:\/\/news.google.com\/rss\/articles\/CBMi9gFBVV95cUxQU0FvcWpMWG56UldrTTZpU3hEaWN5ZFQ5dUlsVWJjQWRzdWlxSDFuVDNjLUoxa3VEZzZQM1pROUkxVEptLVdCR2NQd2ZuOTlIOEUzVGRETUdfU0ZrRHM5SDVXZFFjS2ZpZEJvb2I2Z3MtRlRFR1RrdUJuT3RWX0dNYnQ5RmZ2dDRhWmt6c3R0a1ZPRkdHVHhteHFrQlFPUmtCYTEtWmFERUZMenVxdU1ENXJfeTc1b1ZZYlBFMjJEQUdGTWp2cmthUHhkdUZLN0MxTkNFdkl2NG1ha1VDclhpQWhiZDhKcDc1Skp6VnFZNktxMjVWX1HSAfsBQVVfeXFMT19lRVpDNV9uVDFrenFlNzR1YzVXRnB6YTh5dmxNdElwMm1Ham5jQy10VTl2U0l4aW5tako3MkdiOFZYOEVnTVZnS1dyeVhLVTVBdVBHTTBhWkNaME1UTFNFYWFvYVhsLTBtZzBaaldZREo5NXVqVUVnM2R1R3laZUc5VkF4alF6S09OSTlqQVpDdDc2ejV3SHZraU05SnJvUE5GN08yYkxqZ2hPSV9rdEVsakNrLVNUdHcxTUsyY3NKNmNtSzdaTnNidC1IZ2NySktXU1Q3R25EdFNTYkJvSGpjUzlCUlNISzZwY3dVY3AxdkxoWjd5UEJVbnM?oc=5\" target=\"_blank\" rel=\"nofollow noopener\">La magia de &#8216;Harry Potter&#8217; regresa 14 a\u00f1os despu\u00e9s para la \u00faltima secuela fuera de los cines: &#8216;Estoy feliz de estar aqu\u00ed&#8217;<\/a>&nbsp;&nbsp;Vandal<\/li>\n<li><a href=\"https:\/\/news.google.com\/rss\/articles\/CBMigAJBVV95cUxQZ1dtWGRqdFlvYjFuV0Z5eGRmUXFfcjVLMExNTklpQTFtSVo2N3JRQ1Utams4SlcxRG94UjJicnZocWlubzdrUzM5UE1LR25mdGRKY3AtWkI5c29leDA3UzZVNEZBcmhJWEhiSGduNHctYUpxejFzblBBQ2ZwLVN1M0lYMlZvTl9iekdsMzB1SzRIdXVVLWgzN0JEWFB6bUI0dW5SVkhUckl5ZjdNZEN6RnNrWnJuMExBeDlEckRmMU0yS1cxRFdrTjVfdmU3Ri1rdmNrYWJJeFhmNmd0M2RXajBWUzFCMFBQdFNGb0lNaFBJaG9mMUhPYW9jMkt1Z3hC?oc=5\" target=\"_blank\" rel=\"nofollow noopener\">Tom Felton ha vuelto a interpretar a Draco Malfoy en \u2018Harry Potter\u2019 y se ha reencontrado con su padre de la fi<\/a>&nbsp;&nbsp;Diario AS<\/li>\n<li><a href=\"https:\/\/news.google.com\/rss\/articles\/CBMi3AFBVV95cUxQM1ducWZKWFhRR0NMSHd3UUplRVJlWDQweGZhMVpuM2NQczhRZ3dLX0d5enBIbHIzb253eTV2Z2dpNmNvd3ZHLTE0N2phQWFuUGxaSU5GOGJXTXU0RmxQNjE2U2ZMWUhQTDlDbGtMbVMyd3hxM3BaSlZKS2pDSG9hMUpkWHJxMXZKY2N4ZjZqajZtVDcxMVdfM1NMMWZ0TWlMbE05TGdHaTNGbVRzaTh2ejAtRE04eHpmZTRjOHg4b0xPcktsVjcxNU8xUWJudnQzTzdxaHBVRmhPZWZJ0gHcAUFVX3lxTE51c096ZU9yZFRTMzUtdm1VTW9qVjJTUmxkSE4ySnNaUF9tTHVPOWZ5ckRMNVpCRmt3TFk2OUxRZE1PMWp5Y1NndFh4alFOYndXRmgwVjAxVlhoeWJjMGZIV0xoRnFNMG5paFdJSTJxX2NSbEtfWDlhcmp2MWtTWE1rQXFQbV9wbXV0amVKdGo2QXZiR2YtbUtEQ1lDMEFYbFNsUFB2dmstekNzcVp1NjF6ZzJqVldka1Q1ZUJ5aWRoRDF2NzQzZTFZcWdrV0tqcm5wXzJCWWJwdE9HTi0?oc=5\" target=\"_blank\" rel=\"nofollow noopener\">Lucius Malfoy visita a su hijo Draco en la obra de teatro \u2018Harry Potter y el legado maldito\u2019: \u201cGracias por venir, pap\u00e1\u201d<\/a>&nbsp;&nbsp;MARCA<\/li>\n<li><a href=\"https:\/\/news.google.com\/rss\/articles\/CBMimgFBVV95cUxNc211SERCb2tyX1ZDMW1KR0RpQXhhdlNjanpqdGlodm01V2drc2thNi1DLW1fR1Z4cmJIckFUTmdiNWlUMlBNRHh3NzBoWW9JWG5xRUN2Nm1fenktZnRmMUN2d2lXU05CWW5EX09MQS03MDBoNWY3U1FMd3gtWnNobk9ONzZmd0xaR0t0Vmt1VlV6OXlxa1dJTzRB?oc=5\" target=\"_blank\" rel=\"nofollow noopener\">Reuni\u00f3n Malfoy: As\u00ed ha sido el reencuentro entre Tom Felton y Jason Isaacs (&#8216;Harry Potter&#8217;) en Broadway<\/a>&nbsp;&nbsp;eCartelera<\/li>\n<li><a href=\"https:\/\/news.google.com\/rss\/articles\/CBMi4wFBVV95cUxPLUtqMkNjUmxfbTNDVzg5U01DSXhfTFNMbS01UzRBS215NFhMSzI4WWFwU1Q5Y2dlazJnVnZmczdVTUM0UWNPQWthTGdxbHMxekYxalhxN0Y0aTlBZ1NQMnJZRjA2QVczVXAwYUI2WUNZcXMxWGFqOV9ueW92SUFVRnFxWDVvWHhUeE53cVRFZVo2SEFsWXo4N3VQRGZOR2NnSzVIS0FyTlBnZHJlMURQdWMxQmE5U1Q0M3RsM2I1RXd2RWV4VlBKaUV1NGU3aC1FX1NlYk1SMEt5Mkw2eHBhVWNDYw?oc=5\" target=\"_blank\" rel=\"nofollow noopener\">TOM FELTON REGRESA AL MUNDO M\u00c1GICO: DEBUTA EN BROADWAY COMO DRACO MALFOY ADULTO EN \u201cHARRY POTTER AND THE CURSED CHILD\u201d<\/a>&nbsp;&nbsp;Revista Q<\/li>\n<\/ol>\n","protected":false},"excerpt":{"rendered":"La magia de &#8216;Harry Potter&#8217; regresa 14 a\u00f1os despu\u00e9s para la \u00faltima secuela fuera de los cines: &#8216;Estoy&hellip;\n","protected":false},"author":2,"featured_media":249246,"comment_status":"","ping_status":"","sticky":false,"template":"","format":"standard","meta":{"footnotes":""},"categories":[169],"tags":[177,146,147,25,24,2065,176,175,23],"class_list":{"0":"post-249245","1":"post","2":"type-post","3":"status-publish","4":"format-standard","5":"has-post-thumbnail","7":"category-cine","8":"tag-cine","9":"tag-entertainment","10":"tag-entretenimiento","11":"tag-es","12":"tag-espana","13":"tag-faltan-tags","14":"tag-film","15":"tag-movies","16":"tag-spain"},"share_on_mastodon":{"url":"https:\/\/pubeurope.com\/@es\/115591678950971252","error":""},"_links":{"self":[{"href":"https:\/\/www.europesays.com\/es\/wp-json\/wp\/v2\/posts\/249245","targetHints":{"allow":["GET"]}}],"collection":[{"href":"https:\/\/www.europesays.com\/es\/wp-json\/wp\/v2\/posts"}],"about":[{"href":"https:\/\/www.europesays.com\/es\/wp-json\/wp\/v2\/types\/post"}],"author":[{"embeddable":true,"href":"https:\/\/www.europesays.com\/es\/wp-json\/wp\/v2\/users\/2"}],"replies":[{"embeddable":true,"href":"https:\/\/www.europesays.com\/es\/wp-json\/wp\/v2\/comments?post=249245"}],"version-history":[{"count":0,"href":"https:\/\/www.europesays.com\/es\/wp-json\/wp\/v2\/posts\/249245\/revisions"}],"wp:featuredmedia":[{"embeddable":true,"href":"https:\/\/www.europesays.com\/es\/wp-json\/wp\/v2\/media\/249246"}],"wp:attachment":[{"href":"https:\/\/www.europesays.com\/es\/wp-json\/wp\/v2\/media?parent=249245"}],"wp:term":[{"taxonomy":"category","embeddable":true,"href":"https:\/\/www.europesays.com\/es\/wp-json\/wp\/v2\/categories?post=249245"},{"taxonomy":"post_tag","embeddable":true,"href":"https:\/\/www.europesays.com\/es\/wp-json\/wp\/v2\/tags?post=249245"}],"curies":[{"name":"wp","href":"https:\/\/api.w.org\/{rel}","templated":true}]}}