{"id":249301,"date":"2025-11-22T06:29:17","date_gmt":"2025-11-22T06:29:17","guid":{"rendered":"https:\/\/www.europesays.com\/es\/249301\/"},"modified":"2025-11-22T06:29:17","modified_gmt":"2025-11-22T06:29:17","slug":"compromis-propone-que-las-obras-de-sorolla-vayan-al-museo-de-bellas-artes-y-convertir-el-edificio-de-correos-en-una-biblioteca-publica","status":"publish","type":"post","link":"https:\/\/www.europesays.com\/es\/249301\/","title":{"rendered":"Comprom\u00eds propone que las obras de Sorolla vayan al Museo de Bellas Artes y convertir el edificio de Correos en una biblioteca p\u00fablica"},"content":{"rendered":"<p class=\"ft-text ft-helper-closenews\">Las reacciones al bloqueo de la rehabilitaci\u00f3n del<strong>\u00a0<\/strong><a href=\"https:\/\/www.levante-emv.com\/cultura\/2025\/05\/08\/llegada-sorolla-obligara-intervenir-palacio-117131544.html\" class=\"ft-link ft-link--decoration\" rel=\"nofollow noopener\" target=\"_blank\">Palacio de las Comunicaciones de Val\u00e8ncia<\/a>\u00a0para convertirlo en el<strong> futuro Museo Sorolla<\/strong> no se han hecho esperar. <a class=\"ft-link ft-link--decoration\" href=\"https:\/\/www.levante-emv.com\/cultura\/2025\/11\/21\/arquitectos-valencianos-frenan-proyecto-museo-123948789.html\" target=\"_blank\" rel=\"nofollow noopener\">Tal como public\u00f3 este diario ayer,<\/a> un recurso presentado por el <strong>Colegio de Arquitectos de la Comunitat Valenciana<\/strong> al proceso de licitaci\u00f3n para transformar el antiguo edificio de Correos en un centro expositivo ha bloqueado temporalmente la obra que buscaba acoger las piezas de la <strong>Hispanic Society of America<\/strong> durante diez a\u00f1os.<\/p>\n<p class=\"ft-text\">De ah\u00ed que <a class=\"ft-link ft-link--decoration\" href=\"https:\/\/www.levante-emv.com\/tags\/compromis\/\" target=\"_blank\" rel=\"nofollow noopener\">Comprom\u00eds <\/a>en el Ayuntamiento de Val\u00e8ncia haya emplazado a la Generalitat y al consistorio a repensar este proyecto: proponen que las obras apalabradas en un convenio ya firmado entre la instituci\u00f3n americana y la valenciana se expongan en el<a class=\"ft-link ft-link--decoration\" href=\"https:\/\/museobellasartesvalencia.gva.es\/\" target=\"_blank\" rel=\"nofollow noopener\"> Museo de Bellas Artes de Val\u00e8ncia<\/a>, \u00abque es la segunda pinacoteca de Espa\u00f1a, un lugar cultural de referencia indiscutible y plenamente preparado para acoger estas obras de forma segura y no poner en riesgo este patrimonio universal ni gastar m\u00e1s de 17 millones de euros\u00bb.<\/p>\n<p class=\"ft-text\">As\u00ed lo explica el concejal del partido, <strong>Pere Fuse<\/strong>t, quien tilda la rehabilitaci\u00f3n del Palacio de las Comunicaciones como el \u00abcapricho de Maz\u00f3n y Catal\u00e1\u00bb de hacer una exposici\u00f3n temporal en este emblem\u00e1tico edificio, algo que \u00abnos cost\u00f3 muy caro\u00bb, en alusi\u00f3n a esos<strong> 17 millones de euros<\/strong> que tendr\u00e1n que pagar los ciudadanos por acoger esta exposici\u00f3n. De ah\u00ed que el recurso del Colegio de Arquitectos de la Comunitat Valenciana sea \u00abuna oportunidad para replantear el proyecto\u00bb.<\/p>\n<p><img decoding=\"async\" src=\"https:\/\/www.europesays.com\/es\/wp-content\/uploads\/2025\/11\/ab713b63-f874-4c28-8e4b-d94198fbc02a_alta-libre-aspect-ratio_default_0.jpg\" width=\"1200\" height=\"800\" alt=\"Interior del Palacio de las Comunicaciones de Val\u00e8ncia.\" class=\"ft-helper-img-rd\" loading=\"lazy\"\/><\/p>\n<p class=\"ft-helper-fontColor-quaternary ft-helper-fontSize-body-S ft-helper-spacer-t-xxs\">Interior del Palacio de las Comunicaciones de Val\u00e8ncia.  \/ L-EMV<\/p>\n<p class=\"ft-text\">El Tribunal Administrativo Central de Recursos Contractuales (TACRC) suspendi\u00f3 el jueves de manera cautelar la licitaci\u00f3n de la redacci\u00f3n del proyecto que transformaba el edificio modernista en un centro expositivo para <a href=\"https:\/\/www.levante-emv.com\/tags\/sorolla\/\" class=\"ft-link ft-link--decoration\" rel=\"nofollow noopener\" target=\"_blank\">Joaqu\u00edn Sorolla<\/a>. La notificaci\u00f3n que obligaba a frenar es proceso<strong> lleg\u00f3 en la primera reuni\u00f3n de la mesa de contrataci\u00f3n<\/strong> para la licitaci\u00f3n del proyecto, donde se hab\u00edan presentado dos candidatos en sendas Uniones Temporales de Empresas (UTE). Por un lado, el despacho <strong>ERRE Arquitectura y, por otro, Green Geometries Architects. <\/strong><\/p>\n<p class=\"ft-text\">Aprovechando esta coyuntura, Fuset tambi\u00e9n ha propuesto transformar el Palacio de las Comunicaciones en una gran biblioteca p\u00fablica con salas de estudio, despachos para j\u00f3venes y espacios que llenen el edificio de vida ciudadana \u00aby no solo de turismo\u00bb. \u00abEsta alternativa permitir\u00eda dar un uso social, cultural y permanente en el emblem\u00e1tico edificio\u00bb, situado en pleno coraz\u00f3n de Val\u00e8ncia, al tiempo que se garantizar\u00eda que las obras del pintor valenciano \u00abse preservan y se exponen en un espacio adecuado y consolidado\u00bb.<\/p>\n<p class=\"ft-text\">Comprom\u00eds recuerda que ya present\u00f3 una moci\u00f3n con esta propuesta al equipo de gobierno de Catal\u00e1<strong> que fue rechazada con los votos de PP y VOX<\/strong>. \u201cCatal\u00e1 nos vendi\u00f3 la moto sobre un gran museo fallero que acab\u00f3 descartando, y la paralizaci\u00f3n de la exposici\u00f3n temporal tiene una \u00faltima oportunidad para defender los intereses de la ciudad y rectificar un gasto desmesurado por alternativas sostenibles, permanentes y pensadas para el vecindario\u201d ha concluido Fuset.<\/p>\n<p>Proceso paralizado<\/p>\n<p class=\"ft-text\">La mesa de contrataci\u00f3n de ayer qued\u00f3 suspendida a la espera de resolver el recurso presentado por el <a class=\"ft-link ft-link--decoration\" href=\"https:\/\/www.coacv.org\/\" target=\"_blank\" rel=\"nofollow noopener\">Colegio de Arquitectos<\/a>, que consideran <strong>\u00abdesproporcionado e injusto\u00bb<\/strong> que en el concurso punt\u00fae m\u00e1s la reducci\u00f3n de plazos por encima de la calidad arquitect\u00f3nica de la rehabilitaci\u00f3n propuesta.<\/p>\n<p class=\"ft-text\">Solo la redacci\u00f3n del proyecto tiene un coste de dos millones de euros, a los que se suman los<strong> 17,1 millones de la propia obra de rehabilitaci\u00f3n<\/strong>. La idea era comenzar pronto estos trabajos y que el centro expositivo comenzara a <strong>funcionar a finales de 2026<\/strong>, pero la paralizaci\u00f3n de este tr\u00e1mite administrativo podr\u00eda retrasar esta apertura a 2027, sobre todo si el tribunal estima finalmente las alegaciones presentadas por los arquitectos y fuerza a modificar las cl\u00e1usulas del contrato, lo que obligar\u00eda a reiniciar el proceso.<\/p>\n<p data-close=\"closedContent\" class=\"subscribeHideForDisplay\">Suscr\u00edbete para seguir leyendo<\/p>\n","protected":false},"excerpt":{"rendered":"Las reacciones al bloqueo de la rehabilitaci\u00f3n del\u00a0Palacio de las Comunicaciones de Val\u00e8ncia\u00a0para convertirlo en el futuro Museo&hellip;\n","protected":false},"author":2,"featured_media":249302,"comment_status":"","ping_status":"","sticky":false,"template":"","format":"standard","meta":{"footnotes":""},"categories":[173],"tags":[229,233,231,230,12191,12189,26971,209,232,234,63337,146,147,25,24,63336,236,707,470,38648,41080,3873,474,918,471,23],"class_list":{"0":"post-249301","1":"post","2":"type-post","3":"status-publish","4":"format-standard","5":"has-post-thumbnail","7":"category-arte-y-diseno","8":"tag-arte","9":"tag-arte-y-diseno","10":"tag-arts","11":"tag-arts-and-design","12":"tag-compromis","13":"tag-comunitat-valenciana","14":"tag-correos","15":"tag-cultura","16":"tag-design","17":"tag-diseno","18":"tag-edificio-correos","19":"tag-entertainment","20":"tag-entretenimiento","21":"tag-es","22":"tag-espana","23":"tag-exponer","24":"tag-joaquin-sorolla","25":"tag-levante-emv","26":"tag-museo","27":"tag-museo-bellas-artes","28":"tag-museo-de-bellas-artes","29":"tag-museos","30":"tag-obras","31":"tag-propone","32":"tag-sorolla","33":"tag-spain"},"share_on_mastodon":{"url":"https:\/\/pubeurope.com\/@es\/115591942669180789","error":""},"_links":{"self":[{"href":"https:\/\/www.europesays.com\/es\/wp-json\/wp\/v2\/posts\/249301","targetHints":{"allow":["GET"]}}],"collection":[{"href":"https:\/\/www.europesays.com\/es\/wp-json\/wp\/v2\/posts"}],"about":[{"href":"https:\/\/www.europesays.com\/es\/wp-json\/wp\/v2\/types\/post"}],"author":[{"embeddable":true,"href":"https:\/\/www.europesays.com\/es\/wp-json\/wp\/v2\/users\/2"}],"replies":[{"embeddable":true,"href":"https:\/\/www.europesays.com\/es\/wp-json\/wp\/v2\/comments?post=249301"}],"version-history":[{"count":0,"href":"https:\/\/www.europesays.com\/es\/wp-json\/wp\/v2\/posts\/249301\/revisions"}],"wp:featuredmedia":[{"embeddable":true,"href":"https:\/\/www.europesays.com\/es\/wp-json\/wp\/v2\/media\/249302"}],"wp:attachment":[{"href":"https:\/\/www.europesays.com\/es\/wp-json\/wp\/v2\/media?parent=249301"}],"wp:term":[{"taxonomy":"category","embeddable":true,"href":"https:\/\/www.europesays.com\/es\/wp-json\/wp\/v2\/categories?post=249301"},{"taxonomy":"post_tag","embeddable":true,"href":"https:\/\/www.europesays.com\/es\/wp-json\/wp\/v2\/tags?post=249301"}],"curies":[{"name":"wp","href":"https:\/\/api.w.org\/{rel}","templated":true}]}}