{"id":249315,"date":"2025-11-22T06:40:11","date_gmt":"2025-11-22T06:40:11","guid":{"rendered":"https:\/\/www.europesays.com\/es\/249315\/"},"modified":"2025-11-22T06:40:11","modified_gmt":"2025-11-22T06:40:11","slug":"dos-muertos-en-el-derrumbe-en-una-mina-de-cangas-del-narcea","status":"publish","type":"post","link":"https:\/\/www.europesays.com\/es\/249315\/","title":{"rendered":"dos\u00a0muertos en el derrumbe en una mina de Cangas del Narcea"},"content":{"rendered":"<p>\t\t\t\t\t\tEl accidente se produjo en el nivel -2 de una explotaci\u00f3n minera subterr\u00e1nea situada en la zona de Vega de Rengos, a un kil\u00f3metro y medio de la entrada y por \u00abun hundimiento del terreno\u00bb<br \/>\n\t\t\t\t\t\t<strong>22 nov 2025<\/strong> . Actualizado a las 00:10 h.\t\t\t\t\t\t<\/p>\n<p class=\"first-paragraph txt\"><strong>Dos trabajadores han fallecido<\/strong> este viernes en un accidente registrado en el interior de una <strong>mina subterr\u00e1nea de Cangas del Narcea, en el suroccidente asturiano<\/strong>, por un desprendimiento de materiales, ocho meses despu\u00e9s de que otros cinco mineros perdieran la vida en Cerredo por una explosi\u00f3n de gas gris\u00fa.<\/p>\n<p class=\"txt\">El accidente, del que se dio aviso a las 16:58 horas, se produjo en <strong>el nivel -2 de una explotaci\u00f3n minera subterr\u00e1nea situada en la zona de Vega de Rengos<\/strong>, a un kil\u00f3metro y medio de la entrada y por \u00abun hundimiento del terreno\u00bb, seg\u00fan fueron detallando fuentes del Gobierno asturiano, del 112, de la Guardia Civil y de la Delegaci\u00f3n del Gobierno.<\/p>\n<p style=\"text-align: center;\"><a class=\"btn btn-brand sz-t-xs no_brd\" style=\"border: 0px !important;\" href=\"https:\/\/whatsapp.com\/channel\/0029VaCiM78I1rcipd3pjs1V\" rel=\"nofollow noopener\" target=\"_blank\"> \u00danete a nuestro canal de WhatsApp <\/a><\/p>\n<p class=\"txt\">Al lugar del accidente, situado a m\u00e1s de cien kil\u00f3metros de\u00a0Oviedo\u00a0en el suroccidente asturiano, se desplazaron de inmediato los Bomberos del Servicio de Emergencias del Principado de Asturias (SEPA) a bordo de un helic\u00f3ptero medicalizado y la Brigada de Salvamento Minero de Hunosa en otro helic\u00f3ptero multifunci\u00f3n, as\u00ed como agentes de la Guardia Civil y personal m\u00e9dico.<\/p>\n<p class=\"txt\">Los equipos de emergencia que se adentraron en el interior de la explotaci\u00f3n, gestionada por la empresa <strong>TYC Narcea<\/strong>, no tardaron en encontrar los cuerpos de los trabajadores, cuyo fallecimiento fue certificado por los servicios m\u00e9dicos.<\/p>\n<p class=\"txt\">&#13;<br \/>\n\t\t&#13;<br \/>\n\t\t\t&#13;<br \/>\n\t\t&#13;<br \/>\n\t\t&#13;<br \/>\n\t\t&#13;<br \/>\n\t\t\t\t\t\t\t\t\t\t\t\t&#13;<br \/>\n\t\t\t\t\t\t\t\t&#13;<br \/>\n&#13;<br \/>\n&#13;<\/p>\n<p>\t\t\t&#13;<br \/>\n\t&#13;<\/p>\n<p>\t\t\t<a href=\"https:\/\/www.lavozdeasturias.es\/noticia\/asturias\/2025\/11\/21\/mina-cangas-narcea-inspeccionada-varias-veces-ultima-jueves\/00031763765943247492575.htm\" data-analytics=\"link-embed\" rel=\"nofollow noopener\" target=\"_blank\">La mina de Cangas del Narcea fue inspeccionada varias veces, la \u00faltima este jueves<\/a><\/p>\n<p class=\"a-min-author\">La Voz<\/p>\n<p>\t&#13;<br \/>\n\t&#13;<br \/>\n&#13;<br \/>\n\t\t\t\t&#13;<br \/>\n\t\t\t\t&#13;<br \/>\n\t&#13;<br \/>\n\t\t\t&#13;<br \/>\n\t\t\t&#13;<br \/>\n\t\t&#13;\n<\/p>\n<p class=\"txt\">En declaraciones a los medios, la <strong>delegada del Gobierno en Asturias, Adriana Lastra,<\/strong>\u00a0inform\u00f3\u00a0de que se\u00a0encontr\u00f3 el cuerpo sin vida del segundo de los trabajadores de la mina desaparecidos tras el derrumbe de la misma, que es <strong>vecino de Cangas del Narcea.<\/strong> Horas antes, el presidente de Asturias, Adri\u00e1n Barb\u00f3n, anunci\u00f3 que se hab\u00eda encontrado una primera persona, que en este caso es vecino de Villalbino (Le\u00f3n).<\/p>\n<p class=\"txt\">\u00abSe ha certificado el fallecimiento de \u00d3scar, vecino de Cangas del Narcea, y est\u00e1 la Brigada de Salvamento Minero junto con bomberos de Asturias y tambi\u00e9n otros efectivos de la propia mina intentando rescatar el cuerpo de Nilsson, que ahora mismo est\u00e1 desaparecido\u00bb, ha proseguido en su explicaci\u00f3n Lastra,\u00a0que asegur\u00f3 que los servicios de emergencia siguen en la b\u00fasqueda de la tercera persona, a\u00fan desaparecida.<\/p>\n<p>\t\t \t\t\tLa entrada de la mina\u00a0Vega de Rengos en Cangas del Narcea <strong class=\"pd-l\">tpa  <\/strong><\/p>\n<p class=\"ladillo\">Ocho meses despu\u00e9s de Cerredo<\/p>\n<p class=\"txt\">Este accidente minero, del que se tendr\u00e1n que investigar las causas, se ha producido despu\u00e9s de que <strong>el pasado 31 de marzo perdieran la vida cinco mineros leoneses<\/strong> por una explosi\u00f3n de gas gris\u00fa en una mina de Cerredo, en el concejo de Dega\u00f1a, tambi\u00e9n en el suroccidente asturiano.<\/p>\n<p class=\"txt\">Este nuevo siniestro se ha producido en la explotaci\u00f3n<strong> gestionada desde hace cinco a\u00f1os por la empresa TYC Narcea<\/strong>, cuya licencia fue suspendida temporalmente por el Principado tras el accidente de la mina de Cerredo para comprobar que su actividad se ajustaba a la licencia concedida para un proyecto de investigaci\u00f3n.<\/p>\n<p class=\"txt\">Tras las pertinentes comprobaciones, el Principado levant\u00f3 la suspensi\u00f3n por lo que la mina, en la que <strong>trabajan unos 70 mineros<\/strong> para la extracci\u00f3n de antracita de alta calidad para usos sider\u00fargicos, pudo volver a la actividad.<\/p>\n<p class=\"ladillo\">Reacciones<\/p>\n<p class=\"txt\">Nada m\u00e1s tener conocimiento del siniestro, el presidente del Principado, Adri\u00e1n Barb\u00f3n, decidi\u00f3 regresar a Asturias desde Salamanca, donde por la tarde ten\u00eda previsto participar en un acto del PSOE.<\/p>\n<blockquote class=\"twitter-tweet\">\n<p lang=\"es\" dir=\"ltr\">A diez minutos de llegar a la mina. Con el coraz\u00c3\u00b3n lleno de ansiedad e intentando llegar lo antes posible de mi viaje desde Salamanca.<\/p>\n<p>Hay momentos -y a m\u00c3\u00ad me han tocado vivir algunos muy duros, os lo aseguro, empezando por la pandemia- en los que la Presidencia es una pesada\u00e2\u0080\u00a6 <a href=\"https:\/\/t.co\/zjQnNIauhZ\" rel=\"nofollow\">pic.twitter.com\/zjQnNIauhZ<\/a><\/p>\n<p>\u2014 \u00f0\u009f\u008c\u00b9 Adri\u00c3\u00a1n Barb\u00c3\u00b3n \u00f0\u009f\u0092\u0099\u00f0\u009f\u0092\u009b (@AdrianBarbon) <a href=\"https:\/\/twitter.com\/AdrianBarbon\/status\/1991982057774260674?ref_src=twsrc%5Etfw\" rel=\"nofollow noopener\" target=\"_blank\">November 21, 2025<\/a><\/p><\/blockquote>\n<p class=\"txt\">\u00abCon enorme preocupaci\u00f3n sigo este accidente, a la espera de recibir m\u00e1s informaci\u00f3n\u00bb, expresaba Barb\u00f3n en su perfil oficial en las redes sociales, antes de conocer la muerte de los trabajadores.<\/p>\n<p class=\"txt\">Barb\u00f3n, que por la ma\u00f1ana hab\u00eda asistido en Madrid al acto de imposici\u00f3n de<strong> Tois\u00f3n de Oro por parte del rey Felipe<\/strong> y que por la tarde participaba en Salamanca en un acto de partido organizado por el PSOE de Castilla y Le\u00f3n, resaltaba que los consejeros de Ciencia, Industria y Empleo, Borja S\u00e1nchez, y de Movilidad, Medio Ambiente y Gesti\u00f3n de Emergencias, Alejandro Calvo, le estaban \u00abinformando puntualmente\u00bb.<\/p>\n<p class=\"txt\">Ya cuando tuvo conocimiento del primero de los fallecidos, Barb\u00f3n expres\u00f3 su \u00abdolor\u00bb y \u00abdesesperaci\u00f3n\u00bb por el fatal desenlace.<\/p>\n<p class=\"txt\">Al lugar del accidente se desplazaron tambi\u00e9n la vicepresidenta del Principado, <strong>Gimena Llamedo<\/strong>, y el director general de Energ\u00eda y Miner\u00eda del Gobierno auton\u00f3mico, <strong>Javier Cueli.\u00a0<\/strong>Barb\u00f3n tuvo conocimiento del accidente cuando se encontraba a punto de participar en Salamanca en un acto del PSOE de Castilla y Le\u00f3n, donde se excus\u00f3 para desplazarse a Cangas de Narcea.<\/p>\n<p class=\"txt\">La ministra de Igualdad, <strong>Ana Redondo<\/strong>, encargada de moderar la mesa en la que iba a participar Barb\u00f3n destac\u00f3 que \u00abcomo servidor p\u00fablico\u00bb dej\u00f3 claro que \u00abla prioridad son los ciudadanos y las personas que lo est\u00e1n pasando mal\u00bb.<\/p>\n<p class=\"txt\">Tras enviar un abrazo del Gobierno de Espa\u00f1a al Principado de Asturias y a las familias de los mineros afectados, Redondo confiaba en que el accidente se resolviera \u00abcon prontitud\u00bb y con las vidas de los trabajadores \u00aba salvo\u00bb.<\/p>\n<p class=\"txt\">\u00abSomos servidores p\u00fablicos, llevamos en la sangre el servicio p\u00fablico, priorizando a los ciudadanos que peor lo est\u00e1n pasando\u00bb, remarc\u00f3 la ministra entre aplausos de los asistentes.<\/p>\n<p class=\"txt\">Por su parte, la vicepresidenta segunda del Gobierno y ministra de Trabajo y Econom\u00eda Social, <strong>Yolanda D\u00edaz<\/strong>, tambi\u00e9n manifestaba en su perfil en las redes sociales que \u00abQuiero mandar todo mi apoyo y cari\u00f1o a las familias, amistades y compa\u00f1eros de los dos mineros muertos en la mina de Cangas de Narcea.\u00a0Se debe investigar todo lo ocurrido. Nadie deber\u00eda perder la vida en el trabajo, informa Efe.\u00a0<\/p>\n<p>&#13;<br \/>\n\tArchivado en:&#13;<br \/>\n\t\t\t\t\t<a href=\"https:\/\/www.lavozdeasturias.es\/temas\/personas-desaparecidas\/\" target=\"_blank\" class=\"mg-l\" rel=\"nofollow noopener\">Personas desaparecidas<\/a>&#13;<br \/>\n\t\t\t\t\t<a href=\"https:\/\/www.lavozdeasturias.es\/temas\/guardia-civil\/\" target=\"_blank\" class=\"mg-l\" rel=\"nofollow noopener\">Guardia Civil<\/a>&#13;<br \/>\n\t\t\t\t\t<a href=\"https:\/\/www.lavozdeasturias.es\/temas\/oviedo\/\" target=\"_blank\" class=\"mg-l\" rel=\"nofollow noopener\">Oviedo<\/a>&#13;<br \/>\n\t&#13;<\/p>\n<p>\t\t\t\t<script async src=\"https:\/\/platform.twitter.com\/widgets.js\" charset=\"utf-8\"><\/script><\/p>\n","protected":false},"excerpt":{"rendered":"El accidente se produjo en el nivel -2 de una explotaci\u00f3n minera subterr\u00e1nea situada en la zona de&hellip;\n","protected":false},"author":2,"featured_media":249316,"comment_status":"","ping_status":"","sticky":false,"template":"","format":"standard","meta":{"footnotes":""},"categories":[8],"tags":[17,18,25,24,13,14,1160,11,19,20,9,10,15,16,1796,22489,23,12,21,22],"class_list":{"0":"post-249315","1":"post","2":"type-post","3":"status-publish","4":"format-standard","5":"has-post-thumbnail","7":"category-espana","8":"tag-breaking-news","9":"tag-breakingnews","10":"tag-es","11":"tag-espana","12":"tag-featured-news","13":"tag-featurednews","14":"tag-guardia-civil","15":"tag-headlines","16":"tag-latest-news","17":"tag-latestnews","18":"tag-news","19":"tag-noticias","20":"tag-noticias-destacadas","21":"tag-noticiasdestacadas","22":"tag-oviedo","23":"tag-personas-desaparecidas","24":"tag-spain","25":"tag-titulares","26":"tag-ultimas-noticias","27":"tag-ultimasnoticias"},"share_on_mastodon":{"url":"https:\/\/pubeurope.com\/@es\/115591985554870274","error":""},"_links":{"self":[{"href":"https:\/\/www.europesays.com\/es\/wp-json\/wp\/v2\/posts\/249315","targetHints":{"allow":["GET"]}}],"collection":[{"href":"https:\/\/www.europesays.com\/es\/wp-json\/wp\/v2\/posts"}],"about":[{"href":"https:\/\/www.europesays.com\/es\/wp-json\/wp\/v2\/types\/post"}],"author":[{"embeddable":true,"href":"https:\/\/www.europesays.com\/es\/wp-json\/wp\/v2\/users\/2"}],"replies":[{"embeddable":true,"href":"https:\/\/www.europesays.com\/es\/wp-json\/wp\/v2\/comments?post=249315"}],"version-history":[{"count":0,"href":"https:\/\/www.europesays.com\/es\/wp-json\/wp\/v2\/posts\/249315\/revisions"}],"wp:featuredmedia":[{"embeddable":true,"href":"https:\/\/www.europesays.com\/es\/wp-json\/wp\/v2\/media\/249316"}],"wp:attachment":[{"href":"https:\/\/www.europesays.com\/es\/wp-json\/wp\/v2\/media?parent=249315"}],"wp:term":[{"taxonomy":"category","embeddable":true,"href":"https:\/\/www.europesays.com\/es\/wp-json\/wp\/v2\/categories?post=249315"},{"taxonomy":"post_tag","embeddable":true,"href":"https:\/\/www.europesays.com\/es\/wp-json\/wp\/v2\/tags?post=249315"}],"curies":[{"name":"wp","href":"https:\/\/api.w.org\/{rel}","templated":true}]}}