{"id":249317,"date":"2025-11-22T06:41:56","date_gmt":"2025-11-22T06:41:56","guid":{"rendered":"https:\/\/www.europesays.com\/es\/249317\/"},"modified":"2025-11-22T06:41:56","modified_gmt":"2025-11-22T06:41:56","slug":"laliga-genuine-moeve-inicia-temporada-con-50-equipos","status":"publish","type":"post","link":"https:\/\/www.europesays.com\/es\/249317\/","title":{"rendered":"LALIGA Genuine Moeve inicia temporada con 50 equipos"},"content":{"rendered":"<p>\t\tMoeve se incorpora al naming y acompa\u00f1a el arranque de su primera temporada completa a LALIGA GENUINE Moeve, la octava edici\u00f3n en la trayectoria de esta competici\u00f3n desarrollada por LALIGA, a trav\u00e9s de su Fundaci\u00f3n, y formada por equipos con jugadores con discapacidad intelectual. El nuevo calendario, que se desarrollar\u00e1 entre 2025 y 2026, alberga un r\u00e9cord de 50 equipos que disputar\u00e1n las cuatro fases. <\/p>\n<p>Las instalaciones deportivas del Mediterranean Sports Hub (Tarragona) dispondr\u00e1n de 8 campos de juego para m\u00e1s de mil futbolistas y t\u00e9cnicos en la primera fase de LALIGA GENUINE Moeve. El club anfitri\u00f3n, el N\u00e0stic de Tarragona, recibir\u00e1 a sus rivales llegados desde m\u00e1s de 30 provincias distintas de 15 Comunidades Aut\u00f3nomas, para disputar en total 75 partidos entre el s\u00e1bado 22 y el domingo 23 de noviembre. Moeve se volcar\u00e1 con esta fase impulsando la promoci\u00f3n del evento en la ciudad y aportando una veintena de voluntarios, profesionales de la compa\u00f1\u00eda, que acompa\u00f1ar\u00e1n a los equipos participantes. <\/p>\n<p>La competici\u00f3n vivir\u00e1 hoy su evento inaugural con el desfile de los 50 equipos en el Nou Estadi, el estadio del N\u00e0stic de Tarragona. Adem\u00e1s, como es tradicional, durante la celebraci\u00f3n de esta primera fase todos los jugadores bailar\u00e1n la tradicional haka antes de cada encuentro, en los que sumar\u00e1n los primeros puntos de la temporada en las clasificaciones deportivas y de Fair Play, siguiendo los principios de LALIGA GENUINE Moeve que pasan por compartir antes que competir.<\/p>\n<p>\u201cEstamos encantados de acompa\u00f1ar a Fundaci\u00f3n LALIGA en esta temporada, compartiendo valores tan importantes como el juego en equipo, el esp\u00edritu de superaci\u00f3n y la integraci\u00f3n, en especial este a\u00f1o con record de equipos y jugadores. Es decir, m\u00e1s personas que comparten un prop\u00f3sito y crecen juntas, porque en Moeve pensamos que el futuro ser\u00e1 mejor si jugamos todos\u201d.\u00a0<\/p>\n<p class=\"au-article__testimonial-name t-label\">Jos\u00e9 Mar\u00eda Solana, director Global de Marca de Moeve<\/p>\n<p>Clemente Villaverde, presidente de Fundaci\u00f3n LALIGA, ha apuntado:\u00a0\u00abhoy es un d\u00eda muy especial. Damos comienzo a la que ser\u00e1 una temporada llena de emoci\u00f3n, ilusi\u00f3n y alegr\u00eda.\u202fEsperamos y deseamos que, una vez m\u00e1s, el proyecto GENUINE nos haga disfrutar del f\u00fatbol con sus valores como protagonistas. Habr\u00e1 muchas sorpresas, pero hay algo que no va a cambiar: Se trata de compartir antes que de competir\u201d.<\/p>\n<p>Con el inicio de la nueva temporada de LALIGA GENUINE Moeve, la compa\u00f1\u00eda energ\u00e9tica profundiza en su alianza con LALIGA y Liga F como primer patrocinador de todas sus competiciones, entre las que se encuentran adem\u00e1s LALIGA EA SPORTS, Liga F Moeve, LALIGA HYPERMOTION, y los torneos FC FUTURES. Un acuerdo que busca promover valores sociales importantes como la colaboraci\u00f3n, la suma de todos, la integraci\u00f3n, la diversidad o el esp\u00edritu de superaci\u00f3n. Adem\u00e1s, por su vocaci\u00f3n de transformaci\u00f3n real, est\u00e1n desarrollando la Oficina T\u00e9cnica de Sostenibilidad Medioambiental para ayudar a los clubes a reducir su huella de carbono.<\/p>\n","protected":false},"excerpt":{"rendered":"Moeve se incorpora al naming y acompa\u00f1a el arranque de su primera temporada completa a LALIGA GENUINE Moeve,&hellip;\n","protected":false},"author":2,"featured_media":180901,"comment_status":"","ping_status":"","sticky":false,"template":"","format":"standard","meta":{"footnotes":""},"categories":[5],"tags":[17,18,25,24,13,14,11,19,20,9,10,15,16,23,12,21,22],"class_list":{"0":"post-249317","1":"post","2":"type-post","3":"status-publish","4":"format-standard","5":"has-post-thumbnail","7":"category-titulares","8":"tag-breaking-news","9":"tag-breakingnews","10":"tag-es","11":"tag-espana","12":"tag-featured-news","13":"tag-featurednews","14":"tag-headlines","15":"tag-latest-news","16":"tag-latestnews","17":"tag-news","18":"tag-noticias","19":"tag-noticias-destacadas","20":"tag-noticiasdestacadas","21":"tag-spain","22":"tag-titulares","23":"tag-ultimas-noticias","24":"tag-ultimasnoticias"},"share_on_mastodon":{"url":"https:\/\/pubeurope.com\/@es\/115591993326821489","error":""},"_links":{"self":[{"href":"https:\/\/www.europesays.com\/es\/wp-json\/wp\/v2\/posts\/249317","targetHints":{"allow":["GET"]}}],"collection":[{"href":"https:\/\/www.europesays.com\/es\/wp-json\/wp\/v2\/posts"}],"about":[{"href":"https:\/\/www.europesays.com\/es\/wp-json\/wp\/v2\/types\/post"}],"author":[{"embeddable":true,"href":"https:\/\/www.europesays.com\/es\/wp-json\/wp\/v2\/users\/2"}],"replies":[{"embeddable":true,"href":"https:\/\/www.europesays.com\/es\/wp-json\/wp\/v2\/comments?post=249317"}],"version-history":[{"count":0,"href":"https:\/\/www.europesays.com\/es\/wp-json\/wp\/v2\/posts\/249317\/revisions"}],"wp:featuredmedia":[{"embeddable":true,"href":"https:\/\/www.europesays.com\/es\/wp-json\/wp\/v2\/media\/180901"}],"wp:attachment":[{"href":"https:\/\/www.europesays.com\/es\/wp-json\/wp\/v2\/media?parent=249317"}],"wp:term":[{"taxonomy":"category","embeddable":true,"href":"https:\/\/www.europesays.com\/es\/wp-json\/wp\/v2\/categories?post=249317"},{"taxonomy":"post_tag","embeddable":true,"href":"https:\/\/www.europesays.com\/es\/wp-json\/wp\/v2\/tags?post=249317"}],"curies":[{"name":"wp","href":"https:\/\/api.w.org\/{rel}","templated":true}]}}