{"id":249318,"date":"2025-11-22T06:47:15","date_gmt":"2025-11-22T06:47:15","guid":{"rendered":"https:\/\/www.europesays.com\/es\/249318\/"},"modified":"2025-11-22T06:47:15","modified_gmt":"2025-11-22T06:47:15","slug":"el-mejor-partido-de-rafa","status":"publish","type":"post","link":"https:\/\/www.europesays.com\/es\/249318\/","title":{"rendered":"El mejor partido de Rafa"},"content":{"rendered":"<p class=\"\"><b>Deporte, educaci\u00f3n y familia.<\/b> Sobre esos tres pilares, ha sostenido <b>Rafa Nadal<\/b> su vida. \u201cSoy un afortunado\u201d, repite muchas veces. Y, por eso, ya muy temprano, decidi\u00f3 poner en marcha la<b> Fundaci\u00f3n Rafa Nadal <\/b>para devolver a la sociedad algo de lo que ha recibido. Por eso, el tenista, <a href=\"https:\/\/as.com\/tenis\/2010\/12\/21\/mas_tenis\/1292961455_850215.html\" rel=\"nofollow noopener\" target=\"_blank\">con el apoyo de su madre Ana Mar\u00eda Parera<\/a> en sus inicios, lanz\u00f3 en 2010 el proyecto <a href=\"https:\/\/as.com\/tenis\/2021\/11\/18\/mas_tenis\/1637218502_548993.html\" rel=\"nofollow noopener\" target=\"_blank\">para \u201cintentar ayudar y devolver a la sociedad toda la suerte que tenemos<\/a><b> y lo bien que nos ha tratado la vida\u00bb. <\/b>Una iniciativa que recibir\u00e1 el<b> Premio AS Deporte en Positivo en la gala de AS el pr\u00f3ximo 1 de diciembre<\/b>. <\/p>\n<p class=\"\">\u201cSiempre he intentado unirme a eventos y colaboraciones para recaudar fondos de diferentes organizaciones, y <b>en casa tuve el ejemplo en mi madre, que siempre la vi ayudar aportando desde sus posibilidades<\/b>. Quer\u00edamos destinar los esfuerzos a los proyectos que nos motivasen y que cre\u00edamos que pod\u00edamos tener un valor a\u00f1adido\u201d, se\u00f1alaba Rafa en uno de los actos de la Fundaci\u00f3n. Un ente que ha cumplido 15 a\u00f1os de actividad, ha atendido a <b>m\u00e1s de 12.000 personas, mantiene cuatro proyectos activos y tres centros que dan cobertura a m\u00e1s de 1.400 beneficiarios<\/b> al a\u00f1o con el apoyo de 50 profesionales. <\/p>\n<p><img decoding=\"async\" src=\"https:\/\/www.europesays.com\/es\/wp-content\/uploads\/2025\/11\/7RVDJBD56JA3DEQCOAGT374LGE.jpg\" alt=\"El mejor partido de Rafa\" height=\"512\" width=\"640\"   loading=\"lazy\"\/>Rafa Nadal, de visita en uno de sus proyectos.<\/p>\n<p class=\"\"><b>\u201cNosotros creamos ilusiones y oportunidades y el deporte y la educaci\u00f3n abre de par en par puertas.<\/b> Los proyectos a largo plazo tienen un impacto m\u00e1s potente en la sociedad y creo que los objetivos en estos a\u00f1os se han cumplido\u201d, manifestaba el campe\u00f3n de <b>22 Grand Slam<\/b>, que tras su retirada el a\u00f1o pasado ha podido empaparse m\u00e1s de las actividades de una Fundaci\u00f3n que actualmente dirige s<b>u esposa, Mery Perell\u00f3. <\/b><\/p>\n<p class=\"\"><b>\u201cA trav\u00e9s del deporte, fomentamos valores, comportamientos y actitudes positivas frente a los retos de la vida diaria<\/b> y en relaci\u00f3n al entorno. Nos nutrimos del poder que tiene la pr\u00e1ctica deportiva como herramienta de empoderamiento y transmisora de aprendizajes\u201d, ha explicado ella tambi\u00e9n.<\/p>\n<p><img decoding=\"async\" src=\"https:\/\/www.europesays.com\/es\/wp-content\/uploads\/2025\/11\/O3BXH2L7DZAXRPWPGSBCDONRMU.jpg\" alt=\"El mejor partido de Rafa\" height=\"1152\" width=\"1440\"   loading=\"lazy\"\/>J\u00f3venes en uno de las actividades: un roc\u00f3dromo.<\/p>\n<p class=\"\">La Fundaci\u00f3n desarrolla<b> proyectos en Espa\u00f1a e India<\/b> para contribuir a alcanzar cuatro de los <b>17 Objetivos de Desarrollo Sostenible<\/b> m\u00e1s importantes, como son la salud y el bienestar, la educaci\u00f3n de calidad, la reducci\u00f3n de las desigualdades y las alianzas para trabajar en red y potenciar el alcance al m\u00e1ximo. <\/p>\n<p class=\"\">Actualmente, son <b>cuatro los proyectos en marcha: los Centros de la Fundaci\u00f3n, la Nadal Educational Tennis School (NETS), M\u00e1s que Tenis y Play All. <\/b><\/p>\n<p>El barrio de la Caja M\u00e1gica<\/p>\n<p class=\"\">Con los Centros se act\u00faa en zonas de especial vulnerabilidad de<b> Palma, Valencia y Madrid<\/b>, con ni\u00f1os entre los 5 y los 17 a\u00f1os en situaci\u00f3n de pobreza o riesgo de exclusi\u00f3n social<a href=\"https:\/\/as.com\/masdeporte\/polideportivo\/el-deporte-aleja-de-realidades-dificiles-en-el-hogar-violencia-n\/\" rel=\"nofollow noopener\" target=\"_blank\">. El de Madrid, precisamente, est\u00e1 en el barrio que acoge la Caja M\u00e1gica, el de San Ferm\u00edn, donde Rafa dej\u00f3 huella como tenista<\/a>. <\/p>\n<p class=\"\">El <b>NETS est\u00e1 en el coraz\u00f3n de la Fundaci\u00f3n, pues comenz\u00f3 en 2010 en Anantapur<\/b>, una de las zonas m\u00e1s vulnerables de la India, y contempla tanto el entrenamiento de tenis como el refuerzo del aprendizaje en ingl\u00e9s e inform\u00e1tica.<b> Sin dejar de lado un suplemento nutricional diario y cobertura sanitaria<\/b>. Casi trescientos menores al a\u00f1o pasan por all\u00ed. <\/p>\n<p class=\"\"><b>M\u00e1s que Tenis, de la mano de Special Olympics, ofrece cobertura en 30 escuelas<\/b> alrededor de Espa\u00f1a a casi <b>450 deportistas con discapacidad intelectual,<\/b> reforzando su autoestima y ayud\u00e1ndoles a superarse cada d\u00eda. <\/p>\n<p><img decoding=\"async\" src=\"https:\/\/www.europesays.com\/es\/wp-content\/uploads\/2025\/11\/U6JK6JFX5VCCTL5FACLYISLFRI.jpg\" alt=\"El mejor partido de Rafa\" height=\"2048\" width=\"2048\"   loading=\"lazy\"\/>Mery Perell\u00f3, con el trofeo Laureus Sports for Good que recibi\u00f3 como directora de la Fundaci\u00f3n.<\/p>\n<p class=\"\">Por \u00faltimo,<b> Play All est\u00e1 centralizado en Barcelona con la colaboraci\u00f3n de Nike y la Fundaci\u00f3 Tennis Barcelona<\/b>. Con escuelas en la Zona Franca, El Raval, El Carmel, Vall d\u2019Hebr\u00f3n y Badalona, utiliza el tenis como herramienta de transmisi\u00f3n de cuatro valores<b>: deportividad, compromiso, compa\u00f1erismo y esfuerzo. <\/b><\/p>\n<p class=\"\"><b>\u201cCentrar nuestra ayuda a ni\u00f1os, ni\u00f1as y j\u00f3venes que viven en entornos vulnerables fue la mejor decisi\u00f3n que podr\u00edamos haber tomado\u201d<\/b>, recuerda Nadal. \u201cCreo que es importante que aprendan a trabajar para dar lo mejor de s\u00ed mismos, a esforzarse d\u00eda a d\u00eda\u2026 y hacerlo disfrutando. Porque as\u00ed es como entiendo la vida, tanto dentro como fuera de las pistas\u201d, reforzaba. <b>Uno de los mejores partidos de Nadal lo ha jugado, y lo sigue jugando, fuera de las pistas. <\/b><\/p>\n<p class=\"\"><b>\u00a1Tus opiniones importan!<\/b> Comenta en los art\u00edculos y suscr\u00edbete gratis a nuestra <a href=\"https:\/\/asfan.as.com\/newsletters\/\" target=\"_blank\" rel=\"nofollow noopener\" title=\"https:\/\/asfan.as.com\/newsletters\/\">newsletter<\/a> y a las alertas informativas en la <a href=\"https:\/\/as.com\/aplicacion-de-as-n\/\" target=\"_blank\" rel=\"nofollow noopener\" title=\"https:\/\/as.com\/aplicacion-de-as-n\/\">App<\/a> o el canal de <a href=\"https:\/\/www.whatsapp.com\/channel\/0029VaAasdA7j6g745nz9M10\" target=\"_blank\" rel=\"nofollow noopener\" title=\"https:\/\/www.whatsapp.com\/channel\/0029VaAasdA7j6g745nz9M10\">WhatsApp<\/a>. \u00bfBuscas licenciar contenido? Haz clic <a href=\"https:\/\/profesional.elpais.com\/soluciones-sindicacion?utm_medium=interno&amp;utm_source=crosslinking&amp;utm_campaign=sindicacion_as_pie_articulos\" target=\"_blank\" rel=\"nofollow noopener\" title=\"https:\/\/profesional.elpais.com\/soluciones-sindicacion?utm_medium=interno&amp;utm_source=crosslinking&amp;utm_campaign=sindicacion_as_pie_articulos\">aqu\u00ed<\/a><\/p>\n","protected":false},"excerpt":{"rendered":"Deporte, educaci\u00f3n y familia. Sobre esos tres pilares, ha sostenido Rafa Nadal su vida. \u201cSoy un afortunado\u201d, repite&hellip;\n","protected":false},"author":2,"featured_media":249319,"comment_status":"","ping_status":"","sticky":false,"template":"","format":"standard","meta":{"footnotes":""},"categories":[274],"tags":[168,25,24,23,167,327,326],"class_list":{"0":"post-249318","1":"post","2":"type-post","3":"status-publish","4":"format-standard","5":"has-post-thumbnail","7":"category-tenis","8":"tag-deportes","9":"tag-es","10":"tag-espana","11":"tag-spain","12":"tag-sports","13":"tag-tenis","14":"tag-tennis"},"share_on_mastodon":{"url":"https:\/\/pubeurope.com\/@es\/115592013745211518","error":""},"_links":{"self":[{"href":"https:\/\/www.europesays.com\/es\/wp-json\/wp\/v2\/posts\/249318","targetHints":{"allow":["GET"]}}],"collection":[{"href":"https:\/\/www.europesays.com\/es\/wp-json\/wp\/v2\/posts"}],"about":[{"href":"https:\/\/www.europesays.com\/es\/wp-json\/wp\/v2\/types\/post"}],"author":[{"embeddable":true,"href":"https:\/\/www.europesays.com\/es\/wp-json\/wp\/v2\/users\/2"}],"replies":[{"embeddable":true,"href":"https:\/\/www.europesays.com\/es\/wp-json\/wp\/v2\/comments?post=249318"}],"version-history":[{"count":0,"href":"https:\/\/www.europesays.com\/es\/wp-json\/wp\/v2\/posts\/249318\/revisions"}],"wp:featuredmedia":[{"embeddable":true,"href":"https:\/\/www.europesays.com\/es\/wp-json\/wp\/v2\/media\/249319"}],"wp:attachment":[{"href":"https:\/\/www.europesays.com\/es\/wp-json\/wp\/v2\/media?parent=249318"}],"wp:term":[{"taxonomy":"category","embeddable":true,"href":"https:\/\/www.europesays.com\/es\/wp-json\/wp\/v2\/categories?post=249318"},{"taxonomy":"post_tag","embeddable":true,"href":"https:\/\/www.europesays.com\/es\/wp-json\/wp\/v2\/tags?post=249318"}],"curies":[{"name":"wp","href":"https:\/\/api.w.org\/{rel}","templated":true}]}}