{"id":249323,"date":"2025-11-22T06:51:08","date_gmt":"2025-11-22T06:51:08","guid":{"rendered":"https:\/\/www.europesays.com\/es\/249323\/"},"modified":"2025-11-22T06:51:08","modified_gmt":"2025-11-22T06:51:08","slug":"no-voy-a-hablar-del-arbitraje","status":"publish","type":"post","link":"https:\/\/www.europesays.com\/es\/249323\/","title":{"rendered":"\u201cNo voy a hablar del arbitraje\u201d"},"content":{"rendered":"<p class=\"paragraph-atom &#10;        A-500-300-700-N A-550-300-700-N--md  \">\u00c1lvaro Arbeloa vivi\u00f3 el choque ante Unionistas en una de las cabinas del Reina Sof\u00eda. En sala de prensa, escueto en palabras, valor\u00f3 el encuentro ante los medios de comunicaci\u00f3n.<\/p>\n<p class=\"paragraph-atom &#10;        A-500-300-700-N A-550-300-700-N--md  \"><strong>Valoraci\u00f3n.<\/strong> \u201cDolido. Ha sido un partido muy competido hasta que ha llegado la acci\u00f3n del penalti y ah\u00ed se ha acabado el partido. Se ha ido la luz\u201d.<\/p>\n<p class=\"paragraph-atom &#10;        A-500-300-700-N A-550-300-700-N--md  \"><strong>Sobre el arbitraje.<\/strong> \u201cNo voy a hablar del arbitraje. A nadie le gusta perder y es con lo que m\u00e1s molesto estoy\u201d.<\/p>\n","protected":false},"excerpt":{"rendered":"\u00c1lvaro Arbeloa vivi\u00f3 el choque ante Unionistas en una de las cabinas del Reina Sof\u00eda. En sala de&hellip;\n","protected":false},"author":2,"featured_media":249324,"comment_status":"","ping_status":"","sticky":false,"template":"","format":"standard","meta":{"footnotes":""},"categories":[268],"tags":[61414,7898,168,25,24,280,282,9264,689,281,23,167],"class_list":{"0":"post-249323","1":"post","2":"type-post","3":"status-publish","4":"format-standard","5":"has-post-thumbnail","7":"category-futbol","8":"tag-arbeloa","9":"tag-arbitraje","10":"tag-deportes","11":"tag-es","12":"tag-espana","13":"tag-football","14":"tag-futbol","15":"tag-hablar","16":"tag-no","17":"tag-soccer","18":"tag-spain","19":"tag-sports"},"share_on_mastodon":{"url":"https:\/\/pubeurope.com\/@es\/115592028855586967","error":""},"_links":{"self":[{"href":"https:\/\/www.europesays.com\/es\/wp-json\/wp\/v2\/posts\/249323","targetHints":{"allow":["GET"]}}],"collection":[{"href":"https:\/\/www.europesays.com\/es\/wp-json\/wp\/v2\/posts"}],"about":[{"href":"https:\/\/www.europesays.com\/es\/wp-json\/wp\/v2\/types\/post"}],"author":[{"embeddable":true,"href":"https:\/\/www.europesays.com\/es\/wp-json\/wp\/v2\/users\/2"}],"replies":[{"embeddable":true,"href":"https:\/\/www.europesays.com\/es\/wp-json\/wp\/v2\/comments?post=249323"}],"version-history":[{"count":0,"href":"https:\/\/www.europesays.com\/es\/wp-json\/wp\/v2\/posts\/249323\/revisions"}],"wp:featuredmedia":[{"embeddable":true,"href":"https:\/\/www.europesays.com\/es\/wp-json\/wp\/v2\/media\/249324"}],"wp:attachment":[{"href":"https:\/\/www.europesays.com\/es\/wp-json\/wp\/v2\/media?parent=249323"}],"wp:term":[{"taxonomy":"category","embeddable":true,"href":"https:\/\/www.europesays.com\/es\/wp-json\/wp\/v2\/categories?post=249323"},{"taxonomy":"post_tag","embeddable":true,"href":"https:\/\/www.europesays.com\/es\/wp-json\/wp\/v2\/tags?post=249323"}],"curies":[{"name":"wp","href":"https:\/\/api.w.org\/{rel}","templated":true}]}}