{"id":249345,"date":"2025-11-22T07:11:14","date_gmt":"2025-11-22T07:11:14","guid":{"rendered":"https:\/\/www.europesays.com\/es\/249345\/"},"modified":"2025-11-22T07:11:14","modified_gmt":"2025-11-22T07:11:14","slug":"munar-el-mas-dificil-todavia-ante-zverev","status":"publish","type":"post","link":"https:\/\/www.europesays.com\/es\/249345\/","title":{"rendered":"Munar, el m\u00e1s dif\u00edcil todav\u00eda ante Zverev"},"content":{"rendered":"<p><strong>M\u00e1s dif\u00edcil, casi imposible<\/strong>. Despu\u00e9s de vencer de forma brillante el pasado jueves a Jiri Lehecka, (17\u00ba ATP), <strong>a <a href=\"https:\/\/www.ultimahora.es\/etiqueta\/Jaume+Munar.html?utm_source=Inline-tag&amp;utm_medium=internal\" rel=\"nofollow noopener\" target=\"_blank\">Jaume Munar<\/a> (36\u00ba ATP) le espera estE S\u00c1BADO el n\u00famero 3 del mundo, el alem\u00e1n Alexander Zverev<\/strong>. Seg\u00fan el ranking, s\u00f3lo un encuentro contra Alcaraz o Sinner, n\u00famero 1 y 2 del mundo respeCtivamente, ser\u00eda m\u00e1s complicado para el jugador de Cala Figuera, pero el optimismo se ha instalado en la delegaci\u00f3n espa\u00f1ola y sus integrantes se muestran <strong>convencidos de alcanzar una nueva gesta<\/strong> tras las eliminatorias de septiembre frente a <strong>Dinamarca<\/strong> y la de cuartos de final contra la <strong>Rep\u00fablica Checa<\/strong>. \u00abTenemos lo que tenemos y es mucho. Tenemos que valorarlo tambi\u00e9n. Esa es nuestra mentalidad pero incluso ha sido nuestra fortaleza con Nadal y Ferrer en el equipo. Ellos han sido los m\u00e1ximos exponentes de esa mentalidad y garra. Y ahora nos toca a nosotros. Yo he crecido con ellos y he intentado llevarlo a la pista, esa pasi\u00f3n, ganas y dejarlo todo. Eso es lo que he hecho y como tambi\u00e9n creo que ha hecho Pablo, que hay que darle todo el cr\u00e9dito\u00bb, apuntaba el mallorqu\u00edn tras su victoria.<\/p>\n<p>El \u2018cara a cara\u2019 entre Munar y Zverev se arroja un <strong>balance de 1-1<\/strong>. En su primer enfrentamiento, en el a\u00f1o 2019, el tenista balear se impuso en tres sets en el Open de Marrakech y el a\u00f1o pasado, en los Juegos Ol\u00edmpicos de Par\u00eds y tambi\u00e9n sobre tierra batida, el alem\u00e1n de origen ruso se impuso por un claro 6\/2. El servicio parece que va a ser el golpe que marque las diferencias. Ah\u00ed en principio parte con ventaja Zverev, <strong>poseedor de uno de los mejores saques del circuito<\/strong>, pero el jueves Munar ray\u00f3 a<strong> gran altura con ese golpe<\/strong>, fundamental en una superficie como la de Bolonia. Pero casi m\u00e1s importante que cualquier golpe ser\u00e1 le tensi\u00f3n que genera esta competici\u00f3n y c\u00f3mo la afronten los jugadores resultar\u00e1 vital para sus intereses.<\/p>\n<p>Carre\u00f1o, n\u00famero dos del equipo espa\u00f1ol, puede enfrentarse a Jan-Lennard Struff o a Yannick Hanfmann. Los dobles son m\u00e1s claros. Tim Puetz y Kevin Krawietz son los especialistas, pareja rodada que particip\u00f3 en las Finales ATP la pasada semana y que sobrevivi\u00f3 ante los argentinos Horazio Zeballos y Andr\u00e9s Molteni para dar el pase a semifinales a <strong>los teutones, que persiguen la &#8216;Ensaladera&#8217; desde hace 32 a\u00f1os<\/strong>. La gan\u00f3 por \u00faltima vez en 1993. Y en el cara a cara con Espa\u00f1a lo gana por 10 a 7. La \u00faltima vez que se midieron fue en los cuartos de final de la edici\u00f3n de 2018. En la Plaza de Toros de Valencia. La victoria cay\u00f3 del lado de la &#8216;Armada&#8217; con Nadal y Ferrer al frente.<strong> La Davis del pueblo o la Davis de los olvidados<\/strong>. As\u00ed es como la han bautizado las redes sociales a este fen\u00f3meno de jugadores que se ha abonado a la \u00e9pica en este torneo y que se ha ganado el cari\u00f1o de todos los aficionados. Italia, que se deshizo ayer en la primera semifinal frente a B\u00e9lgica, espera reeditar el t\u00edtulo a pesar de la <strong>ausencia de Sinner<\/strong>.<\/p>\n","protected":false},"excerpt":{"rendered":"M\u00e1s dif\u00edcil, casi imposible. Despu\u00e9s de vencer de forma brillante el pasado jueves a Jiri Lehecka, (17\u00ba ATP),&hellip;\n","protected":false},"author":2,"featured_media":249346,"comment_status":"","ping_status":"","sticky":false,"template":"","format":"standard","meta":{"footnotes":""},"categories":[274],"tags":[13877,168,25,24,9018,6894,3439,23,167,327,326],"class_list":{"0":"post-249345","1":"post","2":"type-post","3":"status-publish","4":"format-standard","5":"has-post-thumbnail","7":"category-tenis","8":"tag-copa-davis","9":"tag-deportes","10":"tag-es","11":"tag-espana","12":"tag-jaume-munar","13":"tag-rafa-nadal","14":"tag-rafael-nadal","15":"tag-spain","16":"tag-sports","17":"tag-tenis","18":"tag-tennis"},"share_on_mastodon":{"url":"https:\/\/pubeurope.com\/@es\/115592107645641871","error":""},"_links":{"self":[{"href":"https:\/\/www.europesays.com\/es\/wp-json\/wp\/v2\/posts\/249345","targetHints":{"allow":["GET"]}}],"collection":[{"href":"https:\/\/www.europesays.com\/es\/wp-json\/wp\/v2\/posts"}],"about":[{"href":"https:\/\/www.europesays.com\/es\/wp-json\/wp\/v2\/types\/post"}],"author":[{"embeddable":true,"href":"https:\/\/www.europesays.com\/es\/wp-json\/wp\/v2\/users\/2"}],"replies":[{"embeddable":true,"href":"https:\/\/www.europesays.com\/es\/wp-json\/wp\/v2\/comments?post=249345"}],"version-history":[{"count":0,"href":"https:\/\/www.europesays.com\/es\/wp-json\/wp\/v2\/posts\/249345\/revisions"}],"wp:featuredmedia":[{"embeddable":true,"href":"https:\/\/www.europesays.com\/es\/wp-json\/wp\/v2\/media\/249346"}],"wp:attachment":[{"href":"https:\/\/www.europesays.com\/es\/wp-json\/wp\/v2\/media?parent=249345"}],"wp:term":[{"taxonomy":"category","embeddable":true,"href":"https:\/\/www.europesays.com\/es\/wp-json\/wp\/v2\/categories?post=249345"},{"taxonomy":"post_tag","embeddable":true,"href":"https:\/\/www.europesays.com\/es\/wp-json\/wp\/v2\/tags?post=249345"}],"curies":[{"name":"wp","href":"https:\/\/api.w.org\/{rel}","templated":true}]}}