{"id":249375,"date":"2025-11-22T07:38:11","date_gmt":"2025-11-22T07:38:11","guid":{"rendered":"https:\/\/www.europesays.com\/es\/249375\/"},"modified":"2025-11-22T07:38:11","modified_gmt":"2025-11-22T07:38:11","slug":"la-uefa-se-ceba-con-luis-diaz-tras-su-terrorifica-entrada-a-achraf","status":"publish","type":"post","link":"https:\/\/www.europesays.com\/es\/249375\/","title":{"rendered":"La UEFA se ceba con Luis D\u00edaz tras su terror\u00edfica entrada a Achraf"},"content":{"rendered":"<p class=\"ft-text\"><a class=\"ft-link ft-link--decoration\" href=\"https:\/\/www.sport.es\/es\/noticias\/champions\/doble-cara-luis-diaz-123365381\" rel=\"nofollow noopener\" target=\"_blank\">Vincent Kompany contaba con perder a Luis D\u00edaz durante un encuentro<\/a>. As\u00ed mismo lo confirm\u00f3 el belga, <strong>a falta del veredicto final de la UEFA, en la comparecencia de prensa previa al duelo de Bundesliga contra el Friburgo (15.30). El t\u00e9cnico de los b\u00e1varos confiaba en una resoluci\u00f3n ben\u00e9vola del m\u00e1ximo organismo del f\u00fatbol europeo: \u00abSeg\u00fan mi informaci\u00f3n, est\u00e1 suspendido por un partido\u00bb<\/strong>.<\/p>\n<p class=\"ft-text\">Pero nada m\u00e1s lejos de la realidad. <strong>El comit\u00e9 de disciplina de la UEFA castig\u00f3 severamente al colombiano tras la terror\u00edfica entrada sobre Achraf Hakimi en el \u00faltimo duelo de Champions League <\/strong>disputado en el Parque de los Pr\u00edncipes. <strong>En el tiempo a\u00f1adido del primer tiempo, el ex del Liverpool se lanz\u00f3 al tobillo del marroqu\u00ed, que se flexion\u00f3 al l\u00edmite, dej\u00e1ndole fuera de combate hasta la fecha<\/strong>. El recientemente<strong> elegido mejor jugador de \u00c1frica en 2025 todav\u00eda no tiene fecha de vuelta a los terrenos de juego. <\/strong><\/p>\n<p><img decoding=\"async\" src=\"https:\/\/www.europesays.com\/es\/wp-content\/uploads\/2025\/11\/9a4a094b-7589-4e40-bb81-a5569da45fea_alta-libre-aspect-ratio_default_0.jpg\" width=\"1200\" height=\"675\" alt=\"Luis D\u00edaz firm\u00f3 un doblete y fue expulsado por una entrada criminal a Achraf en el PSG-Bayern\" class=\"ft-helper-img-rd\" loading=\"lazy\"\/><\/p>\n<p class=\"ft-helper-fontColor-quaternary ft-helper-fontSize-body-S ft-helper-spacer-t-xxs\">Luis D\u00edaz firm\u00f3 un doblete y fue expulsado por una entrada criminal a Achraf en el PSG-Bayern  \/ X<\/p>\n<p class=\"ft-text\"><strong>El acta redactada por Maurizio Mariani<\/strong>, colegiado italiano de la contienda, <strong>fue determinante para la decisi\u00f3n del Comit\u00e9 de la UEFA<\/strong>. El \u00e1rbitro, pese a que en primera instancia s\u00f3lo amonest\u00f3 al futbolista, <strong>rectific\u00f3 cuando acudi\u00f3 a ver las im\u00e1genes en la pantalla del videoarbitraje.<\/strong><\/p>\n<p class=\"ft-text\"><strong>La UEFA impuso una sanci\u00f3n de tres partidos a Luis D\u00edaz tras la mencionada acci\u00f3n<\/strong>, lo que le obligar\u00e1 a descansar forzosamente los pr\u00f3ximos encuentros del<strong> Bayern M\u00fanich<\/strong> en la m\u00e1xima competici\u00f3n continental. El cafetero no estar\u00e1, empezando por este mi\u00e9rcoles, contra<strong> el Arsenal, Sporting CP y Union Saint-Gilloise<\/strong>. El extremo colombiano volver\u00eda a las convocatorias para la octava y<strong> \u00faltima jornada del torneo en la visita al PSV en Eindhoven, a finales del mes de enero. <\/strong><\/p>\n<p>Habr\u00e1 apelaci\u00f3n<\/p>\n<p class=\"ft-text\"><strong>El Bayern no se quedar\u00e1 de brazos cruzados ante lo que consideran una penitencia desmesurada<\/strong>. El cuadro muniqu\u00e9s enviar\u00e1 a la UEFA un informe para intentar rebajar la sanci\u00f3n impuesta a Luis D\u00edaz y que los tres partidos se queden en alguno menos.<\/p>\n","protected":false},"excerpt":{"rendered":"Vincent Kompany contaba con perder a Luis D\u00edaz durante un encuentro. As\u00ed mismo lo confirm\u00f3 el belga, a&hellip;\n","protected":false},"author":2,"featured_media":249376,"comment_status":"","ping_status":"","sticky":false,"template":"","format":"standard","meta":{"footnotes":""},"categories":[268],"tags":[24836,51316,11681,168,25,24,280,282,9709,18800,281,23,167,6674],"class_list":{"0":"post-249375","1":"post","2":"type-post","3":"status-publish","4":"format-standard","5":"has-post-thumbnail","7":"category-futbol","8":"tag-bayern","9":"tag-castigo","10":"tag-champions","11":"tag-deportes","12":"tag-es","13":"tag-espana","14":"tag-football","15":"tag-futbol","16":"tag-luis-diaz","17":"tag-sancion","18":"tag-soccer","19":"tag-spain","20":"tag-sports","21":"tag-uefa"},"share_on_mastodon":{"url":"https:\/\/pubeurope.com\/@es\/115592213885009712","error":""},"_links":{"self":[{"href":"https:\/\/www.europesays.com\/es\/wp-json\/wp\/v2\/posts\/249375","targetHints":{"allow":["GET"]}}],"collection":[{"href":"https:\/\/www.europesays.com\/es\/wp-json\/wp\/v2\/posts"}],"about":[{"href":"https:\/\/www.europesays.com\/es\/wp-json\/wp\/v2\/types\/post"}],"author":[{"embeddable":true,"href":"https:\/\/www.europesays.com\/es\/wp-json\/wp\/v2\/users\/2"}],"replies":[{"embeddable":true,"href":"https:\/\/www.europesays.com\/es\/wp-json\/wp\/v2\/comments?post=249375"}],"version-history":[{"count":0,"href":"https:\/\/www.europesays.com\/es\/wp-json\/wp\/v2\/posts\/249375\/revisions"}],"wp:featuredmedia":[{"embeddable":true,"href":"https:\/\/www.europesays.com\/es\/wp-json\/wp\/v2\/media\/249376"}],"wp:attachment":[{"href":"https:\/\/www.europesays.com\/es\/wp-json\/wp\/v2\/media?parent=249375"}],"wp:term":[{"taxonomy":"category","embeddable":true,"href":"https:\/\/www.europesays.com\/es\/wp-json\/wp\/v2\/categories?post=249375"},{"taxonomy":"post_tag","embeddable":true,"href":"https:\/\/www.europesays.com\/es\/wp-json\/wp\/v2\/tags?post=249375"}],"curies":[{"name":"wp","href":"https:\/\/api.w.org\/{rel}","templated":true}]}}