{"id":249412,"date":"2025-11-22T08:08:15","date_gmt":"2025-11-22T08:08:15","guid":{"rendered":"https:\/\/www.europesays.com\/es\/249412\/"},"modified":"2025-11-22T08:08:15","modified_gmt":"2025-11-22T08:08:15","slug":"copa-davis-2025-el-mayusculo-desafio-de-italia-o-como-triunfar-sin-la-magnitud-de-sinner-tenis-deportes","status":"publish","type":"post","link":"https:\/\/www.europesays.com\/es\/249412\/","title":{"rendered":"Copa Davis 2025: El may\u00fasculo desaf\u00edo de Italia, o c\u00f3mo triunfar sin la magnitud de Sinner | Tenis | Deportes"},"content":{"rendered":"<p class=\"\">Definitivamente, esta es la noche de Flavio Cobolli, uno de esos j\u00f3venes tenistas que llegaron con hambre y est\u00e1n dispuestos a demostrarlo: abran paso, que aqu\u00ed estamos nosotros. Sinner s\u00ed, pero la historia no se acaba ah\u00ed. En auge desde hace tiempo, <a href=\"https:\/\/elpais.com\/deportes\/tenis\/2025-11-13\/la-orgullosa-italia-presume-de-tenis.html\" target=\"_self\" rel=\"nofollow noopener\" title=\"https:\/\/elpais.com\/deportes\/tenis\/2025-11-13\/la-orgullosa-italia-presume-de-tenis.html\">Italia siembra, perfila y cosecha<\/a>. Maquinaria a tope: ganar, ganar y ganar. \u00bfCircunstancial? \u00bfEl implacable Jannik como principio y fin? \u00bfAcaso una buena racha o una secuencia pasajera? De eso nada. Ah\u00ed hay plan y ah\u00ed hay talento, el que demuestra este chico que se rompe la camiseta despu\u00e9s de salvar hasta siete pelotas de partido y conduce a su pa\u00eds hacia la final de Bolonia, la tercera seguida en la Copa Davis. Hoy, h\u00e9roe. Desconsolado, el belga Zizou Bergs maldice: 6-3, 6-7 (5) y 7-6 (15) en 3h 06m.<\/p>\n<p class=\"\">Tan dif\u00edcil hacerlo y tan sencillo decirlo, lo explica el capit\u00e1n Filippo Volandri, m\u00e1s que satisfecho despu\u00e9s de que los suyos hayan superado a B\u00e9lgica de camino al episodio definitivo del domingo (15.00, Movistar+). De nuevo Italia, la finalista de nunca acabar. \u201cLe ped\u00ed a Flavio [Cobolli, autor del punto decisivo] que lo quisiera un poco m\u00e1s que el rival. Y estoy muy orgulloso: de \u00e9l, de Matteo [Berrettini, firmante del primer punto, contra Raphael Collignon con un 6-3 y 6-4 en 1h 30m], de todos&#8230; La afici\u00f3n ha estado ha estado incre\u00edble, m\u00e1s de 10.000 personas apoy\u00e1ndonos ah\u00ed dentro. Pero ahora, es momento de recuperarnos porque no hay mucho margen. No estamos pensando en <a href=\"https:\/\/elpais.com\/deportes\/tenis\/2024-11-24\/de-ellas-a-ellos-el-tenis-coral-esta-en-manos-de-italia.html\" target=\"_self\" rel=\"nofollow noopener\" title=\"https:\/\/elpais.com\/deportes\/tenis\/2024-11-24\/de-ellas-a-ellos-el-tenis-coral-esta-en-manos-de-italia.html\">ganar la tercera Davis seguida<\/a>, sino la Davis de 2025\u201d. <\/p>\n<p>M\u00e1s informaci\u00f3n<\/p>\n<p class=\"\">Dicho esto, tarea nada f\u00e1cil. Buena base, oficio, los casta\u00f1azos <a href=\"https:\/\/elpais.com\/deportes\/tenis\/2024-11-23\/berrettini-dos-anos-de-penurias-y-hoy-dinamita-para-italia.html\" target=\"_self\" rel=\"nofollow noopener\" title=\"https:\/\/elpais.com\/deportes\/tenis\/2024-11-23\/berrettini-dos-anos-de-penurias-y-hoy-dinamita-para-italia.html\">siempre bienvenidos de Berrettini<\/a> y el arrope del p\u00fablico. Sin embargo, lo ve Sinner desde su casa. Porque as\u00ed lo quiso. Una vez logrado el objetivo, tachar la Davis de la cartilla de m\u00e9ritos, el n\u00famero dos del mundo anunci\u00f3 que esta vez no participar\u00eda. Palos para \u00e9l. La historia se le ech\u00f3 encima: Adriano Panatta, Nicola Pietrangeli\u2026 \u201cEs una gran bofetada al deporte italiano. No entiendo cuando dice que ha sido una elecci\u00f3n dif\u00edcil, estamos hablado de jugar al tenis, no de ir la guerra. Al final, se trata de lo m\u00e1ximo, de ponerse la azzurra\u201d, dec\u00eda este \u00faltimo, despu\u00e9s del recado del primero: \u201cYo, en su lugar, hubiera jugado\u201d.<\/p>\n<p><img decoding=\"auto\" class=\"_re lazyload a_m-h\" height=\"276\"  width=\"414\"  src=\"https:\/\/www.europesays.com\/es\/wp-content\/uploads\/2025\/11\/KXBX23PKIRKQPF3PLUZHFZ6PRI.jpg\" loading=\"lazy\"\/>Berrettini celebra un punto contra Collignon.Luca Bruno (AP)<\/p>\n<p class=\"\">Elegante encajador, Sinner respond\u00eda que acepta todas las cr\u00edticas, pero que hab\u00eda tomado \u201cla decisi\u00f3n correcta\u201d porque, al fin y al cabo, debe mirar por s\u00ed mismo y por su cuerpo, por ese <a href=\"https:\/\/elpais.com\/deportes\/tenis\/2025-11-08\/alcaraz-y-sinner-la-ultima-colision-compadreo-el-trono-en-juego-y-libertad-en-turin.html\" target=\"_self\" rel=\"nofollow noopener\" title=\"https:\/\/elpais.com\/deportes\/tenis\/2025-11-08\/alcaraz-y-sinner-la-ultima-colision-compadreo-el-trono-en-juego-y-libertad-en-turin.html\">mano a mano sensacional con Carlos Alcaraz<\/a> y por ese 2026 que va adivin\u00e1ndose a media distancia. Excelente pegador y tipo listo \u00e9l, astuto en la estrategia. Joven, 24, pero ya buen conocedor de por d\u00f3nde deben ir el argumentario: \u201cEs un equipo incre\u00edble incluso sin m\u00ed, y no me gusta que nadie lo diga. Las posibilidades de ganar son altas. Estoy orgulloso de ser italiano y de haber nacido aqu\u00ed, y no en Austria ni en ning\u00fan otro sitio. Este pa\u00eds se merece mucho m\u00e1s, incluso m\u00e1s de lo que yo estoy haciendo\u201d.<\/p>\n<p>Bingo de Berrettini<\/p>\n<p class=\"\">De alguna manera, Sinner siempre ha sido sospechoso entre los suyos, a pesar de que hoy sea uno de los s\u00edmbolos patrios en el deporte. Sus rasgos, la piel l\u00e1ctea, su cabellera rojiza y las pecas. Se le cuestiona el acento, o por qu\u00e9 emplea el alem\u00e1n. Ni m\u00e1s ni menos que el origen. \u201cAlgunos dicen que Alto Adige [la zona monta\u00f1osa donde naci\u00f3, linando con Austria] es diferente&#8230; Pero Sicilia tambi\u00e9n lo es. Totalmente. Y esa es nuestra suerte, nuestra fortaleza est\u00e1 en esas diferencias\u201d, subrayaba hace no mucho, antes de que se coronara <a href=\"https:\/\/elpais.com\/deportes\/tenis\/2025-11-16\/alcaraz-choca-con-la-dimension-maestra-de-sinner.html\" target=\"_self\" rel=\"nofollow noopener\" title=\"https:\/\/elpais.com\/deportes\/tenis\/2025-11-16\/alcaraz-choca-con-la-dimension-maestra-de-sinner.html\">otra vez en la Copa de Maestros<\/a>. Para entonces ya se hab\u00eda descartado y luego lo hizo Lorenzo Musetti, de modo que Italia iba a tener que tirar de esa l\u00ednea alternativa que, en realidad, sigue funcion\u00e1ndole: Cobolli, Lorenzo Sonego, Berretini y el combo Vavassori\/Bolelli.<\/p>\n<p class=\"\">De momento, no le ha ido nada mal. Tumb\u00f3 a Austria (2-0) e igualmente a B\u00e9lgica (2-0), que hab\u00eda fulminado a Australia en la fase clasificatoria y a su llegada a Bolonia sorprendi\u00f3 tambi\u00e9n a Francia. \u201cEstamos fuertes, tenemos un buen presentimiento. Nos empujamos los unos a los otros y nos ayudamos. Se trata de eso\u201d, proclama Volandri. Solo as\u00ed pod\u00eda haber resistido Cobolli a Bergs, quien le tuvo contra las cuerdas. \u201cYa no contaba los puntos de partido, hasta le pregunt\u00e9 al equipo cu\u00e1l era el resultado del tie-break porque no lo sab\u00eda. Creo que he tenido una gran actitud todo el rato. He cre\u00eddo en m\u00ed durante tres horas\u201d, apreci\u00f3. Antes hab\u00eda cumplido Berrettini. Bingo para \u00e9l: dos de dos en esta Davis, sin ceder un solo set. Diez triunfos consecutivos.<\/p>\n<p><img decoding=\"auto\" class=\"_re lazyload a_m-h\" height=\"287\"  width=\"414\"  src=\"https:\/\/www.europesays.com\/es\/wp-content\/uploads\/2025\/11\/N6Q5UXFWAJI4JPN55ZBMVP3TYI.jpg\" loading=\"lazy\"\/>Volandri da instrucciones a Cobolli.Alessandro Garofalo (REUTERS)<\/p>\n<p class=\"\">Dice el gigant\u00f3n que su tenis sigue estando \u201cah\u00ed\u201d, que \u201csiempre lo ha estado\u201d, y que ahora se trata de que le respeten las lesiones que tanto da\u00f1o le han hecho y de que mantenga la consistencia. Activo de lujo \u00e9l para esta superlativa Italia que, salvando las distancias, guarda el paralelismo circunstancial con Espa\u00f1a: ambas sin sus l\u00edderes, sin los dos gigantes, pero bien avenidas hasta aqu\u00ed gracias a la contribuci\u00f3n de unos escuderos que saben remar y tambi\u00e9n competir. Ferrer se ha acostumbrado (qu\u00e9 remedio) <a href=\"https:\/\/elpais.com\/deportes\/tenis\/2025-11-18\/alcaraz-baja-en-la-copa-davis-a-causa-de-una-lesion-muscular.html\" target=\"_self\" rel=\"nofollow noopener\" title=\"https:\/\/elpais.com\/deportes\/tenis\/2025-11-18\/alcaraz-baja-en-la-copa-davis-a-causa-de-una-lesion-muscular.html\">a vivir sin Alcaraz<\/a>, de la misma forma que Volandri intu\u00eda por d\u00f3nde pod\u00eda ir la decisi\u00f3n final de Sinner. A\u00f1o duro, exigente desde todos los perfiles. Aunque duela, quiz\u00e1 tocaba.<\/p>\n<p class=\"\">Optimista el preparador. \u201cJannik tiene raz\u00f3n, incluso sin \u00e9l somos fuertes. Matteo es l\u00edder, pero no solo sobre la pista\u201d, concede a La Gazzetta dello Sport, esperanzado en la calidad de los que est\u00e1n y con un a\u00f1adido que no es menor: cuatro de sus cinco hombres ya conocen la ruta para triunfar y lo placentero de conseguirlo. Dos veces alzaron la Ensaladera sus doblistas, una Berrettini y otra Sonego. Adem\u00e1s, hay un aliciente extra, puesto que en 2023 y 2024 lo festejaron en M\u00e1laga, y ahora es diferente, especial. En casa, en Bolonia. \u201cTodav\u00eda tenemos una final por delante\u201d. Y se prepara Italia, el primer equipo que encadena tres finales desde que lo hiciera Australia entre 1999 y 2001. Los oce\u00e1nicos ganaron una de tres. Los locales aspiran a la tercera seguida.<\/p>\n","protected":false},"excerpt":{"rendered":"Definitivamente, esta es la noche de Flavio Cobolli, uno de esos j\u00f3venes tenistas que llegaron con hambre y&hellip;\n","protected":false},"author":2,"featured_media":249413,"comment_status":"","ping_status":"","sticky":false,"template":"","format":"standard","meta":{"footnotes":""},"categories":[93],"tags":[20106,1540,13877,168,25,24,61220,628,544,22330,23,167,327,11759],"class_list":{"0":"post-249412","1":"post","2":"type-post","3":"status-publish","4":"format-standard","5":"has-post-thumbnail","7":"category-deportes","8":"tag-bolonia","9":"tag-competiciones","10":"tag-copa-davis","11":"tag-deportes","12":"tag-es","13":"tag-espana","14":"tag-flavio-cobolli","15":"tag-italia","16":"tag-jannik-sinner","17":"tag-matteo-berrettini","18":"tag-spain","19":"tag-sports","20":"tag-tenis","21":"tag-tenistas"},"share_on_mastodon":{"url":"https:\/\/pubeurope.com\/@es\/115592331884641214","error":""},"_links":{"self":[{"href":"https:\/\/www.europesays.com\/es\/wp-json\/wp\/v2\/posts\/249412","targetHints":{"allow":["GET"]}}],"collection":[{"href":"https:\/\/www.europesays.com\/es\/wp-json\/wp\/v2\/posts"}],"about":[{"href":"https:\/\/www.europesays.com\/es\/wp-json\/wp\/v2\/types\/post"}],"author":[{"embeddable":true,"href":"https:\/\/www.europesays.com\/es\/wp-json\/wp\/v2\/users\/2"}],"replies":[{"embeddable":true,"href":"https:\/\/www.europesays.com\/es\/wp-json\/wp\/v2\/comments?post=249412"}],"version-history":[{"count":0,"href":"https:\/\/www.europesays.com\/es\/wp-json\/wp\/v2\/posts\/249412\/revisions"}],"wp:featuredmedia":[{"embeddable":true,"href":"https:\/\/www.europesays.com\/es\/wp-json\/wp\/v2\/media\/249413"}],"wp:attachment":[{"href":"https:\/\/www.europesays.com\/es\/wp-json\/wp\/v2\/media?parent=249412"}],"wp:term":[{"taxonomy":"category","embeddable":true,"href":"https:\/\/www.europesays.com\/es\/wp-json\/wp\/v2\/categories?post=249412"},{"taxonomy":"post_tag","embeddable":true,"href":"https:\/\/www.europesays.com\/es\/wp-json\/wp\/v2\/tags?post=249412"}],"curies":[{"name":"wp","href":"https:\/\/api.w.org\/{rel}","templated":true}]}}