{"id":249414,"date":"2025-11-22T08:10:10","date_gmt":"2025-11-22T08:10:10","guid":{"rendered":"https:\/\/www.europesays.com\/es\/249414\/"},"modified":"2025-11-22T08:10:10","modified_gmt":"2025-11-22T08:10:10","slug":"maria-patino-sobre-el-despido-de-alessandro-lecquio-de-mediaset-fuimos-victimas-de-enganos","status":"publish","type":"post","link":"https:\/\/www.europesays.com\/es\/249414\/","title":{"rendered":"Mar\u00eda Pati\u00f1o, sobre el despido de Alessandro Lecquio de Mediaset: \u00abFuimos v\u00edctimas de enga\u00f1os\u00bb"},"content":{"rendered":"<p class=\"c-paragraph\">Tras casi tres d\u00e9cadas colaborando el programas de Mediaset, el grupo ha <b>despedido fulminantemente a\u00a0Alessandro Lecquio<\/b> despu\u00e9s de que su expareja, Antonia Dell&#8217;Atte, lo denunciara por violencia machista. <b>Mar\u00eda Pati\u00f1o<\/b> ha sido uno de los rostros televisivos que <b>se ha pronunciado sobre la pol\u00e9mica.\u00a0<\/b><\/p>\n<p class=\"c-paragraph\">\u00abPersonas como\u00a0Ana Obreg\u00f3n,\u00a0y yo misma,\u00a0<b>fuimos v\u00edctimas de un enga\u00f1o\u00bb<\/b>, ha comenzado expresando Mar\u00eda Pati\u00f1o.\u00a0\u00abDespu\u00e9s de un trabajo, he logrado saber la manera en la que Alessandro Lequio, a algunas personas de la prensa, entre las que me encuentro, <b>nos enga\u00f1\u00f3<\/b>\u00ab, ha a\u00f1adido.<\/p>\n<p class=\"c-paragraph\">Mar\u00eda Pati\u00f1o ha hecho algunas aclaraciones sobre la denuncia de la exmodelo italiana:\u00a0\u00abCuando Lequio comienza a ser popular,<b>\u00a0nos pasa a los periodistas<\/b>,\u00a0<b>y a la propia Ana Obreg\u00f3n<\/b>,\u00a0<b>la denuncia<\/b>\u00a0(de Antonia Dell&#8217;Atte en 1991) por abandono de hogar. Que no quita que en la denuncia hace constar esos malos tratos\u00bb.<\/p>\n<p class=\"c-paragraph\">Mar\u00eda Pati\u00f1o ha asegurado que <b>Lecquio le hablaba de \u00abuna falsificaci\u00f3n de la denuncia por parte de Antonia\u00bb.<\/b> \u00abMe mostraba los documentos con un t\u00edpex, donde se supone que se borraba lo importante. <b>Yo nunca, p\u00fablicamente, ca\u00ed en esa trampa<\/b> de hablar de que esa denuncia del 91 estaba manipulada\u00bb, ha continuado la presentadora de No somos nadie.\u00a0<\/p>\n<p class=\"c-paragraph\">Pero <b>Ana Obreg\u00f3n sigui\u00f3 otra l\u00ednea<\/b> distinta, algo que Pati\u00f1o tambi\u00e9n ha explicado. \u00abDesde su cuenta social, en un arranque,\u00a0<b>mete la pata y afirma: &#8216;Antonia,\u00a0has falsificado su denuncia\u00bb<\/b>, ha comentado sobre la bi\u00f3loga.\u00a0<\/p>\n<p class=\"c-paragraph\">\u00abAlessandro Lequio <b>nos mostraba en privado, a m\u00ed y Ana Obreg\u00f3n, un documento que dec\u00eda que Antonia falsificaba<\/b>, cuando\u00a0la falsificaci\u00f3n ven\u00eda de su parte. Y ha insistido: <b>\u00abAna cay\u00f3 en esa trampa. <\/b>\u00bfEl motivo? Porque tiene un juicio pendiente con Antonia\u00bb, ha a\u00f1adido Mar\u00eda Pati\u00f1o.<\/p>\n<p class=\"c-paragraph\">Tras escuchar las declaraciones de la presentadora del formato de Ten, <b>Kiko Matamoros<\/b> tambi\u00e9n ha intervenido.\u00a0\u00abProbablemente, Ana Obreg\u00f3n ha vivido situaciones de ese tipo. <b>Creo que no se trata ni de blanquear ni de se\u00f1alar. <\/b>Ana Obreg\u00f3n sabe perfectamente c\u00f3mo es el car\u00e1cter de Lequio\u00bb, ha comentado el colaborador.<\/p>\n","protected":false},"excerpt":{"rendered":"Tras casi tres d\u00e9cadas colaborando el programas de Mediaset, el grupo ha despedido fulminantemente a\u00a0Alessandro Lecquio despu\u00e9s de&hellip;\n","protected":false},"author":2,"featured_media":249415,"comment_status":"","ping_status":"","sticky":false,"template":"","format":"standard","meta":{"footnotes":""},"categories":[91],"tags":[15651,5702,146,147,25,24,1932,8014,57,23],"class_list":{"0":"post-249414","1":"post","2":"type-post","3":"status-publish","4":"format-standard","5":"has-post-thumbnail","7":"category-entretenimiento","8":"tag-alessandro","9":"tag-despido","10":"tag-entertainment","11":"tag-entretenimiento","12":"tag-es","13":"tag-espana","14":"tag-maria","15":"tag-patino","16":"tag-sobre","17":"tag-spain"},"share_on_mastodon":{"url":"https:\/\/pubeurope.com\/@es\/115592339354874992","error":""},"_links":{"self":[{"href":"https:\/\/www.europesays.com\/es\/wp-json\/wp\/v2\/posts\/249414","targetHints":{"allow":["GET"]}}],"collection":[{"href":"https:\/\/www.europesays.com\/es\/wp-json\/wp\/v2\/posts"}],"about":[{"href":"https:\/\/www.europesays.com\/es\/wp-json\/wp\/v2\/types\/post"}],"author":[{"embeddable":true,"href":"https:\/\/www.europesays.com\/es\/wp-json\/wp\/v2\/users\/2"}],"replies":[{"embeddable":true,"href":"https:\/\/www.europesays.com\/es\/wp-json\/wp\/v2\/comments?post=249414"}],"version-history":[{"count":0,"href":"https:\/\/www.europesays.com\/es\/wp-json\/wp\/v2\/posts\/249414\/revisions"}],"wp:featuredmedia":[{"embeddable":true,"href":"https:\/\/www.europesays.com\/es\/wp-json\/wp\/v2\/media\/249415"}],"wp:attachment":[{"href":"https:\/\/www.europesays.com\/es\/wp-json\/wp\/v2\/media?parent=249414"}],"wp:term":[{"taxonomy":"category","embeddable":true,"href":"https:\/\/www.europesays.com\/es\/wp-json\/wp\/v2\/categories?post=249414"},{"taxonomy":"post_tag","embeddable":true,"href":"https:\/\/www.europesays.com\/es\/wp-json\/wp\/v2\/tags?post=249414"}],"curies":[{"name":"wp","href":"https:\/\/api.w.org\/{rel}","templated":true}]}}