{"id":249416,"date":"2025-11-22T08:12:14","date_gmt":"2025-11-22T08:12:14","guid":{"rendered":"https:\/\/www.europesays.com\/es\/249416\/"},"modified":"2025-11-22T08:12:14","modified_gmt":"2025-11-22T08:12:14","slug":"niveles-que-puede-perder-sin-poner-en-riesgo-su-tendencia-alcista-de-medio-y-largo-plazo","status":"publish","type":"post","link":"https:\/\/www.europesays.com\/es\/249416\/","title":{"rendered":"niveles que puede perder sin poner en riesgo su tendencia alcista de medio y largo plazo"},"content":{"rendered":"\n<p class=\"yf-1090901\">El <a class=\"link \" href=\"https:\/\/www.estrategiasdeinversion.com\/cotizaciones\/indices\/ibex-35\" rel=\"nofollow noopener\" target=\"_blank\" data-ylk=\"slk:IBEX 35;elm:context_link;itc:0;sec:content-canvas\">IBEX 35<\/a> se mueve en torno a los 15.793 puntos y acumula un descenso semanal del \u20133,38% en un contexto marcado por un deterioro progresivo de los indicadores t\u00e9cnicos. El an\u00e1lisis sobre gr\u00e1fico semanal muestra una vela con m\u00e1ximos y m\u00ednimos decrecientes, que adem\u00e1s refuerza la amplia sombra superior dejada la semana anterior, un patr\u00f3n que suele interpretarse como un s\u00edntoma de agotamiento alcista.<\/p>\n<p class=\"yf-1090901\">El \u00edndice se aproxima as\u00ed a una zona de relevancia t\u00e9cnica. Por un lado, <strong>amenaza la ruptura de la<\/strong> <strong>directriz ascendente de medio plazo<\/strong>, trazada desde los m\u00ednimos registrados en abril de 2025. Por otro, se sit\u00faa muy cerca del <strong>\u00faltimo m\u00ednimo creciente<\/strong><strong>, localizado en los <\/strong><strong>15.750 puntos<\/strong>, cuyo quebrantamiento a cierre semanal podr\u00eda activar un movimiento correctivo de corto plazo.<\/p>\n<p class=\"yf-1090901\">La p\u00e9rdida simult\u00e1nea de ambas referencias abrir\u00eda la puerta a una <strong>correcci\u00f3n terciaria<\/strong>, apoyada en un repunte de la volatilidad y posiblemente acompa\u00f1ada por se\u00f1ales bajistas en el MACD semanal, indicador que contin\u00faa reflejando niveles de extrema sobrecompra tras meses de fortaleza alcista.<\/p>\n<p class=\"yf-1090901\">En el caso de que esta fase correctiva se despliegue, los analistas no la considerar\u00edan negativa. Un retroceso permitir\u00eda <strong>depurar los excesos<\/strong> <strong>acumulados durante el rally previo<\/strong> y encajar\u00eda dentro de una estructura alcista s\u00f3lida tanto en el medio como en el largo plazo. De hecho, una ca\u00edda hacia el 38,2% de retroceso de Fibonacci del impulso iniciado en abril \u2014<strong>zona situada entre <\/strong><strong><strong>1<\/strong>4.645 y 14.720 puntos<\/strong>\u2014 implicar\u00eda una correcci\u00f3n adicional del -6,7% al -7,2%, <strong>a\u00fan compatible con la tendencia principal ascendente.<\/strong><\/p>\n<p>    <img fetchpriority=\"high\" decoding=\"async\" src=\"data:image\/gif;base64,R0lGODlhAQABAIAAAAAAAP\/\/\/ywAAAAAAQABAAACAUwAOw==\" alt=\"Ibex 35: niveles que puede perder sin poner en riesgo su tendencia alcista de medio y largo plazo\" loading=\"eager\" height=\"552\" width=\"960\" class=\"yf-1gfnohs loader\"\/> Ibex 35: niveles que puede perder sin poner en riesgo su tendencia alcista de medio y largo plazo      <\/p>\n<p class=\"yf-1090901\">La situaci\u00f3n actual invita a <strong>vigilar los cierres semanales<\/strong> bajo la directriz ascendente y por debajo de los <strong>15.750 puntos<\/strong>, niveles cuya perforaci\u00f3n confirmar\u00eda el inicio de una correcci\u00f3n m\u00e1s amplia que podr\u00eda extenderse al conjunto de valores del selectivo en las pr\u00f3ximas semanas.<\/p>\n<p class=\"yf-1090901\"><a class=\"link \" href=\"https:\/\/www.estrategiasdeinversion.com\/premium\/analisis\/analisis-de-las-35-companias-del-ibex-n-866207\" rel=\"nofollow noopener\" target=\"_blank\" data-ylk=\"slk:Descubra el an\u00e1lisis semanal de las 35 empresas del Ibex en bolsa.;elm:context_link;itc:0;sec:content-canvas\">Descubra el an\u00e1lisis semanal de las 35 empresas del Ibex en bolsa.<\/a>..<strong>\u00a1Ojo con las roturas de algunos soportes relevantes!<\/strong><\/p>\n","protected":false},"excerpt":{"rendered":"El IBEX 35 se mueve en torno a los 15.793 puntos y acumula un descenso semanal del \u20133,38%&hellip;\n","protected":false},"author":2,"featured_media":249417,"comment_status":"","ping_status":"","sticky":false,"template":"","format":"standard","meta":{"footnotes":""},"categories":[80],"tags":[82,95,94,25,24,3501,23],"class_list":{"0":"post-249416","1":"post","2":"type-post","3":"status-publish","4":"format-standard","5":"has-post-thumbnail","7":"category-economia","8":"tag-business","9":"tag-economia","10":"tag-economy","11":"tag-es","12":"tag-espana","13":"tag-ibex-35","14":"tag-spain"},"share_on_mastodon":{"url":"https:\/\/pubeurope.com\/@es\/115592347206772888","error":""},"_links":{"self":[{"href":"https:\/\/www.europesays.com\/es\/wp-json\/wp\/v2\/posts\/249416","targetHints":{"allow":["GET"]}}],"collection":[{"href":"https:\/\/www.europesays.com\/es\/wp-json\/wp\/v2\/posts"}],"about":[{"href":"https:\/\/www.europesays.com\/es\/wp-json\/wp\/v2\/types\/post"}],"author":[{"embeddable":true,"href":"https:\/\/www.europesays.com\/es\/wp-json\/wp\/v2\/users\/2"}],"replies":[{"embeddable":true,"href":"https:\/\/www.europesays.com\/es\/wp-json\/wp\/v2\/comments?post=249416"}],"version-history":[{"count":0,"href":"https:\/\/www.europesays.com\/es\/wp-json\/wp\/v2\/posts\/249416\/revisions"}],"wp:featuredmedia":[{"embeddable":true,"href":"https:\/\/www.europesays.com\/es\/wp-json\/wp\/v2\/media\/249417"}],"wp:attachment":[{"href":"https:\/\/www.europesays.com\/es\/wp-json\/wp\/v2\/media?parent=249416"}],"wp:term":[{"taxonomy":"category","embeddable":true,"href":"https:\/\/www.europesays.com\/es\/wp-json\/wp\/v2\/categories?post=249416"},{"taxonomy":"post_tag","embeddable":true,"href":"https:\/\/www.europesays.com\/es\/wp-json\/wp\/v2\/tags?post=249416"}],"curies":[{"name":"wp","href":"https:\/\/api.w.org\/{rel}","templated":true}]}}