{"id":249418,"date":"2025-11-22T08:14:11","date_gmt":"2025-11-22T08:14:11","guid":{"rendered":"https:\/\/www.europesays.com\/es\/249418\/"},"modified":"2025-11-22T08:14:11","modified_gmt":"2025-11-22T08:14:11","slug":"antonio-maillo-sera-el-candidato-de-por-andalucia-para-las-elecciones-autonomicas-andaluzas-de-2026-politica","status":"publish","type":"post","link":"https:\/\/www.europesays.com\/es\/249418\/","title":{"rendered":"Antonio Ma\u00edllo ser\u00e1 el candidato de Por Andaluc\u00eda para las elecciones auton\u00f3micas andaluzas de 2026 | Pol\u00edtica"},"content":{"rendered":"<p class=\"loc\">Madrid<\/p>\n<p>El l\u00edder de Izquierda Unida en Andaluc\u00eda, Antonio Ma\u00edllo, ser\u00e1 el candidato de la coalici\u00f3n de izquierdas Por Andaluc\u00eda en las elecciones auton\u00f3micas de 2026. La elecci\u00f3n del coordinador federal de IU para recuperar el voto de la izquierda andaluza ha sido una sorpresa porque ha sido elegido de forma un\u00e1nime en la mesa de partidos que conforman la coalici\u00f3n: IU, Movimiento Sumar e Iniciativa del Pueblo Andaluz. <\/p>\n<p>No ha habido primarias, sino que ha sido un movimiento por sorpresa de los partidos que est\u00e1n en la coalici\u00f3n para la pr\u00f3xima llamada a las urnas, prevista para el pr\u00f3ximo 2026.<\/p>\n<p>As\u00ed ha anunciado Ma\u00edllo su nombramiento como candidato a la militancia<\/p>\n<p>Querida compa\u00f1era, querido compa\u00f1ero,<\/p>\n<p>Te escribo despu\u00e9s de meses de conversaciones y de muchos kil\u00f3metros recorridos por nuestro pa\u00eds. En cada pueblo o ciudad, en cada comunidad aut\u00f3noma, en cada encuentro con nuestra militancia he encontrado la misma sensaci\u00f3n: a pesar de las dificultades, somos gente que nunca se rinde.<\/p>\n<p>He podido constatar esto mismo en Andaluc\u00eda, mi tierra, donde se hace evidente que hace falta un proyecto que pueda disputar a Moreno Bonilla la Presidencia de la Junta de Andaluc\u00eda. Un proyecto que combata su propaganda falsaria, que se reproduce al mismo tiempo que la sanidad p\u00fablica se desangra, la vivienda se convierte en un lujo, la juventud se marcha porque no ve futuro y el campo se siente cada vez m\u00e1s ignorado por quienes deber\u00edan defenderlo.<\/p>\n<p>Nosotras y nosotros sabemos que Andaluc\u00eda no est\u00e1 sola. Forma parte de un pa\u00eds en el que la izquierda transformadora est\u00e1 demostrando que se puede gobernar con justicia social, con valent\u00eda y con ambici\u00f3n democr\u00e1tica. Y como Coordinador Federal de Izquierda Unida, s\u00e9 que lo que defendemos forma parte de un proyecto mayor: un proyecto que conecta la dignidad laboral, la transici\u00f3n ecosocial, el feminismo, la paz, los derechos sociales y la defensa de lo p\u00fablico en todos los territorios del Estado. Lo que hagamos en Andaluc\u00eda debe fortalecer lo que somos en lo federal, y lo que avanzamos federalmente debe dar fuerza al proyecto andaluz. Esa es la esencia de una IU que quiere cuidar el pa\u00eds entero sin renunciar a ninguna de sus partes.<\/p>\n<p>En estos meses, varias organizaciones y espacios de la izquierda andaluza con los que caminamos \u2014actores sociales, sindicales y municipalistas\u2014 me han trasladado la necesidad de dar un paso adelante para construir una alternativa fuerte y cohesionada. Esta posibilidad se ha debatido con rigor en nuestros \u00f3rganos: tanto la Coordinadora Andaluza de IU como el Consejo Federal han analizado este escenario pensando siempre en c\u00f3mo fortalecer a IU en Andaluc\u00eda y en el conjunto del pa\u00eds.<\/p>\n<p>He escuchado todas estas reflexiones con humildad y respeto, y he dedicado tiempo a pensar qu\u00e9 papel debo asumir en este momento. Sabes que defiendo una IU federal fuerte, cooperativa y capaz de tejer alianzas a la altura de los desaf\u00edos internacionales que vivimos: desde la lucha por la paz hasta la defensa de los servicios p\u00fablicos en un mundo cada vez m\u00e1s desigual. Esa mirada amplia es la que me gu\u00eda tambi\u00e9n en Andaluc\u00eda, donde ser\u00e1 determinante el devenir de lo que ocurra en el conjunto del Estado.<\/p>\n<p>Por eso quiero compartir contigo la decisi\u00f3n que he tomado: he aceptado presentar mi candidatura para encabezar la propuesta de Por Andaluc\u00eda, referente electoral en el que participa Izquierda Unida, a la Presidencia de la Junta de Andaluc\u00eda.<\/p>\n<p>Doy este paso con la serenidad de saber que IU cuenta con una direcci\u00f3n federal s\u00f3lida, colegiada y capaz, que seguir\u00e9 encabezando, y con la convicci\u00f3n de que lo que defendamos en Andaluc\u00eda contribuir\u00e1 directamente a fortalecer nuestro proyecto com\u00fan y compartido con otras organizaciones en todo el pa\u00eds. Lo hago porque creo que esta tierra puede volver a ser un referente de justicia social y porque s\u00e9 que, con vuestra fuerza, con vuestro compromiso y con nuestra mirada federal, estamos en condiciones de ofrecer a la gente una alternativa honesta, coherente y transformadora.<\/p>\n<p>Gracias por estar siempre, por sostener esta organizaci\u00f3n incluso en los momentos m\u00e1s dif\u00edciles, y por demostrar que cuando IU apuesta, apuesta en serio.<\/p>\n<p>Con todo mi cari\u00f1o y con toda la responsabilidad,<\/p>\n<p>Antonio Ma\u00edllo Ca\u00f1adas<\/p>\n<p>Coordinador Federal de Izquierda Unida.<\/p>\n","protected":false},"excerpt":{"rendered":"Madrid El l\u00edder de Izquierda Unida en Andaluc\u00eda, Antonio Ma\u00edllo, ser\u00e1 el candidato de la coalici\u00f3n de izquierdas&hellip;\n","protected":false},"author":2,"featured_media":249419,"comment_status":"","ping_status":"","sticky":false,"template":"","format":"standard","meta":{"footnotes":""},"categories":[8],"tags":[17,18,25,24,13,14,11,19,20,9,10,15,16,23,12,21,22],"class_list":{"0":"post-249418","1":"post","2":"type-post","3":"status-publish","4":"format-standard","5":"has-post-thumbnail","7":"category-espana","8":"tag-breaking-news","9":"tag-breakingnews","10":"tag-es","11":"tag-espana","12":"tag-featured-news","13":"tag-featurednews","14":"tag-headlines","15":"tag-latest-news","16":"tag-latestnews","17":"tag-news","18":"tag-noticias","19":"tag-noticias-destacadas","20":"tag-noticiasdestacadas","21":"tag-spain","22":"tag-titulares","23":"tag-ultimas-noticias","24":"tag-ultimasnoticias"},"share_on_mastodon":{"url":"https:\/\/pubeurope.com\/@es\/115592355221789502","error":""},"_links":{"self":[{"href":"https:\/\/www.europesays.com\/es\/wp-json\/wp\/v2\/posts\/249418","targetHints":{"allow":["GET"]}}],"collection":[{"href":"https:\/\/www.europesays.com\/es\/wp-json\/wp\/v2\/posts"}],"about":[{"href":"https:\/\/www.europesays.com\/es\/wp-json\/wp\/v2\/types\/post"}],"author":[{"embeddable":true,"href":"https:\/\/www.europesays.com\/es\/wp-json\/wp\/v2\/users\/2"}],"replies":[{"embeddable":true,"href":"https:\/\/www.europesays.com\/es\/wp-json\/wp\/v2\/comments?post=249418"}],"version-history":[{"count":0,"href":"https:\/\/www.europesays.com\/es\/wp-json\/wp\/v2\/posts\/249418\/revisions"}],"wp:featuredmedia":[{"embeddable":true,"href":"https:\/\/www.europesays.com\/es\/wp-json\/wp\/v2\/media\/249419"}],"wp:attachment":[{"href":"https:\/\/www.europesays.com\/es\/wp-json\/wp\/v2\/media?parent=249418"}],"wp:term":[{"taxonomy":"category","embeddable":true,"href":"https:\/\/www.europesays.com\/es\/wp-json\/wp\/v2\/categories?post=249418"},{"taxonomy":"post_tag","embeddable":true,"href":"https:\/\/www.europesays.com\/es\/wp-json\/wp\/v2\/tags?post=249418"}],"curies":[{"name":"wp","href":"https:\/\/api.w.org\/{rel}","templated":true}]}}