{"id":249420,"date":"2025-11-22T08:15:15","date_gmt":"2025-11-22T08:15:15","guid":{"rendered":"https:\/\/www.europesays.com\/es\/249420\/"},"modified":"2025-11-22T08:15:15","modified_gmt":"2025-11-22T08:15:15","slug":"el-fiscal-general-salvo-a-sanchez-pero-se-llevo-por-delante-al-psoe-madrileno-el-mundo","status":"publish","type":"post","link":"https:\/\/www.europesays.com\/es\/249420\/","title":{"rendered":"El Fiscal General salv\u00f3 a S\u00e1nchez pero se llev\u00f3 por delante al PSOE madrile\u00f1o &#8211; El Mundo"},"content":{"rendered":"<ol>\n<li><a href=\"https:\/\/news.google.com\/rss\/articles\/CBMiekFVX3lxTE05YjR3VmhySEhkRF9aYUF5NkRrTzJTWnVvY29mdy1xRFBqQ012bVA0ZFllWm13MWNnZkxRa3RUamFnU3dsdV96aFJucnFpV0hWN29qdUtqemlwc245THRpd1NDTEJkb2lUYk9OMC04VnphZTJtMVpDSHl30gF6QVVfeXFMTzdhSHRaTFd3Rm13S2tBZi1CX1BLQXFaX3FwWEkweW1WaGlvb0ZlcFBTTkRMNHg0UmJXcjdrZ1p1dnh2YWFTanRPME93bFFHRmNncEoxeEVWbjZ3aUU2ekIwS2w2SXJGZXZzdXNZMS1pSUt2eFpGVEpNNmc?oc=5\" target=\"_blank\" rel=\"nofollow noopener\">El Fiscal General salv\u00f3 a S\u00e1nchez pero se llev\u00f3 por delante al PSOE madrile\u00f1o<\/a>&nbsp;&nbsp;El Mundo<\/li>\n<li><a href=\"https:\/\/news.google.com\/rss\/articles\/CBMi8AFBVV95cUxQaHZaN3VidS12VUkwV2tCTkV0cFlTSUtPM1BqSHFudVpVLWVWZDh5cXRHenJqLTJwQ0s1RTZzTTNLTWRDcXoxTmxDOWF0VDhnbjNsVjRPZTJvdG8yOXExcXI4MURyZHFfNmNwcURDM2htdV9DMVFKM1dSbVNtNXAtNFlFZXNaYWR0TE81S0NDY2MwMVFJUE1QckJFNmg4MkVidUtuTUdsRG9QN0YtREZMNE9mZWRjR0FITlYtN1Y4aG9EVVdCcjl6S3JTQmhnRklpRm10M2pXVDl4dUJIV0lvdFZIcUp6S3c2U0VLWmFMNF8?oc=5\" target=\"_blank\" rel=\"nofollow noopener\">La condena sin sentencia al fiscal general devuelve el foco a la nota de prensa que el Supremo descart\u00f3 \u201caparentemente\u201d<\/a>&nbsp;&nbsp;EL PA\u00cdS<\/li>\n<li><a href=\"https:\/\/news.google.com\/rss\/articles\/CBMijwFBVV95cUxPSzU3Zjl0ZXFqYWFaQnRnRnZBcWJqUTZBeEduZjducXJ2VFBSSzZTOWl2RHpONmdJMHlxNTJXcXo2RG9KeDVBdXJ5UjN0bS1rRnJvZU1UTmFad1hpTmpFTGNFTXB3T3ZnQjBXTGFTOURHQTFPOE4tYTU5Q1BwNElqdVZkNHU4N3Z2T3FvM0o1cw?oc=5\" target=\"_blank\" rel=\"nofollow noopener\">La impunidad de Ayuso<\/a>&nbsp;&nbsp;elDiario.es<\/li>\n<li><a href=\"https:\/\/news.google.com\/rss\/articles\/CBMi9wFBVV95cUxOTWFGWjNtemJ2U3JnVXBCd2ZkS3BaZlF4dnA1MWhwcHM2aWswbmY4b3Z4cWhsUVE2S2Z3VUVzb21XM3RCNTBSLXlJRmctQ1JDZnc0MVJkMkpZWVZ4czBCSjJwTmxmVldvNm1iWTNROGwzTjZIOEE1X3hYaVpnOXFoa2ZwME5pZGlvSEFIQXhFaWV0MGNmX3g4dm1XZWpCby01by1BazBFc0RNc3FrYnJrR05zSGN0OVE5MDIwcDl6cXFSMlFtRnJydkN1Uk1FQk1pSmxoLUx6eHJwWFBlQ1ZEMWVxVTE4MTFXRFpiempwSEpPMWs3dE130gH3AUFVX3lxTE5KVGNGcVJVZl8tblpZSndmTF9aVlpqaHMwcDZaODkybWQ3UzhPdkxHQjVuNV9renBMUHlXRFdlX0laWUo4VHRBRkFMWXlLODRqT1lxbWxFeTlDSVoyZTRGeHZPOTRBYUJFQ29iNlk0R3g4MC1lVTI0RVBlb0RtQ3J4dWlzRTdsaUZnYnNaSVlNa0N2VTZnRG5uT3YzXzRQYjV6WUtrU3JlMVQzcERva1FfUERqSXpqM016NmxMbTBVd1BSWDdETTVVTzNXcUtQd0dGZE05UEhtY01mU01BakNvMGRObDRwT3poQUZHZDlXemVvZWFrNjg?oc=5\" target=\"_blank\" rel=\"nofollow noopener\">El ir\u00f3nico giro que podr\u00eda llevar a Garc\u00eda Ortiz a recuperar su plaza en un Supremo que le ha inhabilitado<\/a>&nbsp;&nbsp;LaSexta<\/li>\n<li><a href=\"https:\/\/news.google.com\/rss\/articles\/CBMiekFVX3lxTE5lZXRGWWd1MzFjdWctelpkcHREdXd0bFNjaFdhdXAtUGpCcVBjTVlXR3FWaDdINTltSlRkQnk5NEhrNGFLdVJ1RFFCSVJCcTlnMk1hb2RVX2pKSEY4RmtJczE2bXJmTkMwaDJxNkhfLXN1YnplMFo1TDNB0gF6QVVfeXFMTkdrcC1NQWpDMW1aWXdNcTZ6OWdQTXZuMVFyVHlaYmhhaWlIM0I2UDVhbnJpcU5LUVZHcnlJaFpBWElrVWVtdWlMX0cxbGNWdmF6VXNmYm16N0FuMUFPUldNRHh4S2txTWpHb3cyWlVMdkI3dlBTNmFEWkE?oc=5\" target=\"_blank\" rel=\"nofollow noopener\">La comparecencia m\u00e1s medida de Ayuso, tras el KO del fiscal general: agenda despejada, ni una coma que &#8216;asuste&#8217; al Tribunal y 10 minutos de p\u00f3lvora y telepr\u00f3nter contra S\u00e1nchez<\/a>&nbsp;&nbsp;El Mundo<\/li>\n<\/ol>\n","protected":false},"excerpt":{"rendered":"El Fiscal General salv\u00f3 a S\u00e1nchez pero se llev\u00f3 por delante al PSOE madrile\u00f1o&nbsp;&nbsp;El Mundo La condena sin&hellip;\n","protected":false},"author":2,"featured_media":249421,"comment_status":"","ping_status":"","sticky":false,"template":"","format":"standard","meta":{"footnotes":""},"categories":[5],"tags":[17,18,25,24,13,14,11,19,20,205,9,10,15,16,23,12,21,22],"class_list":{"0":"post-249420","1":"post","2":"type-post","3":"status-publish","4":"format-standard","5":"has-post-thumbnail","7":"category-titulares","8":"tag-breaking-news","9":"tag-breakingnews","10":"tag-es","11":"tag-espana","12":"tag-featured-news","13":"tag-featurednews","14":"tag-headlines","15":"tag-latest-news","16":"tag-latestnews","17":"tag-madrid","18":"tag-news","19":"tag-noticias","20":"tag-noticias-destacadas","21":"tag-noticiasdestacadas","22":"tag-spain","23":"tag-titulares","24":"tag-ultimas-noticias","25":"tag-ultimasnoticias"},"share_on_mastodon":{"url":"https:\/\/pubeurope.com\/@es\/115592359008730847","error":""},"_links":{"self":[{"href":"https:\/\/www.europesays.com\/es\/wp-json\/wp\/v2\/posts\/249420","targetHints":{"allow":["GET"]}}],"collection":[{"href":"https:\/\/www.europesays.com\/es\/wp-json\/wp\/v2\/posts"}],"about":[{"href":"https:\/\/www.europesays.com\/es\/wp-json\/wp\/v2\/types\/post"}],"author":[{"embeddable":true,"href":"https:\/\/www.europesays.com\/es\/wp-json\/wp\/v2\/users\/2"}],"replies":[{"embeddable":true,"href":"https:\/\/www.europesays.com\/es\/wp-json\/wp\/v2\/comments?post=249420"}],"version-history":[{"count":0,"href":"https:\/\/www.europesays.com\/es\/wp-json\/wp\/v2\/posts\/249420\/revisions"}],"wp:featuredmedia":[{"embeddable":true,"href":"https:\/\/www.europesays.com\/es\/wp-json\/wp\/v2\/media\/249421"}],"wp:attachment":[{"href":"https:\/\/www.europesays.com\/es\/wp-json\/wp\/v2\/media?parent=249420"}],"wp:term":[{"taxonomy":"category","embeddable":true,"href":"https:\/\/www.europesays.com\/es\/wp-json\/wp\/v2\/categories?post=249420"},{"taxonomy":"post_tag","embeddable":true,"href":"https:\/\/www.europesays.com\/es\/wp-json\/wp\/v2\/tags?post=249420"}],"curies":[{"name":"wp","href":"https:\/\/api.w.org\/{rel}","templated":true}]}}