{"id":249424,"date":"2025-11-22T08:21:09","date_gmt":"2025-11-22T08:21:09","guid":{"rendered":"https:\/\/www.europesays.com\/es\/249424\/"},"modified":"2025-11-22T08:21:09","modified_gmt":"2025-11-22T08:21:09","slug":"roberto-ledesma-un-ciclista-muy-polivalente","status":"publish","type":"post","link":"https:\/\/www.europesays.com\/es\/249424\/","title":{"rendered":"Roberto Ledesma, un ciclista muy polivalente"},"content":{"rendered":"<p>La Challenge de Ciclocross balear se puso en marcha a comienzos de este mes en la localidad mallorquina de Puigpunyent y en el pelot\u00f3n, una cara nueva en esta modalidad; la del menorqu\u00edn del GE Es Port de Ciutadella, Roberto Ledesma, que <strong>constat\u00f3 su gran estado de forma, manteniendo un alto ritmo y contrarrestando la diferencia que le hab\u00eda sacado inicialmente un rival<\/strong>, para acabar primer clasificado scratch y en \u00e9lite.<\/p>\n<p>Y as\u00ed, desde que Ledesma, se iniciara hace unos meses en el ciclocross auton\u00f3mico, siendo primero tambi\u00e9n en la segunda y tercera pruebas de Esporles e Inca. El ciclista \u00e9lite, siempre en el Es Port menos dos a\u00f1os sub-23 en el Terrassa catal\u00e1n y el Arabay (Mallorca), <strong>vuelve a mostrar su polivalencia, compitiendo ya sea en BTT, carretera y ahora ciclocross y el gravel, <\/strong>una nueva modalidad en auge aunque poco conocida en la Isla.<\/p>\n<p>Principalmente enfocado en la ruta, admite que \u00ab<strong>mi gran sue\u00f1o siempre ha sido llegar a profesional<\/strong> pero como es algo casi imposible, me gusta ser lo m\u00e1s polivalente posible y probar cosas nuevas como el ciclocross\u00bb, nos explica el ciutadellenc, quien se ha decidido a dar el paso tras a\u00f1os pens\u00e1ndolo. \u00abNo pensaba que fuera tan duro y t\u00e9cnico\u00bb, reconoce Ledesma, que compagina el <a href=\"https:\/\/www.menorca.info\/etiqueta\/ciclismo.html?utm_source=Inline-tag&amp;utm_medium=internal\" rel=\"nofollow noopener\" target=\"_blank\">ciclismo<\/a> con lo estudios; primero en INEFC Barcelona e igual con los estudios posteriores, tambi\u00e9n relacionados con deporte y rendimiento y ahora compagin\u00e1ndolo con un trabajo como preparador f\u00edsico.<\/p>\n<p>Un pionero en el gravel<\/p>\n<p>Ledesma, que en su periplo fuera de la Isla descubri\u00f3, \u00ablo que era el ciclismo amateur de m\u00e1ximo nivel, ya que la mayor\u00eda se dedican \u00fanicamente a entrenar para poder dar el paso a profesional\u00bb, ahora se ha adentrado tambi\u00e9n al gravel. \u00ab<strong>Como una \u2018bici\u2019 de ruta pero con una geometr\u00eda que absorbe mucho las vibraciones<\/strong> y ruedas y cubiertas m\u00e1s anchas\u00bb, analiza el insular, quien estudia caminos en la Isla para entrenar y llegar a competir alg\u00fan d\u00eda.<\/p>\n","protected":false},"excerpt":{"rendered":"La Challenge de Ciclocross balear se puso en marcha a comienzos de este mes en la localidad mallorquina&hellip;\n","protected":false},"author":2,"featured_media":249425,"comment_status":"","ping_status":"","sticky":false,"template":"","format":"standard","meta":{"footnotes":""},"categories":[273],"tags":[313,312,168,25,24,23,167],"class_list":{"0":"post-249424","1":"post","2":"type-post","3":"status-publish","4":"format-standard","5":"has-post-thumbnail","7":"category-ciclismo","8":"tag-ciclismo","9":"tag-cycling","10":"tag-deportes","11":"tag-es","12":"tag-espana","13":"tag-spain","14":"tag-sports"},"share_on_mastodon":{"url":"https:\/\/pubeurope.com\/@es\/115592382622831118","error":""},"_links":{"self":[{"href":"https:\/\/www.europesays.com\/es\/wp-json\/wp\/v2\/posts\/249424","targetHints":{"allow":["GET"]}}],"collection":[{"href":"https:\/\/www.europesays.com\/es\/wp-json\/wp\/v2\/posts"}],"about":[{"href":"https:\/\/www.europesays.com\/es\/wp-json\/wp\/v2\/types\/post"}],"author":[{"embeddable":true,"href":"https:\/\/www.europesays.com\/es\/wp-json\/wp\/v2\/users\/2"}],"replies":[{"embeddable":true,"href":"https:\/\/www.europesays.com\/es\/wp-json\/wp\/v2\/comments?post=249424"}],"version-history":[{"count":0,"href":"https:\/\/www.europesays.com\/es\/wp-json\/wp\/v2\/posts\/249424\/revisions"}],"wp:featuredmedia":[{"embeddable":true,"href":"https:\/\/www.europesays.com\/es\/wp-json\/wp\/v2\/media\/249425"}],"wp:attachment":[{"href":"https:\/\/www.europesays.com\/es\/wp-json\/wp\/v2\/media?parent=249424"}],"wp:term":[{"taxonomy":"category","embeddable":true,"href":"https:\/\/www.europesays.com\/es\/wp-json\/wp\/v2\/categories?post=249424"},{"taxonomy":"post_tag","embeddable":true,"href":"https:\/\/www.europesays.com\/es\/wp-json\/wp\/v2\/tags?post=249424"}],"curies":[{"name":"wp","href":"https:\/\/api.w.org\/{rel}","templated":true}]}}