{"id":249426,"date":"2025-11-22T08:23:12","date_gmt":"2025-11-22T08:23:12","guid":{"rendered":"https:\/\/www.europesays.com\/es\/249426\/"},"modified":"2025-11-22T08:23:12","modified_gmt":"2025-11-22T08:23:12","slug":"valencia-y-baskonia-dan-un-golpe-sobre-la-mesa-en-la-euroliga-baloncesto-deportes","status":"publish","type":"post","link":"https:\/\/www.europesays.com\/es\/249426\/","title":{"rendered":"Valencia y Baskonia dan un golpe sobre la mesa en la Euroliga | Baloncesto | Deportes"},"content":{"rendered":"<p class=\"\">En una jornada de Euroliga en la que el Bar\u00e7a y el Real Madrid hab\u00edan decidido sus respectivos partidos por solo un punto de diferencia, blancos a su favor (100-99 ante Zalgiris) y azulgranas en contra (<a href=\"https:\/\/elpais.com\/deportes\/baloncesto\/2025-11-20\/el-nuevo-barca-de-xavi-pascual-arranca-con-derrota-en-la-euroliga.html\" target=\"_self\" rel=\"nofollow noopener\" title=\"https:\/\/elpais.com\/deportes\/baloncesto\/2025-11-20\/el-nuevo-barca-de-xavi-pascual-arranca-con-derrota-en-la-euroliga.html\">74-73 en Estambul ante el Efes<\/a>), Valencia Basket y Baskonia, los otros dos equipos espa\u00f1oles en liza en la m\u00e1xima competici\u00f3n continental, dieron ayer un buen golpe sobre la mesa.<\/p>\n<p class=\"\">Resolvieron primero su duelo los vitorianos, que remontaron tras un mal arranque ante el Bayern de M\u00fanich y, liderados por un gran Markquis Nowell (12 puntos, ocho asistencias y dos rebotes para un 20 de valoraci\u00f3n), se reencontraron con la senda de la victoria en el Buesa Arena (95-73), donde no jugaban ante su afici\u00f3n desde hace 15 d\u00edas.<\/p>\n<p class=\"\">Media hora m\u00e1s tarde arranc\u00f3 el encuentro del Valencia Basket en el Roig Arena, donde el conjunto de Pedro Mart\u00ednez, <a href=\"https:\/\/elpais.com\/deportes\/baloncesto\/2024-12-15\/sergio-de-larrea-el-espartano-que-ha-roto-el-molde.html\" target=\"_self\" rel=\"nofollow noopener\" title=\"https:\/\/elpais.com\/deportes\/baloncesto\/2024-12-15\/sergio-de-larrea-el-espartano-que-ha-roto-el-molde.html\">otra vez sin el joven Sergio de Larrea por decisi\u00f3n t\u00e9cnica<\/a>, se med\u00eda al Estrella Roja, col\u00edder de la Euroliga con ocho triunfos en 11 jornadas, id\u00e9ntico r\u00e9cord al del sorprendente Hapoel Jerusalem.<\/p>\n<p class=\"\">Lleg\u00f3 el encuentro con apenas una posesi\u00f3n de ventaja para los taronjas a los \u00faltimos diez segundos, y ah\u00ed, con las pulsaciones m\u00e1s disparadas que de costumbre, el serbio Nikola Kalinic err\u00f3 en un saque de banda y entreg\u00f3 el bal\u00f3n a Valencia Basket, que no dej\u00f3 escapar la renta y volvi\u00f3 a ganar (76-73) en Euroliga tras la derrota de la semana pasada en Par\u00eds.<\/p>\n<p class=\"\">\u201cHemos sabido coger el ritmo en defensa a la hora de la verdad y ellos han llegado cansados al tramo final, porque ha sido un partido duro y muy f\u00edsico\u201d, coment\u00f3 <a href=\"https:\/\/elpais.com\/deportes\/baloncesto\/2025-10-29\/el-dueno-del-hapoel-multado-por-su-mensaje-a-pedro-martinez-vuelve-a-meterse-con-el-entrenador-del-valencia-basket.html\" target=\"_self\" rel=\"nofollow noopener\" title=\"https:\/\/elpais.com\/deportes\/baloncesto\/2025-10-29\/el-dueno-del-hapoel-multado-por-su-mensaje-a-pedro-martinez-vuelve-a-meterse-con-el-entrenador-del-valencia-basket.html\">Pedro Mart\u00ednez<\/a> tras la conclusi\u00f3n en los micr\u00f3fonos de Movistar+. \u201cEra un final a cara o cruz. La semana pasada nos sali\u00f3 cruz y esta vez ha salido cara\u201d. <\/p>\n<p class=\"\">\u201c\u00bfQuedarme con uno de mis jugadores hoy? Al final, yo soy m\u00e1s de trabajo en equipo que de distinciones individuales\u201d, sentenci\u00f3 el t\u00e9cnico de un equipo que, s\u00e9ptimo en Euroliga tras el triunfo de este viernes, no cuenta con ning\u00fan jugador entre los 33 m\u00e1ximos anotadores de la competici\u00f3n. Un dato, otro m\u00e1s, que subraya el triunfo de lo colectivo por encima de lo particular.<\/p>\n<p class=\"\"><b>As\u00ed queda la clasificaci\u00f3n de la Euroliga tras la 12\u00aa jornada<\/b><\/p>\n","protected":false},"excerpt":{"rendered":"En una jornada de Euroliga en la que el Bar\u00e7a y el Real Madrid hab\u00edan decidido sus respectivos&hellip;\n","protected":false},"author":2,"featured_media":249427,"comment_status":"","ping_status":"","sticky":false,"template":"","format":"standard","meta":{"footnotes":""},"categories":[269],"tags":[299,298,4714,1540,168,25,24,51989,833,56303,8283,23,167,44772],"class_list":{"0":"post-249426","1":"post","2":"type-post","3":"status-publish","4":"format-standard","5":"has-post-thumbnail","7":"category-baloncesto","8":"tag-baloncesto","9":"tag-basketball","10":"tag-baskonia","11":"tag-competiciones","12":"tag-deportes","13":"tag-es","14":"tag-espana","15":"tag-estrella-roja-baloncesto","16":"tag-euroliga","17":"tag-fc-bayern-munich-baloncesto","18":"tag-jugadores-baloncesto","19":"tag-spain","20":"tag-sports","21":"tag-valencia-basket-club"},"share_on_mastodon":{"url":"https:\/\/pubeurope.com\/@es\/115592390513275912","error":""},"_links":{"self":[{"href":"https:\/\/www.europesays.com\/es\/wp-json\/wp\/v2\/posts\/249426","targetHints":{"allow":["GET"]}}],"collection":[{"href":"https:\/\/www.europesays.com\/es\/wp-json\/wp\/v2\/posts"}],"about":[{"href":"https:\/\/www.europesays.com\/es\/wp-json\/wp\/v2\/types\/post"}],"author":[{"embeddable":true,"href":"https:\/\/www.europesays.com\/es\/wp-json\/wp\/v2\/users\/2"}],"replies":[{"embeddable":true,"href":"https:\/\/www.europesays.com\/es\/wp-json\/wp\/v2\/comments?post=249426"}],"version-history":[{"count":0,"href":"https:\/\/www.europesays.com\/es\/wp-json\/wp\/v2\/posts\/249426\/revisions"}],"wp:featuredmedia":[{"embeddable":true,"href":"https:\/\/www.europesays.com\/es\/wp-json\/wp\/v2\/media\/249427"}],"wp:attachment":[{"href":"https:\/\/www.europesays.com\/es\/wp-json\/wp\/v2\/media?parent=249426"}],"wp:term":[{"taxonomy":"category","embeddable":true,"href":"https:\/\/www.europesays.com\/es\/wp-json\/wp\/v2\/categories?post=249426"},{"taxonomy":"post_tag","embeddable":true,"href":"https:\/\/www.europesays.com\/es\/wp-json\/wp\/v2\/tags?post=249426"}],"curies":[{"name":"wp","href":"https:\/\/api.w.org\/{rel}","templated":true}]}}