{"id":249430,"date":"2025-11-22T08:25:09","date_gmt":"2025-11-22T08:25:09","guid":{"rendered":"https:\/\/www.europesays.com\/es\/249430\/"},"modified":"2025-11-22T08:25:09","modified_gmt":"2025-11-22T08:25:09","slug":"chris-hemsworth-se-confiesa-sobre-su-guerra-contra-el-olvido-con-el-alzheimer-de-su-padre","status":"publish","type":"post","link":"https:\/\/www.europesays.com\/es\/249430\/","title":{"rendered":"Chris Hemsworth se confiesa sobre su guerra contra el olvido con el Alzheimer de su padre"},"content":{"rendered":"<p><a title=\"Chris Hemsworth\" href=\"https:\/\/www.larazon.es\/lifestyle\/secreto-fisico-chris-hemsworth-esta-solo-gimnasio-este-deporte-que-aficionado-b30m_2025082068a43b725331f214bde699d5.html\" target=\"_blank\" rel=\"nofollow noopener\">Chris Hemsworth<\/a> se ha metido en el bolsillo al p\u00fablico. No solo al femenino por sus trabajados m\u00fasculos de Thor, sino tambi\u00e9n por su cercan\u00eda a la hora de darse a conocer. El marido de <a title=\"Elsa Pataky\" href=\"https:\/\/www.larazon.es\/gente\/famosos\/exigente-lujoso-viaje-elsa-pataky-hija-india-africa_2025100368df82266c793a7e698c2464.html\" target=\"_blank\" rel=\"nofollow noopener\">Elsa Pataky<\/a> tiene un don de gentes natural, un magnetismo del que hace gala en todas sus apariciones p\u00fablicas, echando mucha mano al humor para amenizar el d\u00eda a quien le rodea. Parece estar siempre de buen \u00e1nimo y valorar c\u00f3mo la vida le ha sonre\u00eddo siempre, cumpliendo sus sue\u00f1os y formando una familia id\u00edlica en el para\u00edso que supone Australia. <\/p>\n<p>Pero, sin embargo, su sonrisa tambi\u00e9n esconde su dolor. Y es que el actor no es ajeno a los problemas del com\u00fan de los mortales y tambi\u00e9n tiene sus propias preocupaciones. Entre ellas, la que m\u00e1s le atenaza el coraz\u00f3n en estos instantes, el diagn\u00f3stico de Alzheimer de su padre. En cuanto a su familia, \u00e9l siempre se ha mostrado reservado y ha querido alejar la atenci\u00f3n de sus seres queridos. Pero esta vez ha hecho una excepci\u00f3n al hablar la dif\u00edcil situaci\u00f3n que atraviesan los suyos desde que su padre comenzase su deterioro cognitivo. A trav\u00e9s de un documental centrado en esta enfermedad, Chris se abre como nunca. <\/p>\n<p>Chris Hemsworth y la lucha contra el olvido de su padre<\/p>\n<p>El marido de Elsa Pataky recibi\u00f3 como un golpe el diagn\u00f3stico de su padre, pero no se vino abajo. En lugar de eso, quiso conocer mejor al hombre que le dio la vida, descubriendo sus secretos a trav\u00e9s de un viaje que recorr\u00eda Australia de punta a punta. El resultado se ha plasmado en \u2018Un viaje para recordar\u2019, que se estrena el pr\u00f3ximo 24 de noviembre en Disney+. Entre las paradas en su ruta est\u00e1 la granja en la que Craig se crio, entre toros y b\u00fafalos. Tambi\u00e9n regresan a la que fuese su casa de Melbourne en los 90 y donde los hermanos Hemsworth vivieron su adolescencia.<\/p>\n<p><b>\u201cAl menos, \u00e9l y yo pudimos hacer este peque\u00f1o viaje juntos para hacer algo de lo que hab\u00edamos hablado durante muchos a\u00f1os.<\/b> Tengo dos hermanos y tuvimos una infancia y una educaci\u00f3n maravillosas, pero siempre hemos estado todos juntos. Ese tiempo a solas es especial\u201d, recuerda el actor para \u2018Esquire\u2019 la importancia de este periplo para conectar con su progenitor. <b>\u201cSe trata de aferrarse a cada instante. As\u00ed como conectar a un nivel m\u00e1s profundo con la mayor frecuencia posible\u201d<\/b>, destaca. <\/p>\n<p>A Chris Hemsworth le ha costado mucho afrontar el diagn\u00f3stico de Alzheimer de su padre: <b>\u201cNo es un tema del que hable mucho. Quiz\u00e1, en cierto modo, pienso que ser\u00eda un espacio y un momento para sincerarse m\u00e1s sobre sus sentimientos\u201d<\/b>. Pero ha dado pasos agigantados seg\u00fan avanza el documental. Y es que \u00e9l mismo <a title=\"se realiz\u00f3 un estudio gen\u00e9tico que le anunci\u00f3 que posee el gen que le predispone a la enfermedad\" href=\"https:\/\/www.larazon.es\/gente\/asi-adaptado-chris-hemsworth-vida-escapar-alzheimer-que-persigue_2023100665207f9ab2ab570001ff00ea.html\" target=\"_blank\" rel=\"nofollow noopener\">se realiz\u00f3 un estudio gen\u00e9tico que le anunci\u00f3 que posee el gen que le predispone a la enfermedad<\/a>. Le da miedo y le ha costado mucho asimilarlo y enfrentarse a la realidad durante este viaje por Australia le ha ayudado a comprender mejor. <\/p>\n<p>Tambi\u00e9n porque ha podido interesarse en primera persona en los avances prometedores que se est\u00e1n realizando en la batalla contra la enfermedad del olvido. Lo hace de la mano del doctor Suraj Samtani. Psic\u00f3logo cl\u00ednico del Centro para el Envejecimiento Cerebral Saludable de la Universidad de S\u00eddney: <b>\u201cLa ciencia que rodea esta terapia de reminiscencia me pareci\u00f3 un concepto fascinante. La exposici\u00f3n a los recuerdos estimula el hipocampo, la misma parte del cerebro que ataca el Alzheimer\u201d<\/b>. <\/p>\n","protected":false},"excerpt":{"rendered":"Chris Hemsworth se ha metido en el bolsillo al p\u00fablico. No solo al femenino por sus trabajados m\u00fasculos&hellip;\n","protected":false},"author":2,"featured_media":249431,"comment_status":"","ping_status":"","sticky":false,"template":"","format":"standard","meta":{"footnotes":""},"categories":[174],"tags":[255,146,147,25,24,256,23],"class_list":{"0":"post-249430","1":"post","2":"type-post","3":"status-publish","4":"format-standard","5":"has-post-thumbnail","7":"category-famosos","8":"tag-celebrities","9":"tag-entertainment","10":"tag-entretenimiento","11":"tag-es","12":"tag-espana","13":"tag-famosos","14":"tag-spain"},"share_on_mastodon":{"url":"https:\/\/pubeurope.com\/@es\/115592398438409026","error":""},"_links":{"self":[{"href":"https:\/\/www.europesays.com\/es\/wp-json\/wp\/v2\/posts\/249430","targetHints":{"allow":["GET"]}}],"collection":[{"href":"https:\/\/www.europesays.com\/es\/wp-json\/wp\/v2\/posts"}],"about":[{"href":"https:\/\/www.europesays.com\/es\/wp-json\/wp\/v2\/types\/post"}],"author":[{"embeddable":true,"href":"https:\/\/www.europesays.com\/es\/wp-json\/wp\/v2\/users\/2"}],"replies":[{"embeddable":true,"href":"https:\/\/www.europesays.com\/es\/wp-json\/wp\/v2\/comments?post=249430"}],"version-history":[{"count":0,"href":"https:\/\/www.europesays.com\/es\/wp-json\/wp\/v2\/posts\/249430\/revisions"}],"wp:featuredmedia":[{"embeddable":true,"href":"https:\/\/www.europesays.com\/es\/wp-json\/wp\/v2\/media\/249431"}],"wp:attachment":[{"href":"https:\/\/www.europesays.com\/es\/wp-json\/wp\/v2\/media?parent=249430"}],"wp:term":[{"taxonomy":"category","embeddable":true,"href":"https:\/\/www.europesays.com\/es\/wp-json\/wp\/v2\/categories?post=249430"},{"taxonomy":"post_tag","embeddable":true,"href":"https:\/\/www.europesays.com\/es\/wp-json\/wp\/v2\/tags?post=249430"}],"curies":[{"name":"wp","href":"https:\/\/api.w.org\/{rel}","templated":true}]}}