{"id":249436,"date":"2025-11-22T08:29:10","date_gmt":"2025-11-22T08:29:10","guid":{"rendered":"https:\/\/www.europesays.com\/es\/249436\/"},"modified":"2025-11-22T08:29:10","modified_gmt":"2025-11-22T08:29:10","slug":"fallece-a-los-91-anos-la-cantante-ornella-vanoni-icono-de-la-musica-italiana","status":"publish","type":"post","link":"https:\/\/www.europesays.com\/es\/249436\/","title":{"rendered":"Fallece a los 91 a\u00f1os la cantante Ornella Vanoni, \u00edcono de la m\u00fasica italiana"},"content":{"rendered":"<p>Roma (EFE).- La cantante y actriz italiana Ornella Vanoni, una de las voces m\u00e1s emblem\u00e1ticas y longevas de la m\u00fasica italiana, muri\u00f3 este viernes en Mil\u00e1n a los 91 a\u00f1os, seg\u00fan confirm\u00f3 el ministro de Cultura italiano, Alessandro Giuli.<\/p>\n<p>\u00abCon la muerte de Ornella Vanoni, Italia pierde a una de sus artistas m\u00e1s originales y refinadas. Con su voz \u00fanica y una capacidad interpretativa sin igual, ha escrito p\u00e1ginas importantes en la historia de la canci\u00f3n, el teatro y el espect\u00e1culo italiano\u00bb, lament\u00f3 el ministro en un comunicado.<\/p>\n<p>Vanoni (Mil\u00e1n, 1934) es considerada una de las grandes damas de la canci\u00f3n italiana, con grandes \u00e9xitos como \u2018Senza Fine\u2019, junto a Gino Paoli, un tema que con el tiempo se convirti\u00f3 en un cl\u00e1sico de la m\u00fasica italiana.<\/p>\n<p>Con m\u00e1s de siete d\u00e9cadas de actividad ininterrumpida, Vanoni construy\u00f3 una de las trayectorias m\u00e1s amplias y vers\u00e1tiles de la m\u00fasica popular italiana, marcada por su capacidad para evolucionar.<\/p>\n<p><img data-recalc-dims=\"1\" fetchpriority=\"high\" decoding=\"async\" width=\"900\" height=\"585\" src=\"https:\/\/www.europesays.com\/es\/wp-content\/uploads\/2025\/11\/EA6307-ITALY-MUSIC-SANREMO-2021.webp\" alt=\"\" class=\"wp-image-2308227\" style=\"width:980px;height:auto\"  \/>Fotograf\u00eda de archivo de los cantantes italianos Ornella Vanoni y Francesco Gabbani en el escenario del teatro Ariston durante el 71\u00ba Festival de la Canci\u00f3n Italiana de San Remo, San Remo, Italia. EFE\/EPA\/ETTORE FERRARI<\/p>\n<p> Su salto desde el teatro a la m\u00fasica<\/p>\n<p>Inici\u00f3 su carrera como actriz a los 18 a\u00f1os, tras formarse en el Piccolo Teatro de Mil\u00e1n, antes de dar el salto definitivo a la m\u00fasica.<br \/>A mediados de los a\u00f1os sesenta alcanz\u00f3 notoriedad con las \u2018Canzoni della Mala\u2019, un proyecto dedicado a historias de la mala vida milanesa que revel\u00f3 su estilo interpretativo directo y poco convencional.<\/p>\n<p>Su presencia en el Festival de Sanremo \u2014al que acudi\u00f3 en ocho ocasiones\u2014 consolid\u00f3 su imagen p\u00fablica y su popularidad, con temas como \u2018Casa bianca\u2019, que la llevaron al podio en 1968.<\/p>\n<p>Vanoni desarroll\u00f3 una trayectoria art\u00edstica de m\u00e1s de seis d\u00e9cadas marcada por \u00e9xitos, colaboraciones y una presencia constante en la escena musical y teatral de su pa\u00eds.<\/p>\n<p>A lo largo de su larga carrera grab\u00f3 m\u00e1s de cincuenta discos y sigui\u00f3 activa hasta el final: entre sus \u00faltimos trabajos destaca la colaboraci\u00f3n con el popular cantante italiano Mahmood, con quien public\u00f3 en 2024 una versi\u00f3n de su tema \u2018Sant\u2019allegria\u2019.<br \/>Figura ic\u00f3nica de la cultura italiana, su presencia se mantuvo viva en la televisi\u00f3n, el teatro y la m\u00fasica, donde destac\u00f3 por su elegancia interpretativa, su iron\u00eda y su capacidad de reinventarse sin perder identidad.<\/p>\n","protected":false},"excerpt":{"rendered":"Roma (EFE).- La cantante y actriz italiana Ornella Vanoni, una de las voces m\u00e1s emblem\u00e1ticas y longevas de&hellip;\n","protected":false},"author":2,"featured_media":249437,"comment_status":"","ping_status":"","sticky":false,"template":"","format":"standard","meta":{"footnotes":""},"categories":[170],"tags":[146,147,25,24,628,184,185,23],"class_list":{"0":"post-249436","1":"post","2":"type-post","3":"status-publish","4":"format-standard","5":"has-post-thumbnail","7":"category-musica","8":"tag-entertainment","9":"tag-entretenimiento","10":"tag-es","11":"tag-espana","12":"tag-italia","13":"tag-music","14":"tag-musica","15":"tag-spain"},"share_on_mastodon":{"url":"https:\/\/pubeurope.com\/@es\/115592414944196652","error":""},"_links":{"self":[{"href":"https:\/\/www.europesays.com\/es\/wp-json\/wp\/v2\/posts\/249436","targetHints":{"allow":["GET"]}}],"collection":[{"href":"https:\/\/www.europesays.com\/es\/wp-json\/wp\/v2\/posts"}],"about":[{"href":"https:\/\/www.europesays.com\/es\/wp-json\/wp\/v2\/types\/post"}],"author":[{"embeddable":true,"href":"https:\/\/www.europesays.com\/es\/wp-json\/wp\/v2\/users\/2"}],"replies":[{"embeddable":true,"href":"https:\/\/www.europesays.com\/es\/wp-json\/wp\/v2\/comments?post=249436"}],"version-history":[{"count":0,"href":"https:\/\/www.europesays.com\/es\/wp-json\/wp\/v2\/posts\/249436\/revisions"}],"wp:featuredmedia":[{"embeddable":true,"href":"https:\/\/www.europesays.com\/es\/wp-json\/wp\/v2\/media\/249437"}],"wp:attachment":[{"href":"https:\/\/www.europesays.com\/es\/wp-json\/wp\/v2\/media?parent=249436"}],"wp:term":[{"taxonomy":"category","embeddable":true,"href":"https:\/\/www.europesays.com\/es\/wp-json\/wp\/v2\/categories?post=249436"},{"taxonomy":"post_tag","embeddable":true,"href":"https:\/\/www.europesays.com\/es\/wp-json\/wp\/v2\/tags?post=249436"}],"curies":[{"name":"wp","href":"https:\/\/api.w.org\/{rel}","templated":true}]}}