{"id":249460,"date":"2025-11-22T08:49:09","date_gmt":"2025-11-22T08:49:09","guid":{"rendered":"https:\/\/www.europesays.com\/es\/249460\/"},"modified":"2025-11-22T08:49:09","modified_gmt":"2025-11-22T08:49:09","slug":"barcelona-remodela-feas-paredes-noticias-de-cataluna","status":"publish","type":"post","link":"https:\/\/www.europesays.com\/es\/249460\/","title":{"rendered":"Barcelona remodela feas paredes | Noticias de Catalu\u00f1a"},"content":{"rendered":"<p class=\"\">Una pared medianera -mitgera en catal\u00e1n- es el muro lateral de un edificio que lo separa de la propiedad contigua. Los vecinos no acostumbran a pensar en \u00e9l salvo que quieran aprovecharlo por alg\u00fan motivo. Si alguien planea hacer una obra que la afecte puede modificarla en proporci\u00f3n al derecho que tenga sobre la pared, con el consentimiento del vecino y, l\u00f3gicamente, sin impedir su uso. El C\u00f3digo Civil dedica unos cuantos art\u00edculos a regular su aprovechamiento y en caso de conflicto m\u00e1s de una aseguradora aconseja acudir a un mediador para solventarlo. Estas superficies divisorias no est\u00e1n pensadas para ser visibles, pero muchas, y por muchas circunstancias, quedan desnudas, expuestas y\u2026 son feas, agreden al paisaje urbano. <a href=\"https:\/\/elpais.com\/diario\/2007\/04\/11\/catalunya\/1176253656_850215.html\" target=\"_self\" rel=\"nofollow noopener\" title=\"https:\/\/elpais.com\/diario\/2007\/04\/11\/catalunya\/1176253656_850215.html\">En Barcelona hay casi seis mil paredes medianeras a la vista<\/a> de las que, seg\u00fan la Fundaci\u00f3 Mies van der Rohe, 348 son permanentes y tienen m\u00e1s de 100 metros cuadrados. Es decir, que nunca habr\u00e1 un nuevo edificio que acabe ocult\u00e1ndolas. Para mejorar el espacio p\u00fablico de la ciudad, el Ayuntamiento tiene un programa para transformarlas.<\/p>\n<p class=\"\">Hace 25 a\u00f1os que se puso en marcha <a href=\"https:\/\/elpais.com\/espana\/catalunya\/2024-10-03\/barcelona-remodelara-10-paredes-medianeras-para-abrir-ventanas-y-llenarlas-de-vegetacion.html\" target=\"_self\" rel=\"nofollow noopener\" title=\"https:\/\/elpais.com\/espana\/catalunya\/2024-10-03\/barcelona-remodelara-10-paredes-medianeras-para-abrir-ventanas-y-llenarlas-de-vegetacion.html\">el Pla de Remodelaci\u00f3 de Mitgeres de Barcelona<\/a> para ir eliminando estas discontinuidades urbanas. Una pol\u00edtica de subvenciones con la aportaci\u00f3n econ\u00f3mica de los vecinos. Y es en este contexto que en el 2024 el Ayuntamiento y la Fundaci\u00f3 convocaron un concurso internacional de arquitectos j\u00f3venes, nacidos a partir de enero de 1989, para intervenir en diez paredes divisorias, de las que han quedado a la vista. Una en cada uno de los distritos de la ciudad. Ser\u00e1 una m\u00e1s de las celebraciones pensadas para el 2026, cuando Barcelona sea la Capital Mundial de la Arquitectura.<\/p>\n<p class=\"\">Al jurado del concurso le llegaron 439 propuestas de 51 pa\u00edses. No es un concurso con un gran bot\u00edn. Seg\u00fan sus bases, el primer premio estaba dotado con 3.000 euros y la consultor\u00eda de seguimiento de la obra con otros tres mil. Eso s\u00ed, los autores del proyecto ganador estar\u00e1n invitados a la jornada inaugural de la obra. Estos d\u00edas, hasta el 14 de diciembre, en lo que fue el muelle de carga y descarga del edificio de la editorial Gustavo Gili, un almac\u00e9n di\u00e1fano, una serie de paneles muestran los proyectos ganadores. Tambi\u00e9n est\u00e1 abierta en el web de Barcelona 2026<a href=\"https:\/\/competition2026.com\/\" target=\"_self\" rel=\"nofollow noopener\" title=\"https:\/\/competition2026.com\/\"> una completa exposici\u00f3n virtual con las 343 propuestas<\/a> revisadas por el jurado. Se trata de algo m\u00e1s que una maniobra de camuflaje con murales, grafitis o trampantojos, como el espl\u00e9ndido que hay en la plaza Pablo Neruda. Balcons de Barcelona, as\u00ed se llama, fue inaugurado en 1992 y simula una fachada en cuyos balcones imaginarios habitan 26 personajes de la historia de la ciudad.<\/p>\n<p class=\"\">La teor\u00eda de todo eso la expone con sencillez<a href=\"https:\/\/elpais.com\/espana\/catalunya\/2023-06-22\/collboni-nombra-arquitecta-jefa-a-la-ex-concejal-de-erc-maria-buhigas-y-recupera-la-figura-del-ingeniero-jefe.html\" target=\"_self\" rel=\"nofollow noopener\" title=\"https:\/\/elpais.com\/espana\/catalunya\/2023-06-22\/collboni-nombra-arquitecta-jefa-a-la-ex-concejal-de-erc-maria-buhigas-y-recupera-la-figura-del-ingeniero-jefe.html\"> Mar\u00eda Buhigas, la arquitecta jefe del Ayuntamiento<\/a>: \u201ces un gesto arquitect\u00f3nico peque\u00f1o que supone una transformaci\u00f3n muy grande\u201d. En el v\u00eddeo de la exposici\u00f3n considera que todo ello ser\u00e1 un legado de la capitalidad del 2026. El d\u00eda que fui, el estudiante de Arquitectura encargado de atender a los visitantes, Daniel Fern\u00e1ndez, me defendi\u00f3 la idea del concurso con convicci\u00f3n y amabilidad. No se trataba \u00fanicamente de un reto est\u00e9tico, tambi\u00e9n supon\u00eda una mejora de las viviendas. \u201cGana la ciudad y ganan los vecinos\u201d. Unos vecinos que no est\u00e1n apartados de las decisiones. Sobre el proyecto ganador tienen una serie de facultades. Por ejemplo, explica, pueden negarse a que en su piso se abra una de las ventanas proyectadas y que deber\u00eda costear. Eso explica que a pesar de que en el plano de la propuesta ganadora figuren ocho, el proyecto definitivo tenga tres menos. <\/p>\n<p class=\"\">El hecho de que se conviertan en fachadas, no \u00fanicamente se pinten, supone mejoras de muchos tipos. Por ejemplo, si engrosa la pared mejora la inercia t\u00e9rmica dificultando el tr\u00e1nsito del calor y del fr\u00edo lo que supone un menor gasto en calefacci\u00f3n o aire acondicionado. \u201cEl uso de vegetaci\u00f3n es un elemento clim\u00e1tico pasivo importante\u201d. Y ante una fachada donde se han incorporado nidos para los p\u00e1jaros, comenta Fern\u00e1ndez con humor, podr\u00e1s llegar a pensarte que est\u00e1s en la Cerdanya. La inclusi\u00f3n de nidos era opcional en las bases.<\/p>\n<p class=\"\">Los edificios donde se intervendr\u00e1 est\u00e1 en la plaza Martina Castells; el jard\u00edn de la carretera Antiga Horta, el de Mari\u00e0 Manent y el de Caterina Albert; las placetas de Charlot y Grau as\u00ed como en las calles Quetzal 5-7, avenida de Madrid 161, Morat\u00edn 6 y Espronceda 321f. Sus diez antip\u00e1ticos muros se convertir\u00e1n en verdaderas fachadas que dialogan con el paisaje que les rodea y mejoran la ventilaci\u00f3n de las viviendas. Seg\u00fan la personalidad de cada proyecto, hay distintos tipos de aperturas, terrazas, corredores, jardiner\u00eda vertical y algunos aprovechan las placas solares no pensando \u00fanicamente en el ahorro energ\u00e9tico. Son una guarnici\u00f3n est\u00e9tica, bien visible.<\/p>\n","protected":false},"excerpt":{"rendered":"Una pared medianera -mitgera en catal\u00e1n- es el muro lateral de un edificio que lo separa de la&hellip;\n","protected":false},"author":2,"featured_media":249461,"comment_status":"","ping_status":"","sticky":false,"template":"","format":"standard","meta":{"footnotes":""},"categories":[173],"tags":[801,229,233,231,230,210,1980,7580,232,234,146,147,25,24,23,2965],"class_list":{"0":"post-249460","1":"post","2":"type-post","3":"status-publish","4":"format-standard","5":"has-post-thumbnail","7":"category-arte-y-diseno","8":"tag-arquitectura","9":"tag-arte","10":"tag-arte-y-diseno","11":"tag-arts","12":"tag-arts-and-design","13":"tag-barcelona","14":"tag-cataluna","15":"tag-concursos","16":"tag-design","17":"tag-diseno","18":"tag-entertainment","19":"tag-entretenimiento","20":"tag-es","21":"tag-espana","22":"tag-spain","23":"tag-urbanismo"},"share_on_mastodon":{"url":"https:\/\/pubeurope.com\/@es\/115592492652306337","error":""},"_links":{"self":[{"href":"https:\/\/www.europesays.com\/es\/wp-json\/wp\/v2\/posts\/249460","targetHints":{"allow":["GET"]}}],"collection":[{"href":"https:\/\/www.europesays.com\/es\/wp-json\/wp\/v2\/posts"}],"about":[{"href":"https:\/\/www.europesays.com\/es\/wp-json\/wp\/v2\/types\/post"}],"author":[{"embeddable":true,"href":"https:\/\/www.europesays.com\/es\/wp-json\/wp\/v2\/users\/2"}],"replies":[{"embeddable":true,"href":"https:\/\/www.europesays.com\/es\/wp-json\/wp\/v2\/comments?post=249460"}],"version-history":[{"count":0,"href":"https:\/\/www.europesays.com\/es\/wp-json\/wp\/v2\/posts\/249460\/revisions"}],"wp:featuredmedia":[{"embeddable":true,"href":"https:\/\/www.europesays.com\/es\/wp-json\/wp\/v2\/media\/249461"}],"wp:attachment":[{"href":"https:\/\/www.europesays.com\/es\/wp-json\/wp\/v2\/media?parent=249460"}],"wp:term":[{"taxonomy":"category","embeddable":true,"href":"https:\/\/www.europesays.com\/es\/wp-json\/wp\/v2\/categories?post=249460"},{"taxonomy":"post_tag","embeddable":true,"href":"https:\/\/www.europesays.com\/es\/wp-json\/wp\/v2\/tags?post=249460"}],"curies":[{"name":"wp","href":"https:\/\/api.w.org\/{rel}","templated":true}]}}