{"id":249464,"date":"2025-11-22T08:52:10","date_gmt":"2025-11-22T08:52:10","guid":{"rendered":"https:\/\/www.europesays.com\/es\/249464\/"},"modified":"2025-11-22T08:52:10","modified_gmt":"2025-11-22T08:52:10","slug":"vans-anuncia-nueva-colaboracion-con-las-guerreras-k-pop","status":"publish","type":"post","link":"https:\/\/www.europesays.com\/es\/249464\/","title":{"rendered":"VANS anuncia nueva colaboraci\u00f3n con las Guerreras K-Pop"},"content":{"rendered":"<p>\t\t\t\t\t<img fetchpriority=\"high\" decoding=\"async\" class=\"size-full wp-image-12531427\" src=\"https:\/\/www.europesays.com\/es\/wp-content\/uploads\/2025\/11\/Las-Guerreras-K-Pop1.jpg\" alt=\"\" width=\"1200\" height=\"675\"  \/>Foto: Cortes\u00eda Netflix<\/p>\n<p>Algo que no cre\u00edmos que llegar\u00eda pronto y sobre todo que pens\u00e1bamos \u00edbamos a necesitar es la nueva colecci\u00f3n de Las Guerreras K-Pop que ha anunciado VANS, a continuaci\u00f3n te diremos todos lo detalles que vienen de esta nueva l\u00ednea que est\u00e1 vibrando muy alto.<\/p>\n<p>\u00bfCu\u00e1ndo sale la nueva colaboraci\u00f3n entre VANS y las Guerreras K-Pop?<\/p>\n<p>Por el momento no han anunciado una fecha de lanzamiento oficial, no obstante ya se hicieron presentes con un peque\u00f1o corto en el que mencionan que Las Guerreras estar\u00e1n pronto dentro de sus productos.<\/p>\n<blockquote class=\"instagram-media\" style=\"background: #FFF; border: 0; border-radius: 3px; box-shadow: 0 0 1px 0 rgba(0,0,0,0.5),0 1px 10px 0 rgba(0,0,0,0.15); margin: 1px; max-width: 540px; min-width: 326px; padding: 0; width: calc(100% - 2px);\" data-instgrm-permalink=\"https:\/\/www.instagram.com\/reel\/DRVE0Qzjp_t\/?utm_source=ig_embed&amp;utm_campaign=loading\" data-instgrm-version=\"14\">\n<\/blockquote>\n<p>\u00bfPor qu\u00e9 se dice que Las guerreras K-Pop es la pel\u00edcula m\u00e1s popular de Netflix?<\/p>\n<p data-start=\"690\" data-end=\"1017\">La producci\u00f3n animada logr\u00f3 lo que pocas cintas en la plataforma han alcanzado: convertirse en la m\u00e1s vista de todos los tiempos en su categor\u00eda. De acuerdo con los datos oficiales de Netflix, Las guerreras del K-Pop acumul\u00f3 un total de <strong data-start=\"929\" data-end=\"964\">236 millones de visualizaciones<\/strong>, consolidando su lugar en el n\u00famero uno hist\u00f3rico.<\/p>\n<p>\u00bfQu\u00e9 canciones llegaron al Top de Billboard?<\/p>\n<p data-start=\"1925\" data-end=\"2172\">El impacto de Las guerreras del K-Pop no solo se ha quedado en la pantalla, sino que tambi\u00e9n ha resonado en la industria musical. El \u00e1lbum oficial de la pel\u00edcula logr\u00f3 posicionar <strong data-start=\"2106\" data-end=\"2169\">cuatro de sus canciones originales en el top 5 de Billboard<\/strong>:<\/p>\n<ul data-start=\"2173\" data-end=\"2340\">\n<li data-start=\"2173\" data-end=\"2210\">\n<p data-start=\"2175\" data-end=\"2210\">\u201cGolden\u201d alcanz\u00f3 el <strong data-start=\"2195\" data-end=\"2207\">n\u00famero 1<\/strong>.<\/p>\n<\/li>\n<li data-start=\"2211\" data-end=\"2254\">\n<p data-start=\"2213\" data-end=\"2254\">\u201cSoda Pop\u201d se ubic\u00f3 en el <strong data-start=\"2239\" data-end=\"2251\">n\u00famero 3<\/strong>.<\/p>\n<\/li>\n<li data-start=\"2255\" data-end=\"2293\">\n<p data-start=\"2257\" data-end=\"2293\">\u201cYour Idol\u201d lleg\u00f3 al <strong data-start=\"2278\" data-end=\"2290\">n\u00famero 4<\/strong>.<\/p>\n<\/li>\n<li data-start=\"2294\" data-end=\"2340\">\n<p data-start=\"2296\" data-end=\"2340\">\u201cHow It\u2019s Done\u201d consigui\u00f3 el <strong data-start=\"2325\" data-end=\"2337\">n\u00famero 5<\/strong>.<\/p>\n<\/li>\n<\/ul>\n<p data-start=\"2342\" data-end=\"2555\">El tema principal, Golden, incluso cuenta con doblaje en <strong data-start=\"2401\" data-end=\"2417\">ocho idiomas<\/strong>, incluido el espa\u00f1ol latinoamericano, y ya est\u00e1 disponible en Spotify, lo que permite a los fans corear la canci\u00f3n en su propio idioma.<\/p>\n<p>LEER M\u00c1S:\u00a0<a href=\"https:\/\/www.merca20.com\/cuales-son-los-documentos-necesarios-para-recoger-la-tarjeta-para-los-de-nuevo-ingreso-de-la-beca-rita-cetina\/\" target=\"_blank\" rel=\"noopener nofollow\">\u00bfCu\u00e1les son los documentos necesarios para recoger la tarjeta para los de nuevo ingreso de la Beca Rita Cetina?<\/a><br \/>\n\u00bfQui\u00e9n est\u00e1 tras las canciones de Las guerreras\u00a0 K-Pop?<\/p>\n<p data-start=\"2602\" data-end=\"2951\">La banda sonora de la pel\u00edcula cuenta con la interpretaci\u00f3n de artistas como EJAE, Audrey Nuna, Rei Ami, Andrew Choi, Kevin Woo y la reconocida Lea Salonga. Entre los productores destacan nombres vinculados a la industria del K-Pop como TEDDY, 24 e IDO, junto con compositores de renombre internacional como Jenna Andrews, Stephen Kirk y Lindgren.<\/p>\n<p data-start=\"2953\" data-end=\"3108\">Adem\u00e1s, el compositor Marcelo Zarvos estuvo a cargo de la partitura original, d\u00e1ndole un toque sinf\u00f3nico que complementa la energ\u00eda pop de las canciones.<\/p>\n<p>\u00bfQu\u00e9 sigue de Las guerreras K-Pop?<\/p>\n<p data-start=\"3144\" data-end=\"3452\">Para extender la experiencia, Netflix lanz\u00f3 <strong data-start=\"3188\" data-end=\"3223\">\u201cCanta con las guerreras K-Pop\u201d<\/strong>, una funci\u00f3n especial que permite a los usuarios unirse al fen\u00f3meno musical desde casa. Con esta iniciativa, la plataforma busca reforzar la interacci\u00f3n de los fans con las canciones y ampliar el alcance cultural del proyecto.<\/p>\n<p data-start=\"3454\" data-end=\"3669\">En definitiva, Las guerreras del K-Pop no solo es un \u00e9xito en cifras, sino un fen\u00f3meno global que une m\u00fasica, animaci\u00f3n y cultura pop en una producci\u00f3n que ha conquistado a millones de personas en todo el mundo.<\/p>\n<p>\ud83d\udc49 <strong><a href=\"https:\/\/news.google.com\/publications\/CAAqJQgKIh9DQklTRVFnTWFnMEtDMjFsY21OaE1qQXVZMjl0S0FBUAE?ceid=MX:es-419&amp;oc=3\" rel=\"nofollow noopener\" target=\"_blank\">S\u00edguenos en Google News<\/a><\/strong>.<\/p>\n<p>\t\t\t\t<script async src=\"\/\/www.instagram.com\/embed.js\"><\/script><\/p>\n","protected":false},"excerpt":{"rendered":"Foto: Cortes\u00eda Netflix Algo que no cre\u00edmos que llegar\u00eda pronto y sobre todo que pens\u00e1bamos \u00edbamos a necesitar&hellip;\n","protected":false},"author":2,"featured_media":224296,"comment_status":"","ping_status":"","sticky":false,"template":"","format":"standard","meta":{"footnotes":""},"categories":[170],"tags":[146,147,25,24,6523,184,185,23],"class_list":{"0":"post-249464","1":"post","2":"type-post","3":"status-publish","4":"format-standard","5":"has-post-thumbnail","7":"category-musica","8":"tag-entertainment","9":"tag-entretenimiento","10":"tag-es","11":"tag-espana","12":"tag-home","13":"tag-music","14":"tag-musica","15":"tag-spain"},"share_on_mastodon":{"url":"https:\/\/pubeurope.com\/@es\/115592504993725568","error":""},"_links":{"self":[{"href":"https:\/\/www.europesays.com\/es\/wp-json\/wp\/v2\/posts\/249464","targetHints":{"allow":["GET"]}}],"collection":[{"href":"https:\/\/www.europesays.com\/es\/wp-json\/wp\/v2\/posts"}],"about":[{"href":"https:\/\/www.europesays.com\/es\/wp-json\/wp\/v2\/types\/post"}],"author":[{"embeddable":true,"href":"https:\/\/www.europesays.com\/es\/wp-json\/wp\/v2\/users\/2"}],"replies":[{"embeddable":true,"href":"https:\/\/www.europesays.com\/es\/wp-json\/wp\/v2\/comments?post=249464"}],"version-history":[{"count":0,"href":"https:\/\/www.europesays.com\/es\/wp-json\/wp\/v2\/posts\/249464\/revisions"}],"wp:featuredmedia":[{"embeddable":true,"href":"https:\/\/www.europesays.com\/es\/wp-json\/wp\/v2\/media\/224296"}],"wp:attachment":[{"href":"https:\/\/www.europesays.com\/es\/wp-json\/wp\/v2\/media?parent=249464"}],"wp:term":[{"taxonomy":"category","embeddable":true,"href":"https:\/\/www.europesays.com\/es\/wp-json\/wp\/v2\/categories?post=249464"},{"taxonomy":"post_tag","embeddable":true,"href":"https:\/\/www.europesays.com\/es\/wp-json\/wp\/v2\/tags?post=249464"}],"curies":[{"name":"wp","href":"https:\/\/api.w.org\/{rel}","templated":true}]}}