{"id":249511,"date":"2025-11-22T09:31:10","date_gmt":"2025-11-22T09:31:10","guid":{"rendered":"https:\/\/www.europesays.com\/es\/249511\/"},"modified":"2025-11-22T09:31:10","modified_gmt":"2025-11-22T09:31:10","slug":"pogacar-me-asusta-que-evenepoel-llegue-a-ser-mejor","status":"publish","type":"post","link":"https:\/\/www.europesays.com\/es\/249511\/","title":{"rendered":"Pogacar: \u201cMe asusta que Evenepoel llegue a ser mejor\u201d"},"content":{"rendered":"<p class=\"\"><a href=\"https:\/\/as.com\/noticias\/tadej-pogacar\/\" target=\"_self\" rel=\"nofollow noopener\" title=\"https:\/\/as.com\/noticias\/tadej-pogacar\/\"><b>Tadej Pogacar<\/b> disfruta de su tiempo libre.<\/a> Aunque sea poco del que dispone&#8230; Es por ello que, antes de elevar la intensidad de una pretemporada que para \u00e9l ya comenz\u00f3, el esloveno se dej\u00f3 ver en Mil\u00e1n el pasado viernes en un <b>torneo amistoso de p\u00e1del<\/b> en el que comparti\u00f3 pista con otros ciclistas, algunos ya retirados como el c\u00e9lebre <b>Thor Hushovd<\/b><b>.<\/b> \u201cYa perd\u00ed, as\u00ed que para m\u00ed se acab\u00f3. Maxim van Gils me gan\u00f3. Pero lo disfrut\u00e9. <b>Prefiero perder un partido de p\u00e1del que una carrera,<\/b> porque ese sigue siendo mi trabajo\u201d, explic\u00f3 un sonriente Pogacar al portal Sporza, encajando la derrota con sentido del humor.<\/p>\n<p class=\"\">Todo lo contrario supondr\u00eda un traspi\u00e9s sobre el <b>asfalto, donde el esloveno acostumbra a no dejar t\u00edtere con cabeza.<\/b> Para el citado portal belga, Pogi adelant\u00f3 sus principales objetivos para el pr\u00f3ximo curso de un calendario que revelar\u00e1 oficialmente el pr\u00f3ximo 13 de diciembre en Benidorm, durante el \u2018d\u00eda de medios\u2019 del equipo UAE: <b>\u201cQuiero volver a luchar por la Mil\u00e1n-San Remo y la Par\u00eds-Roubaix.<\/b> Ganar una cl\u00e1sica es mucho m\u00e1s importante que simplemente pensar que puedes ganarla. Todos los periodistas convierten esas carreras en mis grandes objetivos, pero yo solo quiero dar lo mejor de m\u00ed\u201d.<\/p>\n<p><img decoding=\"async\" src=\"https:\/\/www.europesays.com\/es\/wp-content\/uploads\/2025\/11\/IYAE4WLLSBHN7HOJ6GVZUGBVE4.png\" alt=\"Pogacar: \u201cMe asusta que Evenepoel llegue a ser mejor\u201d\" height=\"763\" width=\"464\"   loading=\"lazy\"\/>Pogacar, junto a Thor Hushovd.InstagramNoticias relacionadas<\/p>\n<p class=\"\">Precisamente, en la Classicissima coincidir\u00eda por primera vez, una vez se confirme oficialmente su calendario de carreras, con un<b> Remco Evenepoel<\/b> del que teme una significativa mejor\u00eda tras su <a href=\"https:\/\/as.com\/ciclismo\/mas_ciclismo\/el-dilema-de-evenepoel-doblete-giro-tour-o-mas-clasicas-f202511-n\/\" target=\"_self\" rel=\"nofollow noopener\" title=\"https:\/\/as.com\/ciclismo\/mas_ciclismo\/el-dilema-de-evenepoel-doblete-giro-tour-o-mas-clasicas-f202511-n\/\"><b>fichaje por el Red Bull Bora:<\/b><\/a> \u201cPara Remco, el cambio puede ser positivo. Pas\u00f3 de un superequipo a otro. Ser\u00e1 interesante ver si puede dar un paso m\u00e1s. Espero que no, porque ya <b>lo considero muy fuerte y dominante. Me asusta que pueda llegar a ser a\u00fan mejor.<\/b> Pero creo que lo har\u00e1 bien. El mundo entero seguir\u00e1 sus pr\u00f3ximos pasos con gran inter\u00e9s\u201d. Pogacar no le quitar\u00e1 ojo&#8230;<\/p>\n<p class=\"\"><b>\u00a1Tus opiniones importan!<\/b> Comenta en los art\u00edculos y suscr\u00edbete gratis a nuestra <a href=\"https:\/\/asfan.as.com\/newsletters\/\" target=\"_blank\" rel=\"nofollow noopener\" title=\"https:\/\/asfan.as.com\/newsletters\/\">newsletter<\/a> y a las alertas informativas en la <a href=\"https:\/\/as.com\/aplicacion-de-as-n\/\" target=\"_blank\" rel=\"nofollow noopener\" title=\"https:\/\/as.com\/aplicacion-de-as-n\/\">App<\/a> o el canal de <a href=\"https:\/\/www.whatsapp.com\/channel\/0029VaAasdA7j6g745nz9M10\" target=\"_blank\" rel=\"nofollow noopener\" title=\"https:\/\/www.whatsapp.com\/channel\/0029VaAasdA7j6g745nz9M10\">WhatsApp<\/a>. \u00bfBuscas licenciar contenido? Haz clic <a href=\"https:\/\/profesional.elpais.com\/soluciones-sindicacion?utm_medium=interno&amp;utm_source=crosslinking&amp;utm_campaign=sindicacion_as_pie_articulos\" target=\"_blank\" rel=\"nofollow noopener\" title=\"https:\/\/profesional.elpais.com\/soluciones-sindicacion?utm_medium=interno&amp;utm_source=crosslinking&amp;utm_campaign=sindicacion_as_pie_articulos\">aqu\u00ed<\/a><\/p>\n","protected":false},"excerpt":{"rendered":"Tadej Pogacar disfruta de su tiempo libre. Aunque sea poco del que dispone&#8230; Es por ello que, antes&hellip;\n","protected":false},"author":2,"featured_media":249512,"comment_status":"","ping_status":"","sticky":false,"template":"","format":"standard","meta":{"footnotes":""},"categories":[273],"tags":[313,312,168,25,24,23,167],"class_list":{"0":"post-249511","1":"post","2":"type-post","3":"status-publish","4":"format-standard","5":"has-post-thumbnail","7":"category-ciclismo","8":"tag-ciclismo","9":"tag-cycling","10":"tag-deportes","11":"tag-es","12":"tag-espana","13":"tag-spain","14":"tag-sports"},"share_on_mastodon":{"url":"https:\/\/pubeurope.com\/@es\/115592658010361360","error":""},"_links":{"self":[{"href":"https:\/\/www.europesays.com\/es\/wp-json\/wp\/v2\/posts\/249511","targetHints":{"allow":["GET"]}}],"collection":[{"href":"https:\/\/www.europesays.com\/es\/wp-json\/wp\/v2\/posts"}],"about":[{"href":"https:\/\/www.europesays.com\/es\/wp-json\/wp\/v2\/types\/post"}],"author":[{"embeddable":true,"href":"https:\/\/www.europesays.com\/es\/wp-json\/wp\/v2\/users\/2"}],"replies":[{"embeddable":true,"href":"https:\/\/www.europesays.com\/es\/wp-json\/wp\/v2\/comments?post=249511"}],"version-history":[{"count":0,"href":"https:\/\/www.europesays.com\/es\/wp-json\/wp\/v2\/posts\/249511\/revisions"}],"wp:featuredmedia":[{"embeddable":true,"href":"https:\/\/www.europesays.com\/es\/wp-json\/wp\/v2\/media\/249512"}],"wp:attachment":[{"href":"https:\/\/www.europesays.com\/es\/wp-json\/wp\/v2\/media?parent=249511"}],"wp:term":[{"taxonomy":"category","embeddable":true,"href":"https:\/\/www.europesays.com\/es\/wp-json\/wp\/v2\/categories?post=249511"},{"taxonomy":"post_tag","embeddable":true,"href":"https:\/\/www.europesays.com\/es\/wp-json\/wp\/v2\/tags?post=249511"}],"curies":[{"name":"wp","href":"https:\/\/api.w.org\/{rel}","templated":true}]}}