{"id":249515,"date":"2025-11-22T09:34:12","date_gmt":"2025-11-22T09:34:12","guid":{"rendered":"https:\/\/www.europesays.com\/es\/249515\/"},"modified":"2025-11-22T09:34:12","modified_gmt":"2025-11-22T09:34:12","slug":"los-cedidos-que-mandan-en-europa","status":"publish","type":"post","link":"https:\/\/www.europesays.com\/es\/249515\/","title":{"rendered":"Los cedidos que mandan en Europa"},"content":{"rendered":"<p><b>Everton: Grealish<\/b><\/p>\n<p class=\"\">Jack Grealish ha recuperado su mejor versi\u00f3n en el Everton, donde est\u00e1 firmando una destacada cesi\u00f3n con <b>1 gol y 4 asistencias en 10 partidos<\/b>. El ingl\u00e9s se ha convertido en el motor ofensivo del equipo, aportando <b>regate, visi\u00f3n y desequilibrio constante<\/b> en el \u00faltimo tercio. Promedia m\u00e1s de <b>4 regates exitosos por partido<\/b> y genera m\u00faltiples faltas y ocasiones de peligro. Su liderazgo y calidad t\u00e9cnica lo han convertido en <b>una pieza clave en el ataque <\/b><b>toffee<\/b> y en una de las <b>cesiones m\u00e1s productivas de la temporada<\/b>.<\/p>\n<p><b>Tottenham: Palhinha<\/b><\/p>\n<p class=\"\">Cedido por el Bayern, Jo\u00e3o Palhinha se ha convertido en el <b>equilibrio del mediocampo del Tottenham<\/b> gracias a su <b>entrega, fuerza y lectura de juego<\/b>. El portugu\u00e9s destaca por su gran capacidad para recuperar balones y romper ataques rivales, promediando casi <b>9 recuperaciones por partido<\/b> y siendo uno de los que m\u00e1s duelos defensivos gana en el equipo. Adem\u00e1s, <b>mantiene una buena precisi\u00f3n en el pase<\/b>, con m\u00e1s de 31 entregas correctas por encuentro, lo que le permite <b>conectar la defensa con el ataque<\/b> con seguridad. Con su experiencia y constancia, Palhinha se ha consolidado como un <b>jugador clave en el esquema de los Spurs<\/b>, aportando equilibrio y car\u00e1cter en cada partido.<\/p>\n<p><b>Inter: Akanji<\/b><\/p>\n<p class=\"\">Manuel Akanji est\u00e1 firmando una <b>temporada de enorme solidez en el Inter<\/b>, donde se ha convertido en uno de los pilares de la defensa. Cedido desde el Manchester City, el suizo ha recuperado su mejor versi\u00f3n combinando <b>jerarqu\u00eda, precisi\u00f3n y lectura de juego<\/b>. Promedia m\u00e1s de nueve recuperaciones y siete pases progresivos exitosos por partido, mostrando <b>una gran capacidad para anticipar y salir jugando desde atr\u00e1s<\/b>. Su fiabilidad en el uno contra uno y su temple bajo presi\u00f3n lo han consolidado como un central de garant\u00edas, siendo <b>una pieza clave<\/b> para la zaga de Chivu.<\/p>\n<p><b>N\u00e1poles: H\u00f8jlund<\/b><\/p>\n<p class=\"\">Rasmus H\u00f8jlund atraviesa un momento brillante en el N\u00e1poles, donde se ha consolidado como un <b>delantero completo y decisivo <\/b>para Conte. Con una mezcla de <b>potencia, velocidad y t\u00e9cnica<\/b>, el dan\u00e9s promedia <b>0.75 goles por partido<\/b> y una <b>efectividad del 80%<\/b>, adem\u00e1s de aportar juego colectivo y asistencias. Su presencia constante en el \u00e1rea, su capacidad para imponerse en los duelos y su inteligencia en los movimientos lo han convertido en el <b>referente ofensivo del equipo napolitano<\/b> y en una de las cesiones a seguir en Italia, con un N\u00e1poles situado en la cima de la Serie A.<\/p>\n<p><img decoding=\"async\" src=\"https:\/\/www.europesays.com\/es\/wp-content\/uploads\/2025\/11\/AJQLV22L7FIJZOOD55L7F7E5ZE.jpg\" alt=\"Los cedidos que mandan en Europa\" height=\"2457\" width=\"3686\"   loading=\"lazy\"\/>Rasmus H\u00f8jlundCiro De Luca<b>Be\u015fikta\u015f: Abraham y K\u00f6k\u00e7\u00fc<\/b><\/p>\n<p class=\"\">El Be\u015fikta\u015f ha encontrado en Tammy Abraham y Orkun K\u00f6k\u00e7\u00fc una dupla cedida que est\u00e1 siendo clave en su temporada. <b>Abraham, cedido por la Roma, se ha consolidado como el referente ofensivo<\/b>, con casi 0.6 goles por partido y un impacto constante en el \u00e1rea rival, gracias a su potencia y capacidad para ganar duelos, el ingl\u00e9s cuenta con <b>nueve goles y dos asistencias<\/b> en 16 partidos. <b>K\u00f6k\u00e7\u00fc, cedido por el Benfica, es el cerebro del mediocampo<\/b>, con m\u00e1s de 9 pases progresivos y 3 recuperaciones en campo rival, combinando trabajo y talento para conectar todas las l\u00edneas. Juntos, est\u00e1n <b>liderando a un Be\u015fikta\u015f m\u00e1s competitivo y ofensivo<\/b>, siendo tres pilares estelares en el \u00e9xito del equipo turco.<\/p>\n<p><b>Estrasburgo: Penders y Sarr<\/b><\/p>\n<p class=\"\">El Estrasburgo est\u00e1 disfrutando de dos de las <b>cesiones m\u00e1s destacadas del Chelsea<\/b>: Mike Penders y Mamadou Sarr, dos j\u00f3venes que ya act\u00faan como verdaderas estrellas. Penders, con solo 20 a\u00f1os, se ha consolidado como un <b>portero seguro y decisivo<\/b> en la Ligue 1, encajando apenas <b>1,1 goles por partido<\/b>, con un <b>67% de paradas efectivas<\/b> y una gran seguridad con el bal\u00f3n en los pies. Sarr, tambi\u00e9n de 20 a\u00f1os, destaca como un central dominante y elegante, con m\u00e1s de <b>7 duelos ganados<\/b> y <b>10 recuperaciones por encuentro<\/b>, mostrando solidez y madurez impropias de su edad. Juntos, se han convertido en el eje del crecimiento del Estrasburgo y en dos de los <b>j\u00f3venes cedidos m\u00e1s prometedores del f\u00fatbol franc\u00e9s<\/b>.<\/p>\n<p><b>Stuttgart: El Khannous y N\u00fcbel<\/b><\/p>\n<p class=\"\">En el Stuttgart, tanto Bilal El Khannouss como Alexander N\u00fcbel se han consolidado como <b>dos pilares fundamentales<\/b> y aut\u00e9nticos jugadores estelares del equipo. El Khannouss, cedido por el Leicester, brilla con solo 21 a\u00f1os como el <b>cerebro ofensivo<\/b> del conjunto alem\u00e1n: destaca por su <b>visi\u00f3n de juego, t\u00e9cnica y capacidad para romper l\u00edneas<\/b>, con una gran participaci\u00f3n en la creaci\u00f3n y desequilibrio constante. En el otro extremo del campo, N\u00fcbel, cedido por el Bayern, se ha convertido en una <b>muralla bajo palos<\/b>, con m\u00e1s de <b>7 paradas por partido<\/b> y una enorme <b>seguridad y liderazgo<\/b>. Juntos representan el equilibrio perfecto entre <b>juventud y experiencia<\/b>, siendo dos de las cesiones fruct\u00edferas de un Stuttgart que busca seguir soprendiendo en Alemania y Europa.<\/p>\n<p><img decoding=\"async\" src=\"https:\/\/www.europesays.com\/es\/wp-content\/uploads\/2025\/11\/CID4UYUN7ZLHZENMNLLMILRLNE.jpg\" alt=\"Los cedidos que mandan en Europa\" height=\"4370\" width=\"6555\"   loading=\"lazy\"\/>Bilal El KhannousTHOMAS KIENZLE<b>Wolves: Krej\u010d\u00ed<\/b><\/p>\n<p class=\"\">Ladislav Krej\u010d\u00ed se ha convertido en uno de los jugadores m\u00e1s importantes del Wolves, cedido por el Girona. <b>Firme en defensa<\/b> y con mucha seguridad para salir jugando, el checo ha mostrado un gran nivel esta temporada. <b>Promedia m\u00e1s de 50 pases acertados por partido<\/b> y es uno de los que mejor saca el bal\u00f3n desde atr\u00e1s, adem\u00e1s de destacar en el juego a\u00e9reo y con <b>pases largos precisos que inician ataques<\/b>. A sus 26 a\u00f1os, Krej\u010d\u00ed combina fuerza, orden y una madurez que lo han vuelto un<b> referente en la defensa del equipo ingl\u00e9s.<\/b><\/p>\n<p><b>Benfica: Barrenechea<\/b><\/p>\n<p class=\"\">Enzo Barrenechea se ha convertido en una de las <b>grandes sorpresas del Benfica<\/b> esta temporada. Cedido por el Aston Villa, el argentino ha asumido el mando del mediocampo con <b>personalidad y equilibrio<\/b>, cosa que ya demostr\u00f3 la temporada pasada cedido en el Valencia. Promedia m\u00e1s de 11 recuperaciones por partido y supera el 60 % de precisi\u00f3n en el pase,<b> combinando agresividad en la presi\u00f3n con inteligencia<\/b> para distribuir el bal\u00f3n. Adem\u00e1s, aporta m\u00e1s de siete pases progresivos por encuentro, siendo clave para iniciar el juego desde atr\u00e1s. A sus 24 a\u00f1os, <b>Barrenechea ha pasado de promesa a realidad<\/b>, consolid\u00e1ndose como un soldado \u00fatil bajo las \u00f3rdenes de Mourinho.<\/p>\n<p><b>Trabzonspor: Onana<\/b><\/p>\n<p class=\"\">De ser un descarte y casi un meme del Manchester United, <b>Andr\u00e9 Onana ha renacido en Turqu\u00eda<\/b>. Cedido al Trabzonspor, el camerun\u00e9s est\u00e1 demostrando el nivel que lo llev\u00f3 a la \u00e9lite europea. Encaja menos de un gol por partido y mantiene un <b>75% de paradas por tiro recibido<\/b>, siendo decisivo en cada jornada. Adem\u00e1s, su seguridad con los pies: <b>m\u00e1s de 18 pases correctos y seis progresivos por encuentro<\/b>, lo convierte en una pieza esencial en la construcci\u00f3n del juego. A sus 29 a\u00f1os, Onana ha pasado de las cr\u00edticas a la reivindicaci\u00f3n, consolid\u00e1ndose como <b>uno de los mejores porteros de la liga turca<\/b>.<\/p>\n<p><img decoding=\"async\" src=\"https:\/\/www.europesays.com\/es\/wp-content\/uploads\/2025\/11\/T6QBULGOGRAN7KEUT6ZREVQ4IU.jpg\" alt=\"Los cedidos que mandan en Europa\" height=\"3361\" width=\"5041\"   loading=\"lazy\"\/>Andre Onana Ahmad Mora<b>Hamburgo: Vu\u0161kovi\u0107<\/b><\/p>\n<p class=\"\">Luka Vu\u0161kovi\u0107 est\u00e1 protagonizando una <b>temporada excepcional en el Hamburgo<\/b>, donde con solo 18 a\u00f1os se ha consolidado como uno de los l\u00edderes defensivos del equipo. Cedido por el Tottenham, el croata domina en el juego a\u00e9reo, gana la mayor\u00eda de sus duelos y <b>promedia m\u00e1s de 17 recuperaciones por partido<\/b>, mostrando una madurez poco habitual para su edad. Adem\u00e1s, se muestra seguro con el bal\u00f3n y aporta tanto en la solidez defensiva como en la salida limpia desde atr\u00e1s. Su gran nivel lo confirma como <b>una de las grandes revelaciones cedidas de la temporada<\/b> en Europa.<\/p>\n<p><b>St Pauli: Hountondji<\/b><\/p>\n<p class=\"\"><b>Andreas Hountondji, <\/b>cedido por el Burnley, est\u00e1 siendo una de las <b>revelaciones del St. Pauli<\/b> esta temporada. A sus <b>23 a\u00f1os<\/b>, el delantero benin\u00e9s se ha convertido en una <b>pieza clave<\/b> gracias a su <b>potencia, movilidad y olfato goleador<\/b>. <\/p>\n<p>Noticias relacionadas<a href=\"https:\/\/as.com\/futbol\/internacional\/tres-joyas-made-in-espana-impulsan-el-exito-de-marruecos-en-el-mundial-sub-17-f202511-n\/\" class=\"s_m_w _rt-16x9\" title=\"Ziyad Baha, Ismail El Aoud e Ilyas El Arbaoui, tres prospectos generacionales formados en M\u00e1laga, Huesca y Bilbao, respectivamente.\" data-tb-link=\"\" rel=\"nofollow noopener\" target=\"_blank\"><img decoding=\"async\" src=\"https:\/\/www.europesays.com\/es\/wp-content\/uploads\/2025\/11\/KEFXM7CRUNDSNCGLPAEYK5KFMM.jpg\" alt=\"Tres joyas \u2018made in\u2019 Espa\u00f1a impulsan el \u00e9xito de Marruecos en el Mundial Sub-17\" class=\"\" height=\"9\" width=\"16\"   loading=\"lazy\" data-tb-thumbnail=\"\"\/><\/a><a href=\"https:\/\/as.com\/futbol\/internacional\/ouazane-el-casi-fichaje-del-madrid-la-rompe-en-el-mundial-f202511-n\/\" class=\"s_m_w _rt-16x9\" title=\"El joven centrocampista deslumbra en el torneo mundial juvenil con actuaciones decisivas, tres tantos memorables y una personalidad que apunta a estrella absoluta.\" data-tb-link=\"\" rel=\"nofollow noopener\" target=\"_blank\"><img decoding=\"async\" src=\"https:\/\/www.europesays.com\/es\/wp-content\/uploads\/2025\/11\/JXGWCXCMAFDQ3N7SI5YCBPX7UE.jpg\" alt=\"Ouazane, el \u2018casi\u2019 fichaje del Madrid, la rompe en el Mundial\" class=\"\" height=\"9\" width=\"16\"   loading=\"lazy\" data-tb-thumbnail=\"\"\/><\/a><\/p>\n<p class=\"\">Promedia <b>0.56 goles y m\u00e1s de una asistencia por partido<\/b>, adem\u00e1s de generar <b>4.5 toques en el \u00e1rea<\/b> y <b>1.5 tiros a puerta<\/b> por encuentro. Su participaci\u00f3n activa en el ataque y su capacidad para asociarse con sus compa\u00f1eros lo han hecho <b>indispensable<\/b>. Con un rendimiento muy por encima de la media, Hountondji se consolida como una cesi\u00f3n estelar de los Kiezkickers.<\/p>\n<p class=\"\"><b>\u00a1Tus opiniones importan!<\/b> Comenta en los art\u00edculos y suscr\u00edbete gratis a nuestra <a href=\"https:\/\/asfan.as.com\/newsletters\/\" target=\"_blank\" rel=\"nofollow noopener\" title=\"https:\/\/asfan.as.com\/newsletters\/\">newsletter<\/a> y a las alertas informativas en la <a href=\"https:\/\/as.com\/aplicacion-de-as-n\/\" target=\"_blank\" rel=\"nofollow noopener\" title=\"https:\/\/as.com\/aplicacion-de-as-n\/\">App<\/a> o el canal de <a href=\"https:\/\/www.whatsapp.com\/channel\/0029VaAasdA7j6g745nz9M10\" target=\"_blank\" rel=\"nofollow noopener\" title=\"https:\/\/www.whatsapp.com\/channel\/0029VaAasdA7j6g745nz9M10\">WhatsApp<\/a>. \u00bfBuscas licenciar contenido? Haz clic <a href=\"https:\/\/profesional.elpais.com\/soluciones-sindicacion?utm_medium=interno&amp;utm_source=crosslinking&amp;utm_campaign=sindicacion_as_pie_articulos\" target=\"_blank\" rel=\"nofollow noopener\" title=\"https:\/\/profesional.elpais.com\/soluciones-sindicacion?utm_medium=interno&amp;utm_source=crosslinking&amp;utm_campaign=sindicacion_as_pie_articulos\">aqu\u00ed<\/a><\/p>\n","protected":false},"excerpt":{"rendered":"Everton: Grealish Jack Grealish ha recuperado su mejor versi\u00f3n en el Everton, donde est\u00e1 firmando una destacada cesi\u00f3n&hellip;\n","protected":false},"author":2,"featured_media":249516,"comment_status":"","ping_status":"","sticky":false,"template":"","format":"standard","meta":{"footnotes":""},"categories":[268],"tags":[168,25,24,280,282,281,23,167],"class_list":{"0":"post-249515","1":"post","2":"type-post","3":"status-publish","4":"format-standard","5":"has-post-thumbnail","7":"category-futbol","8":"tag-deportes","9":"tag-es","10":"tag-espana","11":"tag-football","12":"tag-futbol","13":"tag-soccer","14":"tag-spain","15":"tag-sports"},"share_on_mastodon":{"url":"https:\/\/pubeurope.com\/@es\/115592670882948829","error":""},"_links":{"self":[{"href":"https:\/\/www.europesays.com\/es\/wp-json\/wp\/v2\/posts\/249515","targetHints":{"allow":["GET"]}}],"collection":[{"href":"https:\/\/www.europesays.com\/es\/wp-json\/wp\/v2\/posts"}],"about":[{"href":"https:\/\/www.europesays.com\/es\/wp-json\/wp\/v2\/types\/post"}],"author":[{"embeddable":true,"href":"https:\/\/www.europesays.com\/es\/wp-json\/wp\/v2\/users\/2"}],"replies":[{"embeddable":true,"href":"https:\/\/www.europesays.com\/es\/wp-json\/wp\/v2\/comments?post=249515"}],"version-history":[{"count":0,"href":"https:\/\/www.europesays.com\/es\/wp-json\/wp\/v2\/posts\/249515\/revisions"}],"wp:featuredmedia":[{"embeddable":true,"href":"https:\/\/www.europesays.com\/es\/wp-json\/wp\/v2\/media\/249516"}],"wp:attachment":[{"href":"https:\/\/www.europesays.com\/es\/wp-json\/wp\/v2\/media?parent=249515"}],"wp:term":[{"taxonomy":"category","embeddable":true,"href":"https:\/\/www.europesays.com\/es\/wp-json\/wp\/v2\/categories?post=249515"},{"taxonomy":"post_tag","embeddable":true,"href":"https:\/\/www.europesays.com\/es\/wp-json\/wp\/v2\/tags?post=249515"}],"curies":[{"name":"wp","href":"https:\/\/api.w.org\/{rel}","templated":true}]}}