{"id":249517,"date":"2025-11-22T09:35:19","date_gmt":"2025-11-22T09:35:19","guid":{"rendered":"https:\/\/www.europesays.com\/es\/249517\/"},"modified":"2025-11-22T09:35:19","modified_gmt":"2025-11-22T09:35:19","slug":"isabella-rossellini-si-empezase-ahora-hubiera-sido-directora-algo-impensable-en-mi-juventud-famosos-s-moda","status":"publish","type":"post","link":"https:\/\/www.europesays.com\/es\/249517\/","title":{"rendered":"Isabella Rossellini: \u201cSi empezase ahora hubiera sido directora, algo impensable en mi juventud\u201d | Famosos | S Moda"},"content":{"rendered":"<p class=\"\">A sus 73 a\u00f1os, Isabella Rossellini se pasea por el mundo con una curiosa mezcla de mujer errante y cosmopolita, granjera-performer del siglo XXI y heredera de un encanto cl\u00e1sico en extinci\u00f3n. Hija de <a href=\"https:\/\/elpais.com\/smoda\/famosos\/viva-ingrid-el-corto-del-nieto-de-bergman-que-conquisto-venecia.html\" target=\"_blank\" rel=\"noreferrer nofollow noopener\" title=\"https:\/\/elpais.com\/smoda\/famosos\/viva-ingrid-el-corto-del-nieto-de-bergman-que-conquisto-venecia.html\">dos mitos de la historia del cine<\/a>, Ingrid Bergman y Roberto Rossellini, conoci\u00f3 desde ni\u00f1a el esc\u00e1ndalo \u2014su madre sufri\u00f3 las consecuencias de abandonar a su marido por Rossellini\u2014 y tras moverse con su familia por Europa encontr\u00f3 su puerto definitivo en los a\u00f1os setenta en Nueva York. Desde entonces, ha sido un referente de la moda y el cine de los ochenta y noventa; musa de <a href=\"https:\/\/elpais.com\/smoda\/famosos\/infidelidades-obsesiones-y-meditacion-asi-fue-la-relacion-de-david-lynch-e-isabella-rossellini.html\" target=\"_blank\" rel=\"noreferrer nofollow noopener\" title=\"https:\/\/elpais.com\/smoda\/famosos\/infidelidades-obsesiones-y-meditacion-asi-fue-la-relacion-de-david-lynch-e-isabella-rossellini.html\">David Lynch<\/a>; el rostro m\u00e1s bello de <a href=\"https:\/\/elpais.com\/smoda\/famosos\/isabella-rossellini-nadie-habla-lo-bonito-envejecer.html\" target=\"_blank\" rel=\"noreferrer nofollow noopener\" title=\"https:\/\/elpais.com\/smoda\/famosos\/isabella-rossellini-nadie-habla-lo-bonito-envejecer.html\">Lanc\u00f4me<\/a>; modelo de Richard Avedon o de Steven Meisel para el <a href=\"https:\/\/elpais.com\/smoda\/placeres\/la-provocacion-en-la-playa-de-madonna-y-saint-laurent-para-celebrar-el-30-aniversario-de-sex.html\" target=\"_blank\" rel=\"noreferrer nofollow noopener\" title=\"https:\/\/elpais.com\/smoda\/placeres\/la-provocacion-en-la-playa-de-madonna-y-saint-laurent-para-celebrar-el-30-aniversario-de-sex.html\">libro Sex de Madonna<\/a>\u2026.<\/p>\n<p class=\"\">Con la entrada del nuevo siglo se qued\u00f3 sin trabajo por ser demasiado mayor, una adversidad profesional que ella supo convertir en oportunidad. A partir de los 40 su tel\u00e9fono dej\u00f3 de sonar, pero Rossellini se reinvent\u00f3 a trav\u00e9s del estudio de los animales y sus conductas. La mejor decisi\u00f3n de su vida, asegura.<\/p>\n<p><img decoding=\"auto\" class=\"_re lazyload a_m-v\" height=\"556\"  width=\"414\"  src=\"https:\/\/www.europesays.com\/es\/wp-content\/uploads\/2025\/11\/JQ5E4ZK6CVBVXBVBFBYI33U7QE.jpg\" loading=\"lazy\"\/>Camisa de algod\u00f3n con pechera de sat\u00e9n de AMI PARIS y collar Serpenti Pallini en oro rosa con \u00f3nix con pav\u00e9 de diamantes, de BVLGARI.Nico Bustos<\/p>\n<p class=\"\">Modelo, actriz y granjera, hoy vive en su <a href=\"https:\/\/www.mamafarm.us\/\" target=\"_blank\" rel=\"noreferrer nofollow noopener\" title=\"https:\/\/www.mamafarm.us\/\">Mama Farm<\/a> rodeada de perros, ovejas y gallinas. Su extraordinaria madurez es la demostraci\u00f3n de que aceptar las huellas de la edad es una decisi\u00f3n sabia que en su caso, adem\u00e1s, le ha reportado nuevos frutos profesionales. Dos d\u00e9cadas despu\u00e9s de quedarse sin contratos, la carrera de Rossellini <a href=\"https:\/\/elpais.com\/cultura\/2024-12-20\/el-vaticano-una-intrincada-red-de-secretos-y-susurros-para-elegir-al-nuevo-papa.html\" target=\"_blank\" rel=\"noreferrer nofollow noopener\" title=\"https:\/\/elpais.com\/cultura\/2024-12-20\/el-vaticano-una-intrincada-red-de-secretos-y-susurros-para-elegir-al-nuevo-papa.html\">ha resurgido tanto en el cine<\/a> como en la moda. Suya es la frase \u201ccon la cirug\u00eda ganas una batalla pero pierdes la guerra\u201d. En su caso, esa decisi\u00f3n tal vez tambi\u00e9n tenga que ver con los problemas de espalda que padece desde ni\u00f1a y que provocaron su aversi\u00f3n al quir\u00f3fano. Su primer perro, recuerda, fue un regalo de su madre cuando era muy peque\u00f1a para animarla despu\u00e9s de su primera operaci\u00f3n. <\/p>\n<p class=\"\">Elegante y reposada, tiene la boca de su madre y una dulzura g\u00e9lida que puede intimidar. Es una mujer seria que sonr\u00ede todo el rato con el mismo control gestual que exhibe como modelo ante la c\u00e1mara. El arte de posar es en gran medida el arte de saber permanecer quieta y ella domina una quietud f\u00edsica que contrasta con su ajetreada vida entre Europa y Estados Unidos. Su ingl\u00e9s con acento italiano condicion\u00f3 su carrera, pero tambi\u00e9n le dio ese aura misteriosa que tan bien supo explotar David Lynch. Sentada en un estudio de fotograf\u00eda a la afueras de Roma, extremadamente cauta y profesional, Rossellini respondi\u00f3 a esta entrevista antes de una larga sesi\u00f3n editorial con joyas de Bvlgari. \u201cMe siento orgullosa de trabajar con esta gran casa romana\u201d, dijo, y rechaz\u00f3 cualquier comentario sobre la actualidad: \u201dNo soy ni una pol\u00edtica ni una soci\u00f3loga\u201d. <\/p>\n<p><img decoding=\"auto\" class=\"_re lazyload a_m-v\" height=\"496\"  width=\"414\"  src=\"https:\/\/www.europesays.com\/es\/wp-content\/uploads\/2025\/11\/UDR4BO3MWJB2NNXFHBREX7JR7E.jpg\" loading=\"lazy\"\/>Jersey de cuello alto de cachemir de LORO PIANA; pantal\u00f3n de MARINA RINALDI; capa de tafet\u00e1n con lazada de JANTAMINIAU; mules de MANOLO BLAHNIK; collar Tubogas en oro amarillo con pav\u00e9<br \/>\nde diamantes, collar Serpenti Tubogas en oro amarillo con \u00f3nix y pav\u00e9de diamantes, pulsera Tubogas en oro amarillo con pav\u00e9 de diamantes, pulsera Tubogas en oro amarillo y anillo Serpenti en oro amarillo, todo de BVLGARI.Nico Bustos<\/p>\n<p class=\"\"><b>\u00bfPor qu\u00e9 decidi\u00f3 montar su granja en Estados Unidos? <\/b><\/p>\n<p class=\"\">He vivido toda mi vida en Estados Unidos. Nac\u00ed en Roma pero a los tres a\u00f1os nos mudamos a Par\u00eds. Luego mis padres se divorciaron y no volv\u00ed a Roma hasta los ocho o nueve a\u00f1os, donde viv\u00ed durante la secundaria y el instituto, hasta los 18. A esa edad me fui a Estados Unidos para continuar con mis estudios y ah\u00ed he seguido. Empec\u00e9 a trabajar, me cas\u00e9 dos veces&#8230; Nueva York ha sido mi casa, donde naci\u00f3 mi hija mayor y donde adopt\u00e9, ya como madre soltera, a mi hijo. Algo que entonces solo era posible all\u00ed. Con todo esto quiero decir que en realidad nunca me he sentido de ninguna parte en especial. Crec\u00ed en Francia y en Italia, mi madre era sueca y por el trabajo de mis padres siempre nos mov\u00edamos mucho. Tampoco fue una decisi\u00f3n premeditada quedarme en Estados Unidos. <\/p>\n<p class=\"\"><b>Como animalista convencida, \u00bffue su opci\u00f3n de vivir en una granja una decisi\u00f3n pol\u00edtica?<\/b><\/p>\n<p class=\"\">No, fue una cuesti\u00f3n personal. A los 45 a\u00f1os, el tel\u00e9fono dej\u00f3 de sonar y me tuve que inventar una nueva vida. No ten\u00eda trabajo, mis hijos estaban a\u00fan creciendo y decid\u00ed volver a la universidad. Los animales siempre me interesaron, asist\u00eda a muchas charlas. Una de ellas fue en el <a href=\"https:\/\/www.hunter.cuny.edu\/\" target=\"_blank\" rel=\"noreferrer nofollow noopener\" title=\"https:\/\/www.hunter.cuny.edu\/\">Hunter College<\/a>, donde repart\u00edan unos folletos sobre su reci\u00e9n creado departamento de Etolog\u00eda, sobre el estudio del comportamiento animal. Me apunt\u00e9. En lugar de sentirme marginada segu\u00ed mi curiosidad y funcion\u00f3. Cuando me gradu\u00e9 ya me hab\u00eda mudado al campo. <\/p>\n<p class=\"\"><b>\u00bfEch\u00f3 de menos la ciudad?<\/b><\/p>\n<p class=\"\">Ten\u00eda una casa fuera de Nueva York a la que \u00edbamos los fines de semana. Fue despu\u00e9s del 11-S cuando decid\u00ed irme de forma definitiva. Mi hijo era peque\u00f1o y el atentado fue traum\u00e1tico para \u00e9l. \u00c9l era feliz en el campo, la ciudad era cada vez m\u00e1s restrictiva para un ni\u00f1o. Cuando surgi\u00f3 la oportunidad de comprar el terreno de una granja lo hice. Al principio solo quer\u00eda plantar un huerto para m\u00ed, pero la granja empez\u00f3 a crecer porque exist\u00eda una necesidad real de la comunidad alrededor nuestro. <a href=\"https:\/\/www.instagram.com\/mamafarm\/?hl=en\" target=\"_blank\" rel=\"noreferrer nofollow noopener\" title=\"https:\/\/www.instagram.com\/mamafarm\/?hl=en\">Mama Farm<\/a> se convirti\u00f3 en un lugar de visita para los hijos de mis amigos, para sus nietos, para los amigos de mi hija y para sus hijos. Ven\u00edan de la ciudad a ver animales y plantas. Nunca pensamos en convertirlo en un lugar p\u00fablico, pero ahora lo es.<\/p>\n<p><img decoding=\"auto\" class=\"_re lazyload a_m-v\" height=\"496\"  width=\"414\"  src=\"https:\/\/www.europesays.com\/es\/wp-content\/uploads\/2025\/11\/YYIIRR3OYNCI3ICGIFNXQ7VHBM.jpg\" loading=\"lazy\"\/>Isabella Rossellini lleva vestido de seda de GARAIZABAL y, debajo, vestido de punto de MARINA RINALDI; guantes de tul de GUANTE VARAD\u00c9; pendientes Serpenti Pallini en oro rosa con \u00f3nix con \u2018pav\u00e9\u2019 de diamantes y reloj Serpenti Spiga de dos vueltas con caja y brazalete en oro rosa engastados con diamantes y esfera negra, ambos de BVLGARI.Nico Bustos<\/p>\n<p class=\"\"><b>\u00bfLe da paz la vida en el campo? <\/b><\/p>\n<p class=\"\">Esa es la t\u00edpica pregunta de una urbanita. Mucha gente que es de la ciudad cree que el campo es un lugar para estar en calma. Pero es al rev\u00e9s, el campo es dif\u00edcil y se trabaja mucho. En ning\u00fan caso se trata de un retiro para llevar una vida m\u00e1s tranquila. Ahora mismo tengo tres perros, ovejas, abejas y gallinas\u2026 Abastecemos con nuestros productos a 150 miembros y recibimos hasta 300 personas en una semana. Todo var\u00eda mucho seg\u00fan la temporada pero el trabajo es muy intenso. En el campo los ciclos de la vida ocupan un lugar central. Vivir en una granja tiene algo muy dram\u00e1tico y po\u00e9tico a la vez. <\/p>\n<p class=\"\"><b>\u00bfDe d\u00f3nde surgi\u00f3 la inspiraci\u00f3n para <\/b><a href=\"https:\/\/www.youtube.com\/playlist?list=PL14F6452A495787DE\" target=\"_blank\" rel=\"noreferrer nofollow noopener\" title=\"https:\/\/www.youtube.com\/playlist?list=PL14F6452A495787DE\"><b>Green Porno Live<\/b><\/a><b>,<\/b><b> su serie sobre el comportamiento sexual de los animales?<\/b><\/p>\n<p class=\"\">Bueno, es todo m\u00e1s o menos de la misma \u00e9poca. La idea era hacer algo de vanguardia, con muy poco dinero y muy independiente. He colaborado mucho con el Instituto Sundance, fundado por Robert Redford, y ellos me ayudaron a darle forma al experimento.<\/p>\n<p class=\"\"><b>La serie es un derroche de humor e imaginaci\u00f3n. \u00bfPor qu\u00e9 cree que conect\u00f3 tan bien el p\u00fablico?<\/b><\/p>\n<p class=\"\">Coincidi\u00f3 con el nacimiento de YouTube. Sundance cre\u00f3 su canal y me avisaron de que con YouTube ten\u00eda todo el sentido mi proyecto, que consist\u00eda en piezas muy breves, de apenas unos minutos. Empec\u00e9 haciendo cinco y fueron tan exitosas que he acabado haciendo unas 45. <\/p>\n<p><img decoding=\"auto\" class=\"_re lazyload a_m-v\" height=\"496\"  width=\"414\"  src=\"https:\/\/www.europesays.com\/es\/wp-content\/uploads\/2025\/11\/Q5TAT3CDQJFY5K2QCXPEWVZDAA.jpg\" loading=\"lazy\"\/>Isabella Rossellini lleva abrigo de doble lana a contraste con puntadas en rojo a mano, y jersey de cuello vuelto, ambos de SYBILLA, y pendientes Diva\u2019s Dream en oro amarillo con cornalina, madreperla, malaquita, rubelitas, diamantes y pav\u00e9 de diamantes, de BVLGARI.Nico Bustos<\/p>\n<p class=\"\"><b>\u00bfCu\u00e1l fue el primer animal que represent\u00f3?<\/b><\/p>\n<p class=\"\">Recuerdo la lib\u00e9lula. Pero creo que el primero fue una ara\u00f1a voladora\u2026 Las ara\u00f1as son tan exc\u00e9ntricas&#8230; <\/p>\n<p class=\"\"><b>El vestuario de la serie es suyo\u2026 <\/b><\/p>\n<p class=\"\">M\u00edo, de Rick Gilbert y Andy Byers, dos de mis colaboradores. Ellos aportan much\u00edsimo. Yo planteo la idea y ellos suman nuevas capas. Pero el dise\u00f1o de vestuario siempre me interes\u00f3, de hecho fue mi primera vocaci\u00f3n y cuando termin\u00e9 la escuela en Italia fue mi opci\u00f3n de estudios. Me interesa mucho.<\/p>\n<p class=\"\"><b>\u00bfSe dedic\u00f3 a ello profesionalmente?<\/b><\/p>\n<p class=\"\">Cuando empec\u00e9 a trabajar de modelo todo cambi\u00f3. Tuve \u00e9xito y me qued\u00e9 sin tiempo para lo dem\u00e1s. Pero mi vocaci\u00f3n con el vestuario enriqueci\u00f3 mucho mi trabajo como modelo y como actriz. En el fondo todo est\u00e1 muy conectado. <\/p>\n<p><img decoding=\"auto\" class=\"_re lazyload a_m-v\" height=\"550\"  width=\"414\"  src=\"https:\/\/www.europesays.com\/es\/wp-content\/uploads\/2025\/11\/GC7JXTVQUVFQ3GYLSYT2ZNVFOQ.jpg\" loading=\"lazy\"\/>Vestido de punto de MARINA RINALDI; guantes de piel de GUANTE VARAD\u00c9; bolso Serpenti Cuore 1968 en piel de becerro rojo rub\u00ed con forro de napa y asa superior en forma de cuerpo de serpiente en lat\u00f3n ba\u00f1ado en oro con escamas en esmalte rojo rub\u00ed y burdeos y cierre de bot\u00f3n a presi\u00f3n, de BVLGARI.Nico Bustos<\/p>\n<p class=\"\"><b>Este a\u00f1o se cumple el 80\u00b0 aniversario del estreno de <\/b><a href=\"https:\/\/elpais.com\/diario\/1997\/10\/13\/cultura\/876693609_850215.html\" target=\"_blank\" rel=\"noreferrer nofollow noopener\" title=\"https:\/\/elpais.com\/diario\/1997\/10\/13\/cultura\/876693609_850215.html\"><b>Roma, ciudad abierta<\/b><\/a><b>, obra fundacional del <\/b><a href=\"https:\/\/elpais.com\/cultura\/2024-06-15\/neorrealismo-que-queda-del-movimiento-que-transformo-el-cine-mundial-pero-no-logro-cambiar-italia.html\" target=\"_blank\" rel=\"noreferrer nofollow noopener\" title=\"https:\/\/elpais.com\/cultura\/2024-06-15\/neorrealismo-que-queda-del-movimiento-que-transformo-el-cine-mundial-pero-no-logro-cambiar-italia.html\"><b>neorrealismo <\/b><\/a><b>dirigida por su padre y primera parte de la trilog\u00eda de la posguerra que conforman <\/b><b>Pais\u00e1<\/b><b> y <\/b><b>Alemania, a\u00f1o cero, <\/b><b>una pel\u00edcula en la que su padre se atrevi\u00f3 a tratar el trauma de la guerra desde el punto de vista de un ni\u00f1o alem\u00e1n. \u00c9l fue sin duda un cineasta muy valiente, un humanista al que le preocupaba la verdad. \u00bfC\u00f3mo carga usted con la responsabilidad de ese legado? <\/b><\/p>\n<p class=\"\">Mis hermanos y yo hemos sido muy activos en el estudio y conservaci\u00f3n tanto con el archivo de mi padre como con el de mi madre. Hemos trabajado muy de cerca con la extraordinaria Filmoteca de Bolonia para la restauraci\u00f3n de su obra. Una parte importante del archivo de mi padre est\u00e1 en la casa de mi hermano, en Roma. Y el de mi madre est\u00e1 en Estados Unidos, en la <a href=\"https:\/\/www.wesleyan.edu\/\" target=\"_blank\" rel=\"noreferrer nofollow noopener\" title=\"https:\/\/www.wesleyan.edu\/\">Universidad Wesleyan<\/a> [Connecticut]. <\/p>\n<p class=\"\"><b>\u00bfQu\u00e9 cree que dir\u00eda hoy su padre sobre el mundo?<\/b><\/p>\n<p class=\"\">Mi padre pas\u00f3 por dos guerras mundiales, es algo que siempre les recuerdo a mis hijos cuando, ya sea por la pandemia u otros motivos, se muestran apocal\u00edpticos. Les digo: \u201cVuestro abuelo pas\u00f3 por dos guerras mundiales y nunca dej\u00f3 de hacer cosas ni de ser feliz\u201d. Y eso es exactamente lo que debemos hacer nosotros, esa es para m\u00ed su lecci\u00f3n: su vitalidad, sus ganas de hacer. <\/p>\n<p class=\"\"><b>Hay una foto preciosa suya de ni\u00f1a, en un rodaje, en el regazo de su padre, observando su reloj de mu\u00f1eca. Imagino que aunque se cas\u00f3 varias veces y no fueron sencillas las relaciones familiares fue una figura central en su infancia. <\/b><\/p>\n<p class=\"\">Adoro esa fotograf\u00eda. Mi padre tuvo siete hijos con tres esposas pero la relaci\u00f3n con \u00e9l siempre fue muy cercana para todos. Era un patriarca que nos inspiraba a cada hijo, tambi\u00e9n a mis primos, muchos se dedicaron a oficios relacionados con el cine. Mi abuelo paterno, Angelo, era arquitecto y construy\u00f3 el primer cine de Roma, el Barberine. As\u00ed que mi padre tambi\u00e9n lleg\u00f3 al cine por su padre. <\/p>\n<p class=\"\"><b>\u00bfQu\u00e9 pel\u00edcula es su favorita?<\/b><\/p>\n<p class=\"\">No es f\u00e1cil elegir\u2026 Adoro Francisco, juglar de Dios pero comparto su devoci\u00f3n por Alemania, a\u00f1o cero. A m\u00ed me conmueve c\u00f3mo mi padre se fue a Alemania en aquel momento para reivindicar que bajo los escombros del nazismo tambi\u00e9n hab\u00eda alemanes inocentes. Sin duda es una pel\u00edcula que da la dimensi\u00f3n del hombre maravilloso que era. Tambi\u00e9n me gustan las pel\u00edculas experimentales que rod\u00f3 con mi madre y c\u00f3mo siempre busc\u00f3 nuevos lenguajes. En realidad lo que m\u00e1s admiro de mi padre es que nunca dej\u00f3 de perseguir nuevas formas de contar. Y es curioso, porque no ve\u00eda mucho cine. No era competitivo. \u00bfSabe de quien ten\u00eda una fotograf\u00eda en su escritorio? De Charlie Chaplin. \u00c9l fue su mayor inspiraci\u00f3n. <\/p>\n<p><img decoding=\"auto\" class=\"_re lazyload a_m-v\" height=\"496\"  width=\"414\"  src=\"https:\/\/www.europesays.com\/es\/wp-content\/uploads\/2025\/11\/45TDLC7QHNDGXFG4I4O42AGPVU.jpg\" loading=\"lazy\"\/>Capelina de pelo de castor deconstruida y ahormada sobre madera de MAISON VIVASCARRI\u00d3N; jersey de cuello alto de cachemir de LORO PIANA; guantesnegros de piel de GUANTE VARAD\u00c9; pendientes Serpenti de Alta Joyer\u00eda en oro blanco con esmeraldas y pav\u00e9 de diamantes; reloj Secreto Serpenti Misteriosi en oro amarillo y blanco con esmeraldas y pav\u00e9 de diamantes, todo de BVLGARI.Nico Bustos<\/p>\n<p class=\"\"><b>\u00bfY <\/b><a href=\"https:\/\/elpais.com\/elpais\/2015\/08\/28\/album\/1440780090_462986.html\" target=\"_blank\" rel=\"noreferrer nofollow noopener\" title=\"https:\/\/elpais.com\/elpais\/2015\/08\/28\/album\/1440780090_462986.html\"><b>su madre<\/b><\/a><b>? Usted ahora sabe qu\u00e9 es envejecer ante las c\u00e1maras. Por desgracia, es duro para una actriz. <\/b><\/p>\n<p class=\"\">Mi madre falleci\u00f3 [en 1982] con 67 a\u00f1os. Pero conoci\u00f3 el rechazo de Hollywood mucho antes, cuando se enamor\u00f3 de mi padre y el esc\u00e1ndalo fue tal que no la dejaron trabajar all\u00ed m\u00e1s. Aquello fue un golpe para ella. Cuando se divorci\u00f3 de mi padre [en 1957, siete a\u00f1os despu\u00e9s del nacimiento de su primer hijo, Roberto] ya era una mujer mayor para Hollywood, algo que tampoco ha cambiado tanto para las actrices maduras de ahora. <\/p>\n<p class=\"\"><b>Pero trabaj\u00f3 mucho\u2026<\/b><\/p>\n<p class=\"\">Sobre todo en el teatro. Se mud\u00f3 a Londres y desde all\u00ed viajaba por el mundo. Estando enferma de c\u00e1ncer sigui\u00f3 trabajando. Pero como cualquier actriz, de entonces y de ahora, sufri\u00f3 por su edad. Si en algo ha cambiado el panorama actual es porque las actrices son productoras y hacen sus propias pel\u00edculas. <a href=\"https:\/\/elpais.com\/smoda\/moda\/nicole-kidman-actriz.html\" target=\"_blank\" rel=\"noreferrer nofollow noopener\" title=\"https:\/\/elpais.com\/smoda\/moda\/nicole-kidman-actriz.html\">Nicole Kidman<\/a> es productora, ella desarrolla el material previo a sus pel\u00edculas. Eso no exist\u00eda en la \u00e9poca de mi madre. Uno de los efectos positivos del streaming es que se puede penetrar en audiencias muy diversas, y una de ellas es la de las amas de casa que no tienen tiempo para ir al cine. Las cosas han cambiado, la discriminaci\u00f3n no es tan severa como en la \u00e9poca de mi madre, pero eso no significa que no exista. A\u00fan hay mucha discriminaci\u00f3n para una actriz mayor. <\/p>\n<p class=\"\"><b>\u00bfC\u00f3mo es, como hija, verla en la pantalla? \u00bfHa querido parecerse a ella?<\/b><\/p>\n<p class=\"\">La admiro mucho, me encanta ver sus pel\u00edculas. Su influencia en m\u00ed es enorme pero las cosas no pueden ser as\u00ed de literales y cuando act\u00fao no me miro en ella. Cuando rod\u00e9 C\u00f3nclave podr\u00eda haber pensado en su personajes de una monja en Las campanas de Santa Mar\u00eda, pero no lo hice. <\/p>\n<p><img decoding=\"auto\" class=\"_re lazyload a_m-v\" height=\"543\"  width=\"414\"  src=\"https:\/\/www.europesays.com\/es\/wp-content\/uploads\/2025\/11\/LZQHHHZDDNCO7AX2IYQHR7CLEA.jpg\" loading=\"lazy\"\/>Caft\u00e1n de seda de HERM\u00c8S; collar Monete de la nueva colecci\u00f3n de Alta Joyer\u00eda de BVLGARI en oro rosa con una moneda de plata (Sicilia, Entella, ca. 340\u2013320 a. C.), una rubelita, \u00f3nix, rub\u00edes y pav\u00e9 de diamantes.Nico Bustos<\/p>\n<p class=\"\"><b>C\u00f3nclave <\/b><b>le vali\u00f3 una candidatura al Oscar. \u00bfVa a seguir trabajando de actriz?<\/b><\/p>\n<p class=\"\">Jam\u00e1s pens\u00e9 que volver\u00eda a trabajar, la verdad. Ni como actriz ni como modelo. Estoy encantada, pero a\u00fan no s\u00e9 muy bien d\u00f3nde colocarlo. Acabo de rodar una pel\u00edcula en Londres sobre <a href=\"https:\/\/elpais.com\/smoda\/como-cecil-beaton-obro-el-milagro-de-convertir-a-los-windsor-en-carismaticos.html\" target=\"_blank\" rel=\"noreferrer nofollow noopener\" title=\"https:\/\/elpais.com\/smoda\/como-cecil-beaton-obro-el-milagro-de-convertir-a-los-windsor-en-carismaticos.html\">Wallis Simpson<\/a>, junto a <a href=\"https:\/\/elpais.com\/smoda\/famosos\/joan-collins-si-los-hombres-tuvieran-que-dar-a-luz-habria-mucha-menos-gente-en-el-mundo.html\" target=\"_blank\" rel=\"noreferrer nofollow noopener\" title=\"https:\/\/elpais.com\/smoda\/famosos\/joan-collins-si-los-hombres-tuvieran-que-dar-a-luz-habria-mucha-menos-gente-en-el-mundo.html\">Joan Collins<\/a>, que tiene 94 a\u00f1os, y dirigida por Mike Newell, que tiene 83. No nos dejan contar mucho\u2026 Y tambi\u00e9n he terminado la serie de ciencia ficci\u00f3n, The Beauty, con Ryan Murphy.<\/p>\n<p class=\"\"><b>Usted pertenece tambi\u00e9n al <\/b><a href=\"https:\/\/elpais.com\/smoda\/moda\/2025-01-21\/todas-las-mujeres-y-toda-la-moda-de-david-lynch-un-recorrido-visual-por-el-universo-visual-creativo-del-director.html\" target=\"_blank\" rel=\"noreferrer nofollow noopener\" title=\"https:\/\/elpais.com\/smoda\/moda\/2025-01-21\/todas-las-mujeres-y-toda-la-moda-de-david-lynch-un-recorrido-visual-por-el-universo-visual-creativo-del-director.html\"><b>universo del cine de David Lynch<\/b><\/a><b>. \u00bfC\u00f3mo describir\u00eda su trabajo con \u00e9l?<\/b><\/p>\n<p class=\"\">Es un universo tan peculiar y fascinante que no s\u00e9 c\u00f3mo explicarlo, aunque algo curioso es que todos los que trabajamos con \u00e9l acabamos de alguna manera siendo de su familia. Fue un gran creador de atm\u00f3sferas. En la mayor\u00eda de sus historias no hab\u00eda una narrativa directa, quiz\u00e1 no entend\u00edas de qu\u00e9 iba la cosa, pero la manera de capturar el ambiente, el misterio, era lo interesante. <\/p>\n<p class=\"\"><b>\u00bfC\u00f3mo se conocieron?<\/b><\/p>\n<p class=\"\">Apenas hab\u00eda trabajado como actriz antes de Blue Velvet. Nos conocimos en un restaurante que acaba de abrir Dino de Laurentiis. Yo estaba con la esposa de Dino y \u00e9l con unos amigos suyos. Al final de la comida acabamos en la misma mesa. Al d\u00eda siguiente, me envi\u00f3 el guion. <\/p>\n<p><img decoding=\"auto\" class=\"_re lazyload a_m-v\" height=\"559\"  width=\"414\"  src=\"https:\/\/www.europesays.com\/es\/wp-content\/uploads\/2025\/11\/LXHSG5TUMFHCJG3EO2WWFJG74A.jpg\" loading=\"lazy\"\/>La actriz lleva caft\u00e1n de seda estampada de PUCCI y anillo Divas\u2019 Dream en oro rosa con madreperla y pav\u00e9 de diamantes, de BVLGARI.Nico Bustos<\/p>\n<p class=\"\"><b>\u00bfPrefiere ser actriz a modelo?<\/b><\/p>\n<p class=\"\">Para m\u00ed ser modelo es actuar. Como modelo tambi\u00e9n me invento un personaje. Como hoy, con las joyas y la ropa de esta sesi\u00f3n. Al final se trata de crear una emoci\u00f3n con el rostro de una persona. Como madre, adem\u00e1s, siempre fue m\u00e1s f\u00e1cil el trabajo de modelo que el de actriz. El proceso es m\u00e1s corto. Por eso lo adoro. <\/p>\n<p class=\"\"><b>El lugar de las mujeres en el cine y la moda ha cambiado mucho en los \u00faltimos a\u00f1os. \u00bfC\u00f3mo cree que habr\u00eda sido su carrera si empezase hoy?<\/b><\/p>\n<p class=\"\">Estar aqu\u00ed ahora es la prueba de que las cosas no me han ido tan mal. Pero es probable que hubiese sido directora, algo impensable en mi juventud. Recuerdo que una vez mi madre me susurr\u00f3 que ella a esas alturas de su vida pod\u00eda dirigir cine. Me lo dijo muy bajito porque entonces la idea de una mujer dirigiendo era absurda. Pero ella lo sent\u00eda as\u00ed, se ve\u00eda capaz despu\u00e9s de todo lo que hab\u00eda aprendido como actriz. Ten\u00eda historias para contar y sab\u00eda perfectamente d\u00f3nde colocar la c\u00e1mara. <\/p>\n<p class=\"\"><b>Usted ha trabajado en <\/b><a href=\"https:\/\/elpais.com\/cultura\/2024-04-19\/la-quimera-el-cine-utopico-de-alice-rohrwacher-y-el-expolio-de-la-italia-profanada.html\" target=\"_blank\" rel=\"noreferrer nofollow noopener\" title=\"https:\/\/elpais.com\/cultura\/2024-04-19\/la-quimera-el-cine-utopico-de-alice-rohrwacher-y-el-expolio-de-la-italia-profanada.html\"><b>La Quimera <\/b><b>con Alice Rohrwacher<\/b><\/a><b>. Es una de las cineastas con m\u00e1s talento del presente que adem\u00e1s est\u00e1 muy interesada en la idea de la comunidad desde una perspectiva de g\u00e9nero. \u00bfLe interesa trabajar con mujeres?<\/b><\/p>\n<p class=\"\">Me encant\u00f3 trabajar con ella y ojal\u00e1 vuelva a llamarme. Estoy muy interesada en las mujeres directoras. Me atraen los \u00e1ngulos que las mujeres aportan a las historias. El cine dirigido por mujeres conforma una nueva ola de la que me siento muy cercana. <\/p>\n<p class=\"\"><b>La mirada de Rohrwacher es muy po\u00e9tica y a la vez muy pol\u00edtica en su cr\u00edtica al sistema. \u00bfLa considera heredera de su padre?<\/b><\/p>\n<p class=\"\">No veo a mi padre como un cineasta pol\u00edtico, sino humanista. De hecho creo que huy\u00f3 de la pol\u00edtica para hablar de seres humanos. \u00c9l no fue a Alemania a decir que los nazis eran fascistas sino para buscar la redenci\u00f3n en lo humano.<\/p>\n<p><img decoding=\"auto\" class=\"_re lazyload a_m-v\" height=\"496\"  width=\"414\"  src=\"https:\/\/www.europesays.com\/es\/wp-content\/uploads\/2025\/11\/LQVSG2E4BJB3ZECAK4GKZL3LDM.jpg\" loading=\"lazy\"\/>Abrigo de ante intrencciato rojo y jersey de cachemir, ambos de BOTTEGA VENETA; guantes de piel color calabaza de GUANTE VARAD\u00c9 y collar Diva\u2019s Dream en oro amarillo con cornalina, turmalinas rosas, madreperla, malaquita, rubelitas, diamantes y pav\u00e9 de diamantes, de BVLGARI.Nico BustosEQUIPO<\/p>\n<p>Estilismo  Beatriz Moreno de la Cova<\/p>\n<p>Maquillaje  Nicoletta Pinna (Simone Belli Agency)<\/p>\n<p>Peluquer\u00eda  Lorenzo Barcella (Julian Watson Agency)<\/p>\n<p>Producci\u00f3n  Cristina Serrano<\/p>\n<p>Producci\u00f3n local  Gemma Soriano y Berta Prim (247 Plus)<\/p>\n<p>Asistentes de fotograf\u00eda  Federica Falcone y Matteo Fusacchia<\/p>\n<p>Asistente digital  Lorenzo Profilio<\/p>\n<p>Asistente de estilismo  Diego Serna<\/p>\n<p><script async src=\"\/\/www.instagram.com\/embed.js\"><\/script><\/p>\n","protected":false},"excerpt":{"rendered":"A sus 73 a\u00f1os, Isabella Rossellini se pasea por el mundo con una curiosa mezcla de mujer errante&hellip;\n","protected":false},"author":2,"featured_media":249518,"comment_status":"","ping_status":"","sticky":false,"template":"","format":"standard","meta":{"footnotes":""},"categories":[174],"tags":[1015,255,177,1268,1800,146,147,25,24,256,63370,27499,18573,3383,63371,23],"class_list":{"0":"post-249517","1":"post","2":"type-post","3":"status-publish","4":"format-standard","5":"has-post-thumbnail","7":"category-famosos","8":"tag-actrices","9":"tag-celebrities","10":"tag-cine","11":"tag-david-lynch","12":"tag-ecologia","13":"tag-entertainment","14":"tag-entretenimiento","15":"tag-es","16":"tag-espana","17":"tag-famosos","18":"tag-granjas","19":"tag-ingrid-bergman","20":"tag-isabella-rossellini","21":"tag-modelos","22":"tag-roberto-rossellini","23":"tag-spain"},"share_on_mastodon":{"url":"https:\/\/pubeurope.com\/@es\/115592674021442380","error":""},"_links":{"self":[{"href":"https:\/\/www.europesays.com\/es\/wp-json\/wp\/v2\/posts\/249517","targetHints":{"allow":["GET"]}}],"collection":[{"href":"https:\/\/www.europesays.com\/es\/wp-json\/wp\/v2\/posts"}],"about":[{"href":"https:\/\/www.europesays.com\/es\/wp-json\/wp\/v2\/types\/post"}],"author":[{"embeddable":true,"href":"https:\/\/www.europesays.com\/es\/wp-json\/wp\/v2\/users\/2"}],"replies":[{"embeddable":true,"href":"https:\/\/www.europesays.com\/es\/wp-json\/wp\/v2\/comments?post=249517"}],"version-history":[{"count":0,"href":"https:\/\/www.europesays.com\/es\/wp-json\/wp\/v2\/posts\/249517\/revisions"}],"wp:featuredmedia":[{"embeddable":true,"href":"https:\/\/www.europesays.com\/es\/wp-json\/wp\/v2\/media\/249518"}],"wp:attachment":[{"href":"https:\/\/www.europesays.com\/es\/wp-json\/wp\/v2\/media?parent=249517"}],"wp:term":[{"taxonomy":"category","embeddable":true,"href":"https:\/\/www.europesays.com\/es\/wp-json\/wp\/v2\/categories?post=249517"},{"taxonomy":"post_tag","embeddable":true,"href":"https:\/\/www.europesays.com\/es\/wp-json\/wp\/v2\/tags?post=249517"}],"curies":[{"name":"wp","href":"https:\/\/api.w.org\/{rel}","templated":true}]}}