{"id":249527,"date":"2025-11-22T09:41:15","date_gmt":"2025-11-22T09:41:15","guid":{"rendered":"https:\/\/www.europesays.com\/es\/249527\/"},"modified":"2025-11-22T09:41:15","modified_gmt":"2025-11-22T09:41:15","slug":"alemania-horario-y-donde-ver-por-tv-la-semifinal-de-la-copa-davis-2025","status":"publish","type":"post","link":"https:\/\/www.europesays.com\/es\/249527\/","title":{"rendered":"Alemania: horario y d\u00f3nde ver por TV la semifinal de la Copa Davis 2025"},"content":{"rendered":"\n<p>  21\/11\/2025 &#8211; 09:42  Actualizado: 22\/11\/2025 &#8211; 10:00   <\/p>\n<ul class=\"bodyList bodyList--unordered\">\n<li class=\"bodyList__item\"><a href=\"https:\/\/www.elconfidencial.com\/deportes\/tenis\/2025-11-20\/espana-republica-copa-davis-dobles-marcel-granollers-pedro-martinez_4251157\/pass_31e001c6efc270a4d356adc71d762821\/?_overwrite=true&amp;m=1763713909267\" target=\"_self\" rel=\"nofollow noopener\">La Armada nunca se rinde: el dobles logra la gesta y clasifica a Espa\u00f1a a &#8216;semis&#8217; de Copa Davis<\/a><\/li>\n<li class=\"bodyList__item\"><a href=\"https:\/\/profile.google.com\/cp\/CgsvZy8xMjI2ZzRoMA\" target=\"_blank\" rel=\"nofollow noopener\">Sigue a El Confidencial en Google Discover para enterarte de todas las noticias<\/a><\/li>\n<\/ul>\n<p> Espa\u00f1a avanza a las semifinales de la <strong>Copa Davis 2025<\/strong> despu\u00e9s de imponerse a <strong>Rep\u00fablica Checa<\/strong> en una eliminatoria muy igualada disputada en Bolonia. <a href=\"https:\/\/www.elconfidencial.com\/deportes\/tenis\/2025-09-14\/enfado-david-ferrer-juez-de-silla-actitud-rune-copa-davis_4208662\/\" target=\"_self\" rel=\"nofollow noopener\">El conjunto dirigido por David Ferrer<\/a> volvi\u00f3 a apoyarse en su resiliencia para sacar adelante un 2-1 construido desde la remontada. Este triunfo mantiene a la selecci\u00f3n en la lucha por la Ensaladera en una edici\u00f3n marcada por la competitividad. El pr\u00f3ximo rival ser\u00e1 <strong>Alemania<\/strong>, que tambi\u00e9n lleg\u00f3 a esta ronda con sufrimiento. <\/p>\n<p> La serie no comenz\u00f3 bien para el equipo espa\u00f1ol, ya que <strong>Pablo Carre\u00f1o<\/strong> perdi\u00f3 frente a <strong>Jakub Mensik<\/strong> por 7-5 y 6-4, obligando a Espa\u00f1a a reaccionar r\u00e1pido. <a href=\"https:\/\/www.elconfidencial.com\/deportes\/tenis\/2025-11-20\/espana-republica-checa-copa-davis-munar-lehecka_4251101\/\" target=\"_self\" rel=\"nofollow noopener\">Esa respuesta lleg\u00f3 con Jaume Munar<\/a>, que volvi\u00f3 a dar aire al combinado nacional al derrotar a <strong>Jiri Lehecka<\/strong> por 6-3 y 6-4. Todo se decidi\u00f3 en el dobles, donde <strong>Marcel Granollers y Pedro Mart\u00ednez<\/strong> firmaron una actuaci\u00f3n decisiva y vencieron a Mensik y <strong>Tomas Machac<\/strong> por un doble <strong>7-6<\/strong>, sellando la clasificaci\u00f3n. <\/p>\n<p>              <img decoding=\"async\" class=\"inTextNews__img\" alt=\"Foto: edema-isquiotibial-lesion-carlos-alcaraz-copa-davis\" src=\"https:\/\/www.europesays.com\/es\/wp-content\/uploads\/2025\/11\/f.elconfidencial.com\/original\/f8c\/238\/2e5\/f8c2382e5ab04c5361040388d649d7be.jpg\"  \/>     <\/p>\n<p>TE PUEDE INTERESAR<\/p>\n<p>      <a class=\"inTextNews__title\" href=\"https:\/\/www.elconfidencial.com\/deportes\/tenis\/2025-11-18\/edema-isquiotibial-lesion-carlos-alcaraz-copa-davis_4249462\/\" onclick=\"window.ECCO.emit(&#039;amplitude&#039;, { dataEventName: &#039;click_related_article_module&#039;, data: { related_article_url: &#039;https:\/\/www.elconfidencial.com\/deportes\/tenis\/2025-11-18\/edema-isquiotibial-lesion-carlos-alcaraz-copa-davis_4249462\/&#039;, related_article_author: &#039;Silvia L\u00f3pez&#039;, related_article_section: &#039;tenis&#039; } })\" rel=\"nofollow noopener\" target=\"_blank\"> As\u00ed es el edema en el isquiotibial, la lesi\u00f3n que sufre Carlos Alcaraz y que le impide jugar la Copa Davis <\/a>   <\/p>\n<p>    El Confidencial   <\/p>\n<p> Con ese resultado, Espa\u00f1a se enfrentar\u00e1 a <strong>Alemania<\/strong>, que logr\u00f3 imponerse a <strong>Argentina<\/strong> en el tie-break final del dobles para acceder a semifinales. El enfrentamiento entre ambos equipos est\u00e1 previsto para el <strong>s\u00e1bado 22 de noviembre<\/strong>, a partir de las <strong>12:00 horas<\/strong>, en la pista central de Bolonia. En la otra semifinal, que se disputar\u00e1 el viernes, se ver\u00e1n las caras <strong>Italia<\/strong> y <strong>B\u00e9lgica<\/strong>. La final del torneo se celebrar\u00e1 el domingo 23. <\/p>\n<p> Los partidos correspondientes a la <strong>Final 8 de la Copa Davis 2025<\/strong>, incluida la semifinal entre Espa\u00f1a y Alemania, podr\u00e1n seguirse en directo mediante <strong>Movistar Plus+<\/strong>, tanto en su emisi\u00f3n televisiva como en el servicio de streaming. La competici\u00f3n, que re\u00fane a las ocho mejores selecciones del a\u00f1o, <strong>se disputa en Bolonia del 18 al 23 de noviembre. <\/strong>Espa\u00f1a buscar\u00e1 prolongar su racha de actuaciones s\u00f3lidas para seguir peleando por la Ensaladera. <\/p>\n","protected":false},"excerpt":{"rendered":"21\/11\/2025 &#8211; 09:42 Actualizado: 22\/11\/2025 &#8211; 10:00 La Armada nunca se rinde: el dobles logra la gesta y&hellip;\n","protected":false},"author":2,"featured_media":249528,"comment_status":"","ping_status":"","sticky":false,"template":"","format":"standard","meta":{"footnotes":""},"categories":[93],"tags":[168,25,24,23,167],"class_list":{"0":"post-249527","1":"post","2":"type-post","3":"status-publish","4":"format-standard","5":"has-post-thumbnail","7":"category-deportes","8":"tag-deportes","9":"tag-es","10":"tag-espana","11":"tag-spain","12":"tag-sports"},"share_on_mastodon":{"url":"https:\/\/pubeurope.com\/@es\/115592697368100492","error":""},"_links":{"self":[{"href":"https:\/\/www.europesays.com\/es\/wp-json\/wp\/v2\/posts\/249527","targetHints":{"allow":["GET"]}}],"collection":[{"href":"https:\/\/www.europesays.com\/es\/wp-json\/wp\/v2\/posts"}],"about":[{"href":"https:\/\/www.europesays.com\/es\/wp-json\/wp\/v2\/types\/post"}],"author":[{"embeddable":true,"href":"https:\/\/www.europesays.com\/es\/wp-json\/wp\/v2\/users\/2"}],"replies":[{"embeddable":true,"href":"https:\/\/www.europesays.com\/es\/wp-json\/wp\/v2\/comments?post=249527"}],"version-history":[{"count":0,"href":"https:\/\/www.europesays.com\/es\/wp-json\/wp\/v2\/posts\/249527\/revisions"}],"wp:featuredmedia":[{"embeddable":true,"href":"https:\/\/www.europesays.com\/es\/wp-json\/wp\/v2\/media\/249528"}],"wp:attachment":[{"href":"https:\/\/www.europesays.com\/es\/wp-json\/wp\/v2\/media?parent=249527"}],"wp:term":[{"taxonomy":"category","embeddable":true,"href":"https:\/\/www.europesays.com\/es\/wp-json\/wp\/v2\/categories?post=249527"},{"taxonomy":"post_tag","embeddable":true,"href":"https:\/\/www.europesays.com\/es\/wp-json\/wp\/v2\/tags?post=249527"}],"curies":[{"name":"wp","href":"https:\/\/api.w.org\/{rel}","templated":true}]}}