{"id":249562,"date":"2025-11-22T10:10:10","date_gmt":"2025-11-22T10:10:10","guid":{"rendered":"https:\/\/www.europesays.com\/es\/249562\/"},"modified":"2025-11-22T10:10:10","modified_gmt":"2025-11-22T10:10:10","slug":"divisiones-sobre-salida-de-combustibles-fosiles-amenazan-con-hundir-la-cop30","status":"publish","type":"post","link":"https:\/\/www.europesays.com\/es\/249562\/","title":{"rendered":"Divisiones sobre salida de combustibles f\u00f3siles amenazan con hundir la COP30"},"content":{"rendered":"<p>    <img src=\"https:\/\/www.europesays.com\/es\/wp-content\/uploads\/2025\/11\/2025-11-22T093A343A04Z-90432457.jpg\" width=\"1024\" height=\"682\" alt=\"\" loading=\"eager\" decoding=\"sync\" fetchpriority=\"high\"\/><\/p>\n<p>            afp_tickers        <\/p>\n<p>        Este contenido fue publicado en    <\/p>\n<p>        22 noviembre 2025 &#8211; 10:34\n<\/p>\n<p>Las negociaciones clim\u00e1ticas en Bel\u00e9m (COP30) contin\u00faan este s\u00e1bado m\u00e1s all\u00e1 del cierre programado, tras dos ca\u00f3ticas semanas de cumbre que est\u00e1 a punto de concluir sin ning\u00fan compromiso importante para acelerar la salida gradual de las energ\u00edas f\u00f3siles.<\/p>\n<p>El objetivo es alcanzar un acuerdo para recuperar el retraso acumulado por la humanidad en su lucha contra la contaminaci\u00f3n por carbono, apoyar la adaptaci\u00f3n al cambio clim\u00e1tico de los pa\u00edses pobres y demostrar la viabilidad del multilateralismo en un mundo fracturado.<\/p>\n<p>Pero desde el viernes, los pa\u00edses discuten en Brasil sobre un texto de la presidencia que ya no contiene la palabra \u00abf\u00f3siles\u00bb.\u00a0<\/p>\n<p>Y mucho menos la creaci\u00f3n de una \u00abhoja de ruta\u00bb para abandonar el petr\u00f3leo, el carb\u00f3n y el gas, reclamada por al menos 80 pa\u00edses europeos, latinoamericanos o insulares, y respaldada por el propio presidente brasile\u00f1o, Luiz In\u00e1cio Lula da Silva.<\/p>\n<p>La Uni\u00f3n Europea plante\u00f3 la posibilidad de marcharse \u00absin acuerdo\u00bb, lo que supondr\u00eda un humillante fracaso para Brasil y para esta primera conferencia clim\u00e1tica de la ONU en la Amazon\u00eda, que comenz\u00f3 el 10 de noviembre.<\/p>\n<p>Los europeos se encuentran \u00abaislados\u00bb en su rechazo al texto. Algunos pa\u00edses desean abandonar la mesa y otros \u00abtemen (\u2026) asumir la responsabilidad\u00bb del fracaso de la cumbre, seg\u00fan una delegaci\u00f3n de un pa\u00eds de la UE.<\/p>\n<p>\u00ab\u00bfQui\u00e9nes son los que m\u00e1s bloquean? Todos los conocemos. Son los pa\u00edses productores de petr\u00f3leo, por supuesto. Rusia, India, Arabia Saudita. Pero tambi\u00e9n se les unen muchos pa\u00edses emergentes\u00bb, declar\u00f3 a la AFP la ministra francesa de Transici\u00f3n Ecol\u00f3gica, Monique Barbut.<\/p>\n<p>El emisario de la COP30 para el sur de Asia, el indio Arunabha Ghosh, llam\u00f3 a no dejarse distraer por el \u00abruido\u00bb y a centrarse \u00aben lo esencial\u00bb: \u00abel acceso a la energ\u00eda para los m\u00e1s pobres, la seguridad energ\u00e9tica para todos y la sostenibilidad energ\u00e9tica para el planeta\u00bb.<\/p>\n<p>El proyecto de acuerdo pide \u00abesfuerzos\u00bb para triplicar la financiaci\u00f3n destinada a la adaptaci\u00f3n de los pa\u00edses pobres al cambio clim\u00e1tico. Pero los pa\u00edses ricos se muestran reacios a volver a contribuir tras una COP29 que les comprometi\u00f3 durante diez a\u00f1os.<\/p>\n<p>Tras el fracaso de una larga reuni\u00f3n el viernes mediod\u00eda con los cerca de 190 pa\u00edses presentes, la presidencia brasile\u00f1a cambi\u00f3 de formato y mantuvo conversaciones por la tarde a puerta cerrada, casi sin interrupci\u00f3n, con un grupo reducido de pa\u00edses, representativos de los diferentes bloques.<\/p>\n<p>Muy poco se filtr\u00f3 de estas largas discusiones, iniciadas sobre las 17H00 (20H00 GMT) y que se prolongaron hasta altas horas de la noche.<\/p>\n<p>Seg\u00fan varios observadores y delegados preguntados por AFP, los debates se centran en modificaciones al margen de los tres principales puntos de fricci\u00f3n: la ambici\u00f3n de reducir las energ\u00edas f\u00f3siles, la ayuda financiera que deben aportar los pa\u00edses desarrollados y las tensiones comerciales sobre los impuestos sobre el carbono en las fronteras.<\/p>\n<p>\u2013 Presi\u00f3n de Lula \u2013<\/p>\n<p>El jefe de la COP30, el diplom\u00e1tico brasile\u00f1o Andr\u00e9 Correa do Lago, inst\u00f3 a alcanzar un compromiso o de lo contrario aquellos que dudan del multilateralismo \u00abvan a estar absolutamente encantados\u00bb.<\/p>\n<p>Tiene la dif\u00edcil tarea de poner de acuerdo a los 194 pa\u00edses y a la Uni\u00f3n Europea para su adopci\u00f3n por consenso, como es norma en las COP.<\/p>\n<p>Los miembros de esta conferencia del cambio clim\u00e1tico aprobaron hace dos a\u00f1os, en la COP28 de Dub\u00e1i, un llamado hist\u00f3rico a abandonar progresivamente los combustibles f\u00f3siles, es decir, el gas, el petr\u00f3leo y el carb\u00f3n.<\/p>\n<p>Aunque no estaba previsto, el presidente brasile\u00f1o, Luiz In\u00e1cio Lula da Silva, propuso en Bel\u00e9m dar un paso m\u00e1s para iniciar ese delicado proceso, pese a la oposici\u00f3n de productores como Arabia Saudita y de numerosos pa\u00edses emergentes que los consumen.<\/p>\n<p>La conferencia no puede terminar \u00absin una hoja de ruta clara, justa y equitativa para abandonar los combustibles f\u00f3siles en el mundo\u00bb, declar\u00f3 la ministra colombiana de Ambiente, Irene V\u00e9lez.<\/p>\n<p>bur-bl\/gmo\/chl\/hgs\/dbh<\/p>\n","protected":false},"excerpt":{"rendered":"afp_tickers Este contenido fue publicado en 22 noviembre 2025 &#8211; 10:34 Las negociaciones clim\u00e1ticas en Bel\u00e9m (COP30) contin\u00faan&hellip;\n","protected":false},"author":2,"featured_media":249563,"comment_status":"","ping_status":"","sticky":false,"template":"","format":"standard","meta":{"footnotes":""},"categories":[42],"tags":[17,18,82,83,14686,756,13,14,15535,11,61,62,63,14688,86,64,19,20,9,10,15,16,14690,88,90,12,21,22,15537,65,66,67],"class_list":{"0":"post-249562","1":"post","2":"type-post","3":"status-publish","4":"format-standard","5":"has-post-thumbnail","7":"category-internacional","8":"tag-breaking-news","9":"tag-breakingnews","10":"tag-business","11":"tag-diplomacy","12":"tag-energy-and-resource","13":"tag-environment","14":"tag-featured-news","15":"tag-featurednews","16":"tag-global-change","17":"tag-headlines","18":"tag-internacional","19":"tag-international","20":"tag-international-news","21":"tag-international-organisation","22":"tag-international-relations","23":"tag-internationalnews","24":"tag-latest-news","25":"tag-latestnews","26":"tag-news","27":"tag-noticias","28":"tag-noticias-destacadas","29":"tag-noticiasdestacadas","30":"tag-oil-and-gas-upstream-activities","31":"tag-politics","32":"tag-ticker","33":"tag-titulares","34":"tag-ultimas-noticias","35":"tag-ultimasnoticias","36":"tag-weather","37":"tag-world","38":"tag-world-news","39":"tag-worldnews"},"share_on_mastodon":{"url":"","error":"Validation failed: Text character limit of 500 exceeded"},"_links":{"self":[{"href":"https:\/\/www.europesays.com\/es\/wp-json\/wp\/v2\/posts\/249562","targetHints":{"allow":["GET"]}}],"collection":[{"href":"https:\/\/www.europesays.com\/es\/wp-json\/wp\/v2\/posts"}],"about":[{"href":"https:\/\/www.europesays.com\/es\/wp-json\/wp\/v2\/types\/post"}],"author":[{"embeddable":true,"href":"https:\/\/www.europesays.com\/es\/wp-json\/wp\/v2\/users\/2"}],"replies":[{"embeddable":true,"href":"https:\/\/www.europesays.com\/es\/wp-json\/wp\/v2\/comments?post=249562"}],"version-history":[{"count":0,"href":"https:\/\/www.europesays.com\/es\/wp-json\/wp\/v2\/posts\/249562\/revisions"}],"wp:featuredmedia":[{"embeddable":true,"href":"https:\/\/www.europesays.com\/es\/wp-json\/wp\/v2\/media\/249563"}],"wp:attachment":[{"href":"https:\/\/www.europesays.com\/es\/wp-json\/wp\/v2\/media?parent=249562"}],"wp:term":[{"taxonomy":"category","embeddable":true,"href":"https:\/\/www.europesays.com\/es\/wp-json\/wp\/v2\/categories?post=249562"},{"taxonomy":"post_tag","embeddable":true,"href":"https:\/\/www.europesays.com\/es\/wp-json\/wp\/v2\/tags?post=249562"}],"curies":[{"name":"wp","href":"https:\/\/api.w.org\/{rel}","templated":true}]}}