{"id":249578,"date":"2025-11-22T10:26:19","date_gmt":"2025-11-22T10:26:19","guid":{"rendered":"https:\/\/www.europesays.com\/es\/249578\/"},"modified":"2025-11-22T10:26:19","modified_gmt":"2025-11-22T10:26:19","slug":"180-grados-siloe-ivan-ferreiro-monstruo-laberinto-y-estrogenuinas","status":"publish","type":"post","link":"https:\/\/www.europesays.com\/es\/249578\/","title":{"rendered":"180 grados &#8211; Silo\u00e9, Iv\u00e1n Ferreiro, Monstruo Laberinto y Estrogenuinas"},"content":{"rendered":"<p>Silo\u00e9 cierran 2025 con \u00abSi Te Pones de Mi Parte\u00bb, una canci\u00f3n nost\u00e1lgica y \u00e9pica pero luminosa y con un piano precioso que recuerda a \u00abClocks\u00bb, de Coldplay. Escuchamos la versi\u00f3n que Iv\u00e1n Ferreiro ha grabado de Turnedo, veinte a\u00f1os despu\u00e9s de su publicaci\u00f3n, a Monstruo Laberinto con la hipn\u00f3tica \u00abHumo Humano\u00bb, que bebe de Justice y el regreso de Estrogenuinas con \u00abBea Vapea\u00bb. <\/p>\n<p>IV\u00c1N FERREIRO &#8211; Turnedo<\/p>\n<p>REPION &#8211; Cerrar los ojos<\/p>\n<p>MONSTRUO LABERINTO &#8211; Humo Humano<\/p>\n<p>VELOCITY GIRL &#8211; Your Silent Face<\/p>\n<p>PIPIOLAS &#8211; Soy Una Estrella<\/p>\n<p>VEINTIUNO &#8211; Pide Un Deseo Por M\u00ed<\/p>\n<p>SILO\u00c9 &#8211; Si Te Pones de Mi Parte<\/p>\n<p>VIVA SUECIA &#8211; Dolor y Gloria<\/p>\n<p>ELYELLA, LORI MEYERS &#8211; Tenemos La Respuesta<\/p>\n<p>DIRT BUYER &#8211; Get To Choose<\/p>\n<p>CELIA ES CEL\u00cdACA &#8211; Las Siete Menos Diez<\/p>\n<p>ESTROGENUINAS &#8211; Bea Vapea<\/p>\n<p>CHIQUITA MOVIDA &#8211; Fotos Felices<\/p>\n<p>ELEM &#8211; La Salvaci\u00f3n<\/p>\n<p>CHARLI XCX_Chains of Love<\/p>\n<p>AMAARAE &#8211; Starkilla ft. Bree Runway &amp; Starkillers<\/p>\n","protected":false},"excerpt":{"rendered":"Silo\u00e9 cierran 2025 con \u00abSi Te Pones de Mi Parte\u00bb, una canci\u00f3n nost\u00e1lgica y \u00e9pica pero luminosa y&hellip;\n","protected":false},"author":2,"featured_media":249579,"comment_status":"","ping_status":"","sticky":false,"template":"","format":"standard","meta":{"footnotes":""},"categories":[170],"tags":[46052,146,147,25,24,45788,63388,184,185,133,1448,1986,1987,54876,23],"class_list":{"0":"post-249578","1":"post","2":"type-post","3":"status-publish","4":"format-standard","5":"has-post-thumbnail","7":"category-musica","8":"tag-180-grados","9":"tag-entertainment","10":"tag-entretenimiento","11":"tag-es","12":"tag-espana","13":"tag-ivan-ferreiro","14":"tag-monstruo-laberinto-y-estrogenuinas","15":"tag-music","16":"tag-musica","17":"tag-online","18":"tag-radio","19":"tag-rne","20":"tag-rtve-play","21":"tag-siloe","22":"tag-spain"},"share_on_mastodon":{"url":"https:\/\/pubeurope.com\/@es\/115592874330099231","error":""},"_links":{"self":[{"href":"https:\/\/www.europesays.com\/es\/wp-json\/wp\/v2\/posts\/249578","targetHints":{"allow":["GET"]}}],"collection":[{"href":"https:\/\/www.europesays.com\/es\/wp-json\/wp\/v2\/posts"}],"about":[{"href":"https:\/\/www.europesays.com\/es\/wp-json\/wp\/v2\/types\/post"}],"author":[{"embeddable":true,"href":"https:\/\/www.europesays.com\/es\/wp-json\/wp\/v2\/users\/2"}],"replies":[{"embeddable":true,"href":"https:\/\/www.europesays.com\/es\/wp-json\/wp\/v2\/comments?post=249578"}],"version-history":[{"count":0,"href":"https:\/\/www.europesays.com\/es\/wp-json\/wp\/v2\/posts\/249578\/revisions"}],"wp:featuredmedia":[{"embeddable":true,"href":"https:\/\/www.europesays.com\/es\/wp-json\/wp\/v2\/media\/249579"}],"wp:attachment":[{"href":"https:\/\/www.europesays.com\/es\/wp-json\/wp\/v2\/media?parent=249578"}],"wp:term":[{"taxonomy":"category","embeddable":true,"href":"https:\/\/www.europesays.com\/es\/wp-json\/wp\/v2\/categories?post=249578"},{"taxonomy":"post_tag","embeddable":true,"href":"https:\/\/www.europesays.com\/es\/wp-json\/wp\/v2\/tags?post=249578"}],"curies":[{"name":"wp","href":"https:\/\/api.w.org\/{rel}","templated":true}]}}