{"id":249580,"date":"2025-11-22T10:27:09","date_gmt":"2025-11-22T10:27:09","guid":{"rendered":"https:\/\/www.europesays.com\/es\/249580\/"},"modified":"2025-11-22T10:27:09","modified_gmt":"2025-11-22T10:27:09","slug":"arnold-schwarzenegger-carga-contra-el-remake-de-uno-de-sus-clasicos-de-accion-eso-es-una-tonteria","status":"publish","type":"post","link":"https:\/\/www.europesays.com\/es\/249580\/","title":{"rendered":"Arnold Schwarzenegger carga contra el remake de uno de sus cl\u00e1sicos de acci\u00f3n: \u201cEso es una tonter\u00eda\u201d"},"content":{"rendered":"<p class=\"\">A <a href=\"https:\/\/as.com\/meristation\/cine\/la-iconica-actriz-latina-de-los-80-que-enseno-a-besar-a-arnold-schwarzenegger-le-dije-que-no-se-besaba-asi-f202511-n\/\" target=\"_self\" rel=\"nofollow noopener\" title=\"https:\/\/as.com\/meristation\/cine\/la-iconica-actriz-latina-de-los-80-que-enseno-a-besar-a-arnold-schwarzenegger-le-dije-que-no-se-besaba-asi-f202511-n\/\">Arnold Schwarzenegger<\/a> no le ha gustado que hicieran un remake de una de sus pel\u00edculas cl\u00e1sicas de los a\u00f1os 90. El actor ha acudido a un pase de <a href=\"https:\/\/as.com\/meristation\/cine\/critica-de-the-running-man-la-distopia-de-ritmo-brutal-con-la-que-edgar-wright-vuelve-a-demostrar-por-que-es-uno-de-los-mejores-f202511-n\/\" target=\"_self\" rel=\"nofollow noopener\" title=\"https:\/\/as.com\/meristation\/cine\/critica-de-the-running-man-la-distopia-de-ritmo-brutal-con-la-que-edgar-wright-vuelve-a-demostrar-por-que-es-uno-de-los-mejores-f202511-n\/\">\u2018The Running Man\u2019 <\/a>para introducir el largometraje ante los espectadores, y es en ese momento cuando <b>ha arremetido contra la versi\u00f3n remozada de \u2018Desaf\u00edo total\u2019<\/b>, estrenada en 2012, dirigida por Len Wiseman y protagonizada por Colin Farrell, Kate Beckinsale y Bryan Cranston.<\/p>\n<p class=\"\">Schwarzenegger ha tenido <b>muy buenas palabras para \u2018The Running Man\u2019<\/b>, otra adaptaci\u00f3n de la novela de Stephen King, como la que protagoniz\u00f3 el propio actor en los a\u00f1os ochenta: \u201cCreo que han hecho un trabajo fant\u00e1stico\u201d. No as\u00ed con \u2018Desaf\u00edo total\u2019.<\/p>\n<p><img decoding=\"async\" src=\"https:\/\/www.europesays.com\/es\/wp-content\/uploads\/2025\/11\/M52YGO2V6BFMXB5AE6GX5E3JS4.jpg\" alt=\"Total Recall, Desaf\u00edo Total, Arnold Schwarzenegger\" class=\"mm__img\"   width=\"1600\" height=\"851\" loading=\"lazy\"\/><\/p>\n<p>Ampliar<\/p>\n<p>La cr\u00edtica de Schwarzenegger a \u2018Desaf\u00edo total\u2019<\/p>\n<p class=\"\">\u201cEn 1987 hicimos la pel\u00edcula de \u2018The Running Man\u2019, ha rememorado. \u201dEsta fue <b>la d\u00e9cada en la que se hicieron la mayor\u00eda de las mejores pel\u00edculas de acci\u00f3n<\/b>: de los ochenta a los noventa\u00bb, ha opinado.<\/p>\n<p class=\"\">\u201cAhora, por supuesto, hay<b> muchas compa\u00f1\u00edas que vienen y hacen un remake<\/b>. En la mayor\u00eda de los casos no estoy contento porque ya eran pel\u00edculas perfectas\u201d. La estrella de \u2018Terminator\u2019 ha puesto como ejemplo \u2018Total Recall\u2019, que en Espa\u00f1a se tradujo como \u2018Desaf\u00edo total\u2019.<\/p>\n<p class=\"\">\u201c\u00bfPor qu\u00e9 rehar\u00edas \u2018Desaf\u00edo total\u2019? No me puse contento con ello. <b>Dir\u00eda que es una forma est\u00fapida de hacerlo<\/b>\u201c. Sus palabras han generado risas entre el p\u00fablico.<\/p>\n<p class=\"\">Suscr\u00edbete al <a href=\"https:\/\/www.youtube.com\/@meristation\" target=\"_self\" rel=\"nofollow noopener\" title=\"https:\/\/www.youtube.com\/@meristation\">canal de MeriStation en YouTube<\/a>, tu web de videojuegos y entretenimiento para conocer todas las noticias y novedades sobre el mundo del videojuego, cine, series, manga y anime. An\u00e1lisis, entrevistas, tr\u00e1ileres, gameplays, p\u00f3dcast y mucho m\u00e1s. Tambi\u00e9n te animamos a seguir <a href=\"https:\/\/www.tiktok.com\/@meristation\" rel=\"nofollow noopener\" title=\"https:\/\/www.tiktok.com\/@meristation\" target=\"_blank\">nuestra cuenta de TikTok<\/a>. <\/p>\n<p class=\"\">\u00a1S\u00edguenos en ambas y, si est\u00e1s interesado en licenciar este contenido, pincha <a href=\"https:\/\/profesional.elpais.com\/landing-sindicacion\/?utm_medium=interno&amp;utm_source=crosslinking&amp;utm_campaign=sindicacion_as_pie_articulos\" target=\"_blank\" rel=\"nofollow noopener\" title=\"https:\/\/profesional.elpais.com\/landing-sindicacion\/?utm_medium=interno&amp;utm_source=crosslinking&amp;utm_campaign=sindicacion_as_pie_articulos\">aqu\u00ed<\/a>!<\/p>\n<p><script async src=\"\/\/www.tiktok.com\/embed.js\"><\/script><\/p>\n","protected":false},"excerpt":{"rendered":"A Arnold Schwarzenegger no le ha gustado que hicieran un remake de una de sus pel\u00edculas cl\u00e1sicas de&hellip;\n","protected":false},"author":2,"featured_media":66596,"comment_status":"","ping_status":"","sticky":false,"template":"","format":"standard","meta":{"footnotes":""},"categories":[169],"tags":[177,146,147,25,24,176,175,23],"class_list":{"0":"post-249580","1":"post","2":"type-post","3":"status-publish","4":"format-standard","5":"has-post-thumbnail","7":"category-cine","8":"tag-cine","9":"tag-entertainment","10":"tag-entretenimiento","11":"tag-es","12":"tag-espana","13":"tag-film","14":"tag-movies","15":"tag-spain"},"share_on_mastodon":{"url":"https:\/\/pubeurope.com\/@es\/115592878528594172","error":""},"_links":{"self":[{"href":"https:\/\/www.europesays.com\/es\/wp-json\/wp\/v2\/posts\/249580","targetHints":{"allow":["GET"]}}],"collection":[{"href":"https:\/\/www.europesays.com\/es\/wp-json\/wp\/v2\/posts"}],"about":[{"href":"https:\/\/www.europesays.com\/es\/wp-json\/wp\/v2\/types\/post"}],"author":[{"embeddable":true,"href":"https:\/\/www.europesays.com\/es\/wp-json\/wp\/v2\/users\/2"}],"replies":[{"embeddable":true,"href":"https:\/\/www.europesays.com\/es\/wp-json\/wp\/v2\/comments?post=249580"}],"version-history":[{"count":0,"href":"https:\/\/www.europesays.com\/es\/wp-json\/wp\/v2\/posts\/249580\/revisions"}],"wp:featuredmedia":[{"embeddable":true,"href":"https:\/\/www.europesays.com\/es\/wp-json\/wp\/v2\/media\/66596"}],"wp:attachment":[{"href":"https:\/\/www.europesays.com\/es\/wp-json\/wp\/v2\/media?parent=249580"}],"wp:term":[{"taxonomy":"category","embeddable":true,"href":"https:\/\/www.europesays.com\/es\/wp-json\/wp\/v2\/categories?post=249580"},{"taxonomy":"post_tag","embeddable":true,"href":"https:\/\/www.europesays.com\/es\/wp-json\/wp\/v2\/tags?post=249580"}],"curies":[{"name":"wp","href":"https:\/\/api.w.org\/{rel}","templated":true}]}}