{"id":249597,"date":"2025-11-22T10:44:10","date_gmt":"2025-11-22T10:44:10","guid":{"rendered":"https:\/\/www.europesays.com\/es\/249597\/"},"modified":"2025-11-22T10:44:10","modified_gmt":"2025-11-22T10:44:10","slug":"alineacion-posible-del-athletic-ante-el-barca-en-laliga-ea-sports","status":"publish","type":"post","link":"https:\/\/www.europesays.com\/es\/249597\/","title":{"rendered":"Alineaci\u00f3n posible del Athletic ante el Bar\u00e7a en LaLiga EA Sports"},"content":{"rendered":"<p class=\"\"><b>Ernesto Valverde <\/b>vuelve a uno de sus escenarios como entrenador como es el remozado Camp Nou este s\u00e1bado (16:15 h.) <b>tratando de romper las estad\u00edsticas y lograr tajada en un rect\u00e1ngulo que se le da especialmente mal a los leones en los \u00faltimos 20 a\u00f1os. <\/b><\/p>\n<p class=\"\"><b>Para ello, el m\u00edster rojiblanco recupera para la causa a Sancet<\/b>, que apunta a salir en el segundo periodo tras amortiguar su lesi\u00f3n en el b\u00edceps femoral, y a <b>Nico Williams, <\/b>a vueltas con la traicionera pubalgia, que ser\u00e1 titular ante el equipo que le ha tentado los dos \u00faltimos veranos.<\/p>\n<p>Noticias relacionadas<a href=\"https:\/\/as.com\/futbol\/primera\/sancet-y-nico-williams-propuestas-ante-el-barca-f202511-n\/\" class=\"s_m_w _rt-16x9\" title=\"Valverde alista a 23 jugadores para el envite de este s\u00e1bado en el remozado Camp Nou con sus dos pilares listos y la perla Selton.\" data-tb-link=\"\" rel=\"nofollow noopener\" target=\"_blank\"><img decoding=\"async\" src=\"https:\/\/www.europesays.com\/es\/wp-content\/uploads\/2025\/11\/Q74A7LYDYNJAXJQBQRWVK7A5XE.jpg\" alt=\"Sancet y Nico Williams, propuestas ante el Bar\u00e7a\" class=\"\" height=\"9\" width=\"16\"   loading=\"lazy\" data-tb-thumbnail=\"\"\/><\/a><a href=\"https:\/\/as.com\/futbol\/primera\/valverde-nosotros-a-nico-le-recibimos-siempre-con-los-brazos-abiertos-f202511-n\/\" class=\"s_m_w _rt-16x9\" title=\"\u201cNo\u201d siente ambiente hostil con el Bar\u00e7a. \u201cEs m\u00e1s lo que se habla que la realidad\u201d, se\u00f1ala el t\u00e9cnico rojiblanco en la previa del Camp Nou. De Selton apunta que es \u201cdiferente\u201d al resto.\" data-tb-link=\"\" rel=\"nofollow noopener\" target=\"_blank\"><img decoding=\"async\" src=\"https:\/\/www.europesays.com\/es\/wp-content\/uploads\/2025\/11\/U67HCURTERPPVM3SYWOB5SKW7A.jpg\" alt=\"Valverde: \u201cNosotros a Nico le recibimos siempre con los brazos abiertos\u201d\" class=\"\" height=\"9\" width=\"16\"   loading=\"lazy\" data-tb-thumbnail=\"\"\/><\/a><\/p>\n<p class=\"\">En este contexto, y sin <b>I\u00f1aki Williams<\/b> en la convocatoria purgando su lesi\u00f3n en el aductor largo derecho en Lezama, Valverde, sin perder de vista <b>el vital envite del martes ante el Slavia en Praga<\/b> en Champions, alinear\u00e1 a: Unai Sim\u00f3n bajo palos, Areso, Vivian, Laporte, Berchiche en defensa, Jauregizar y Ruiz de Galarreta en el doble pivote, con Nico Williams, el joven Selton y Berenguer en la l\u00ednea de tres mediapuntas y Guruzeta de 9.<\/p>\n<p class=\"\"><b>\u00a1Tus opiniones importan!<\/b> Comenta en los art\u00edculos y suscr\u00edbete gratis a nuestra <a href=\"https:\/\/asfan.as.com\/newsletters\/\" target=\"_blank\" rel=\"nofollow noopener\" title=\"https:\/\/asfan.as.com\/newsletters\/\">newsletter<\/a> y a las alertas informativas en la <a href=\"https:\/\/as.com\/aplicacion-de-as-n\/\" target=\"_blank\" rel=\"nofollow noopener\" title=\"https:\/\/as.com\/aplicacion-de-as-n\/\">App<\/a> o el canal de <a href=\"https:\/\/www.whatsapp.com\/channel\/0029VaAasdA7j6g745nz9M10\" target=\"_blank\" rel=\"nofollow noopener\" title=\"https:\/\/www.whatsapp.com\/channel\/0029VaAasdA7j6g745nz9M10\">WhatsApp<\/a>. \u00bfBuscas licenciar contenido? Haz clic <a href=\"https:\/\/profesional.elpais.com\/soluciones-sindicacion?utm_medium=interno&amp;utm_source=crosslinking&amp;utm_campaign=sindicacion_as_pie_articulos\" target=\"_blank\" rel=\"nofollow noopener\" title=\"https:\/\/profesional.elpais.com\/soluciones-sindicacion?utm_medium=interno&amp;utm_source=crosslinking&amp;utm_campaign=sindicacion_as_pie_articulos\">aqu\u00ed<\/a><\/p>\n","protected":false},"excerpt":{"rendered":"Ernesto Valverde vuelve a uno de sus escenarios como entrenador como es el remozado Camp Nou este s\u00e1bado&hellip;\n","protected":false},"author":2,"featured_media":249598,"comment_status":"","ping_status":"","sticky":false,"template":"","format":"standard","meta":{"footnotes":""},"categories":[268],"tags":[168,25,24,280,282,281,23,167],"class_list":{"0":"post-249597","1":"post","2":"type-post","3":"status-publish","4":"format-standard","5":"has-post-thumbnail","7":"category-futbol","8":"tag-deportes","9":"tag-es","10":"tag-espana","11":"tag-football","12":"tag-futbol","13":"tag-soccer","14":"tag-spain","15":"tag-sports"},"share_on_mastodon":{"url":"https:\/\/pubeurope.com\/@es\/115592945608607452","error":""},"_links":{"self":[{"href":"https:\/\/www.europesays.com\/es\/wp-json\/wp\/v2\/posts\/249597","targetHints":{"allow":["GET"]}}],"collection":[{"href":"https:\/\/www.europesays.com\/es\/wp-json\/wp\/v2\/posts"}],"about":[{"href":"https:\/\/www.europesays.com\/es\/wp-json\/wp\/v2\/types\/post"}],"author":[{"embeddable":true,"href":"https:\/\/www.europesays.com\/es\/wp-json\/wp\/v2\/users\/2"}],"replies":[{"embeddable":true,"href":"https:\/\/www.europesays.com\/es\/wp-json\/wp\/v2\/comments?post=249597"}],"version-history":[{"count":0,"href":"https:\/\/www.europesays.com\/es\/wp-json\/wp\/v2\/posts\/249597\/revisions"}],"wp:featuredmedia":[{"embeddable":true,"href":"https:\/\/www.europesays.com\/es\/wp-json\/wp\/v2\/media\/249598"}],"wp:attachment":[{"href":"https:\/\/www.europesays.com\/es\/wp-json\/wp\/v2\/media?parent=249597"}],"wp:term":[{"taxonomy":"category","embeddable":true,"href":"https:\/\/www.europesays.com\/es\/wp-json\/wp\/v2\/categories?post=249597"},{"taxonomy":"post_tag","embeddable":true,"href":"https:\/\/www.europesays.com\/es\/wp-json\/wp\/v2\/tags?post=249597"}],"curies":[{"name":"wp","href":"https:\/\/api.w.org\/{rel}","templated":true}]}}