{"id":249611,"date":"2025-11-22T10:55:46","date_gmt":"2025-11-22T10:55:46","guid":{"rendered":"https:\/\/www.europesays.com\/es\/249611\/"},"modified":"2025-11-22T10:55:46","modified_gmt":"2025-11-22T10:55:46","slug":"audax-prosolia-o-grenergy-ejemplos-de-como-salvarse-de-la-canibalizacion-de-la-fotovoltaica-con-crecimiento-de-dos-digitos","status":"publish","type":"post","link":"https:\/\/www.europesays.com\/es\/249611\/","title":{"rendered":"Audax, Prosolia o Grenergy, ejemplos de c\u00f3mo salvarse de la &#8216;canibalizaci\u00f3n&#8217; de la fotovoltaica con crecimiento de dos d\u00edgitos"},"content":{"rendered":"<p class=\"paragraph\" id=\"paragraph_2\">Sin embargo, hay empresas del sector que no s\u00f3lo no lo est\u00e1n viviendo como un drama sino que se han reinventado e, incluso,<a href=\"https:\/\/www.elespanol.com\/invertia\/empresas\/energia\/20251020\/renovables-ven-correcciones-valoraciones-canibalizacion-bajos-precios-energia\/1003743977440_0.html?utm_cmp_rs=linksinline\" title=\"Las renovables ven correcciones en sus valoraciones de hasta el 60% por la &#039;canibalizaci\u00f3n&#039; y los bajos precios de la energ\u00eda\" rel=\"nofollow noopener\" target=\"_blank\"> esperan crecimientos de dos d\u00edgitos para los pr\u00f3ximos a\u00f1os<\/a>. Son empresas como <strong>Audax Energy, Prosolia Energy o Grenergy<\/strong>, entre otros de su tama\u00f1o. <\/p>\n<p class=\"paragraph\" id=\"paragraph_3\">Es el caso de Audax Energy, que seg\u00fan su Plan Estrat\u00e9gico 2026-2030, la compa\u00f1\u00eda prev\u00e9 registrar crecimientos de <strong>doble d\u00edgito<\/strong> tanto en su Ebitda como en su resultado neto <a href=\"https:\/\/www.elespanol.com\/invertia\/empresas\/energia\/20251107\/valoracion-empresas-renovables-mundo-cae-pandemia-oil-gas-sube\/1003744002968_0.html?utm_cmp_rs=linksinline\" title=\"La valoraci\u00f3n de las empresas renovables en el mundo cae un 16% desde la pandemia, pero la de las Oil &amp; Gas sube un 8%\" rel=\"nofollow noopener\" target=\"_blank\">hasta situarse en 180 millones de euros y 85 millones de euros, respectivamente<\/a>.<\/p>\n<p><img loading=\"lazy\" decoding=\"async\" alt=\"Graziano Cucciolini, nuevo 'country manager' en Italia de Prosolia Energy\" height=\"180\" src=\"https:\/\/www.europesays.com\/es\/wp-content\/uploads\/2025\/11\/827177755_239333392_320x180.jpg\" width=\"320\" data-lazy-status=\"processed\" data-lazy-info=\"remove loading item 1\"\/><\/p>\n<p class=\"paragraph\" id=\"paragraph_4\">Pero \u00bfcu\u00e1les son las claves para &#8216;salvar los muebles&#8217;? El derrumbe de precios el\u00e9ctricos y la imposibilidad de cubrir deuda de proyectos merchant, especialmente en plantas sin PPA (&#8216;power purchase agreement&#8217;) o sin esquema de subasta hace dif\u00edcil vivir de la energ\u00eda y la <a href=\"https:\/\/www.elespanol.com\/invertia\/empresas\/energia\/20241212\/ecoener-desembarca-canada-adjudicacion-parque-eolico-millones\/908159279_0.html?utm_cmp_rs=linksinline\" title=\"Ecoener desembarca en Canad\u00e1 con la adjudicaci\u00f3n de un parque e\u00f3lico de 290 millones\" rel=\"nofollow noopener\" target=\"_blank\">combinaci\u00f3n de m\u00e1s horas a <strong>precio cero\/negativo<\/strong> y menor precio de captura aumenta el riesgo de <strong>no recuperar la inversi\u00f3n en plazo<\/strong><\/a>, especialmente en proyectos financiados con altos niveles de apalancamiento.<\/p>\n<p class=\"paragraph\" id=\"paragraph_5\">\u00abEl truco est\u00e1 en <strong>diversificar el negocio<\/strong>, explorando v\u00edas alternativas como los <strong>centros de datos<\/strong>, la instalaci\u00f3n de <strong>bater\u00edas<\/strong>, desarrollar <strong>productos tecnol\u00f3gicos<\/strong> o incluso entrando en el negocio de la <strong>telefon\u00eda m\u00f3vil<\/strong>\u00ab, se\u00f1alan fuentes del sector a EL ESPA\u00d1OL-Invertia.<\/p>\n<p class=\"paragraph\" id=\"paragraph_6\">\u00abPero tambi\u00e9n en la internacionalizaci\u00f3n, como ocurri\u00f3 entre los a\u00f1os 2010 y 2018 tras el par\u00f3n regulatorio y la retirada de ayudas p\u00fablicas\u00bb, contin\u00faan. <\/p>\n<p class=\"paragraph\" id=\"paragraph_7\">\u00abDurante esos a\u00f1os, los recortes en primas y restricciones normativas hicieron inviable el crecimiento en el mercado dom\u00e9stico, provocando que muchas compa\u00f1\u00edas buscaran oportunidades fuera, sobre todo en Latinoam\u00e9rica, EEUU, Europa y Asia y ahora est\u00e1 ocurriendo algo parecido\u00bb, dicen.<\/p>\n<p>Audax Energy<\/p>\n<p class=\"paragraph\" id=\"paragraph_8\">La comercializadora de electricidad y gas de <strong>Jos\u00e9 El\u00edas<\/strong> ya ha saltado a Europa y prev\u00e9 que su negocio en Espa\u00f1a ser\u00e1 cada vez m\u00e1s peque\u00f1o hasta representar menos del 20% del total. Holanda (actualmente con el 29% del negocio), Hungr\u00eda (22%), Italia, Alemania o Francia ir\u00e1n ganando terreno a Iberia. <\/p>\n<p class=\"paragraph\" id=\"paragraph_9\">\u00abPero no empezamos ahora, llevamos ya 16 a\u00f1os de expansi\u00f3n europea y un crecimiento anual del 51% en el sector energ\u00e9tico en los \u00faltimos cinco a\u00f1os\u00bb, ha se\u00f1alado <strong>\u00d3scar Santos Juv\u00e9<\/strong>, CEO de la compa\u00f1\u00eda, en el Capital Market Day.<\/p>\n<p class=\"paragraph\" id=\"paragraph_10\">\u00abCreceremos en n\u00famero de clientes para la comercializadora pero tambi\u00e9n en<strong> activos renovables<\/strong>, solares y e\u00f3licos, en estos pa\u00edses, la mayor\u00eda de ellos hibridados con <strong>bater\u00edas<\/strong>\u00ab, ha apuntado. Y tambi\u00e9n han saltado al otro lado del Atl\u00e1ntico, con 66 MW e\u00f3licos ya en operaci\u00f3n. <\/p>\n<p class=\"paragraph\" id=\"paragraph_11\">La compa\u00f1\u00eda de energ\u00eda renovable reconoc\u00eda estar preocupada por el poco respaldo del mercado, que no correspond\u00eda con las expectativas de crecimiento, pero despu\u00e9s de presentar su plan y anunciar que prepara un programa de recompra de acciones <strong>se ha revalorizado en bolsa casi un 9%<\/strong>. A\u00fan as\u00ed, en lo que va de a\u00f1o, la compa\u00f1\u00eda todav\u00eda pierde un <strong>19,48%<\/strong> respecto a 2024<strong>.<\/strong><\/p>\n<p>Prosolia Energy<\/p>\n<p class=\"paragraph\" id=\"paragraph_12\">En el caso de Prosolia, la internacionalizaci\u00f3n es la clave de sus buenas cifras, y sobre todo, su intenci\u00f3n de seguir sumando activos fotovoltaicos en su cartera.<\/p>\n<p class=\"paragraph\" id=\"paragraph_13\">Prosolia prev\u00e9 multiplicar los 600 MW de potencia operativa o en construcci\u00f3n que tiene actualmente hasta alcanzar los <strong>3 gigavatios en \u00abseis o siete a\u00f1os<\/strong>\u00ab, seg\u00fan han confirmado a este diario fuentes de la compa\u00f1\u00eda.<\/p>\n<p class=\"paragraph\" id=\"paragraph_14\">En 2025 ha invertido casi 300 millones, frente a los 70 millones anuales de 2023 y 2024. Y <strong>Francia<\/strong> ha sido su destino principal, con un 30% de ese presupuesto, su tercer mercado por detr\u00e1s de Espa\u00f1a y Portugal, aunque tambi\u00e9n han desembarcado en Alemania.<\/p>\n<p class=\"paragraph\" id=\"paragraph_15\"> \u00abLa expansi\u00f3n internacional es lo que ha dado los buenos n\u00fameros a la compa\u00f1\u00eda\u00bb, aseguran. <\/p>\n<p class=\"paragraph\" id=\"paragraph_16\">Recientemente tambi\u00e9n ha llegado a M\u00e9xico, donde est\u00e1n comenzando con proyectos para desarrollar proyectos renovables \u00abpoco a poco\u00bb.<\/p>\n<p class=\"paragraph\" id=\"paragraph_17\">El <strong>autoconsumo industrial<\/strong> tambi\u00e9n es un negocio interesante, con un modelo que sigue teniendo mucho recorrido. <\/p>\n<p class=\"paragraph\" id=\"paragraph_18\">Uno de sus clientes principales es el gigante del autom\u00f3vil <strong>Stellantis<\/strong>, donde desarrolla generaci\u00f3n distribuida con plantas de autoconsumo y con opci\u00f3n de contratos PPA o acuerdos flexibles de venta de energ\u00eda en los que Prosolia realiza la inversi\u00f3n y vende la energ\u00eda al cliente. \u00abY ese sistema se traslada a Francia, adem\u00e1s de la <strong>agrovoltaica<\/strong>\u00ab, que est\u00e1 siendo un \u00e9xito en el pa\u00eds galo.<\/p>\n<p>Grenergy en Latinoam\u00e9rica<\/p>\n<p class=\"paragraph\" id=\"paragraph_19\">Otro tanto ocurre con Grenergy. La renovable de David Ruiz de Andr\u00e9s present\u00f3 hace unos meses el plan estrat\u00e9gico para el periodo 2025-2027 donde prioriza una fuerte inversi\u00f3n en <strong>almacenamiento energ\u00e9tico<\/strong> y la <strong>hibridaci\u00f3n de plantas solares con bater\u00edas<\/strong>, marcando un cambio decisivo en su modelo de negocio y posicionamiento a nivel <strong>internacional<\/strong>.<\/p>\n<p class=\"paragraph\" id=\"paragraph_20\">Tambi\u00e9n apuesta por una expansi\u00f3n internacional con fuerte presencia en <strong>Espa\u00f1a, Chile, Per\u00fa y Colombia<\/strong> y un portfolio global que supera los<strong> 16 GW<\/strong> en diferentes fases de desarrollo.\u200b<\/p>\n<p class=\"paragraph\" id=\"paragraph_21\">Y su foco est\u00e1 en hibridar plantas solares con sistemas de bater\u00edas, replicando modelos como <strong>Oasis de Atacama (Chile)<\/strong> y <strong>Escuderos (Espa\u00f1a).<\/strong><\/p>\n","protected":false},"excerpt":{"rendered":"Sin embargo, hay empresas del sector que no s\u00f3lo no lo est\u00e1n viviendo como un drama sino que&hellip;\n","protected":false},"author":2,"featured_media":249612,"comment_status":"","ping_status":"","sticky":false,"template":"","format":"standard","meta":{"footnotes":""},"categories":[80],"tags":[82,63391,95,94,19614,63392,19615,25,24,19619,23],"class_list":{"0":"post-249611","1":"post","2":"type-post","3":"status-publish","4":"format-standard","5":"has-post-thumbnail","7":"category-economia","8":"tag-business","9":"tag-comercializadora-de-luz-y-de-gas","10":"tag-economia","11":"tag-economy","12":"tag-electricidad","13":"tag-energia-corporativo","14":"tag-energia-fotovoltaica","15":"tag-es","16":"tag-espana","17":"tag-observatorio-de-la-energia","18":"tag-spain"},"share_on_mastodon":{"url":"https:\/\/pubeurope.com\/@es\/115592988409155236","error":""},"_links":{"self":[{"href":"https:\/\/www.europesays.com\/es\/wp-json\/wp\/v2\/posts\/249611","targetHints":{"allow":["GET"]}}],"collection":[{"href":"https:\/\/www.europesays.com\/es\/wp-json\/wp\/v2\/posts"}],"about":[{"href":"https:\/\/www.europesays.com\/es\/wp-json\/wp\/v2\/types\/post"}],"author":[{"embeddable":true,"href":"https:\/\/www.europesays.com\/es\/wp-json\/wp\/v2\/users\/2"}],"replies":[{"embeddable":true,"href":"https:\/\/www.europesays.com\/es\/wp-json\/wp\/v2\/comments?post=249611"}],"version-history":[{"count":0,"href":"https:\/\/www.europesays.com\/es\/wp-json\/wp\/v2\/posts\/249611\/revisions"}],"wp:featuredmedia":[{"embeddable":true,"href":"https:\/\/www.europesays.com\/es\/wp-json\/wp\/v2\/media\/249612"}],"wp:attachment":[{"href":"https:\/\/www.europesays.com\/es\/wp-json\/wp\/v2\/media?parent=249611"}],"wp:term":[{"taxonomy":"category","embeddable":true,"href":"https:\/\/www.europesays.com\/es\/wp-json\/wp\/v2\/categories?post=249611"},{"taxonomy":"post_tag","embeddable":true,"href":"https:\/\/www.europesays.com\/es\/wp-json\/wp\/v2\/tags?post=249611"}],"curies":[{"name":"wp","href":"https:\/\/api.w.org\/{rel}","templated":true}]}}