{"id":249613,"date":"2025-11-22T10:56:10","date_gmt":"2025-11-22T10:56:10","guid":{"rendered":"https:\/\/www.europesays.com\/es\/249613\/"},"modified":"2025-11-22T10:56:10","modified_gmt":"2025-11-22T10:56:10","slug":"la-policia-brasilena-arresto-al-ex-presidente-jair-bolsonaro","status":"publish","type":"post","link":"https:\/\/www.europesays.com\/es\/249613\/","title":{"rendered":"La Polic\u00eda brasile\u00f1a arrest\u00f3 al ex presidente Jair Bolsonaro"},"content":{"rendered":"<p><img alt=\"Jair Bolsonaro (REUTERS\/Mateus Bonomi)\" class=\"global-image\" decoding=\"async\" fetchpriority=\"high\" height=\"1766\" loading=\"eager\" src=\"https:\/\/www.europesays.com\/es\/wp-content\/uploads\/2025\/11\/CHXPM4TP3VBTXPFVPOOAUQU6IA.JPG\" width=\"2649\"\/>Jair Bolsonaro (REUTERS\/Mateus Bonomi)<\/p>\n<p class=\"paragraph\">La <b>Polic\u00eda Federal de Brasil<\/b> detuvo de forma preventiva este s\u00e1bado al ex presidente <a rel=\"noopener noreferrer nofollow\" href=\"https:\/\/www.infobae.com\/tag\/jair-bolsonaro\/\" target=\"_blank\" title=\"https:\/\/www.infobae.com\/tag\/jair-bolsonaro\/\"><b>Jair Bolsonaro<\/b><\/a>, <b>condenado por intento de golpe de Estado<\/b> y quien ya se encontraba en prisi\u00f3n domiciliaria.<\/p>\n<p class=\"paragraph\">Un grupo de agentes acudi\u00f3 a las 6:00 de la ma\u00f1ana a la residencia de Bolsonaro, en <b>Brasilia<\/b>, y arrest\u00f3 al l\u00edder ultraderechista, quien inmediatamente fue trasladado a dependencias policiales.<\/p>\n<p class=\"paragraph\">Seg\u00fan el grupo Globo, <b>la Corte Suprema brasile\u00f1a decret\u00f3 la prisi\u00f3n preventiva del ex mandatario para \u201cgarantizar el orden p\u00fablico\u201d<\/b>.<\/p>\n<p class=\"paragraph\">La Polic\u00eda Federal de Brasil inform\u00f3 en una escueta nota de que \u201c<b>cumpli\u00f3 este s\u00e1bado, en Brasilia, una orden de prisi\u00f3n preventiva conforme una decisi\u00f3n de la Corte Suprema<\/b>\u201d, aunque no especific\u00f3 contra qui\u00e9n.<\/p>\n<p class=\"paragraph\">La detenci\u00f3n del ex jefe de Estado se produce un d\u00eda despu\u00e9s de que sus abogados solicitaran al alto tribunal poder cumplir la pena de <b>27 a\u00f1os de c\u00e1rcel<\/b> que recibi\u00f3 por intento de golpe de Estado bajo r\u00e9gimen domiciliario por motivos de salud.<\/p>\n<p class=\"paragraph\">El pasado 11 de septiembre, <a rel=\"noopener noreferrer nofollow\" href=\"https:\/\/www.infobae.com\/america\/america-latina\/2025\/09\/11\/el-supremo-tribunal-de-brasil-formo-una-mayoria-para-condenar-a-jair-bolsonaro\/\" target=\"_blank\" title=\"https:\/\/www.infobae.com\/america\/america-latina\/2025\/09\/11\/el-supremo-tribunal-de-brasil-formo-una-mayoria-para-condenar-a-jair-bolsonaro\/\">Bolsonaro fue condenado por la Primera Sala del Supremo por intentar \u201c<b>perpetuarse<\/b>\u201d en el poder<\/a> con el apoyo de antiguos ministros y mandos militares, tras perder las elecciones de 2022 frente al actual gobernante, el progresista <a rel=\"noopener noreferrer nofollow\" href=\"https:\/\/www.infobae.com\/tag\/lula-da-silva\/\" target=\"_blank\" title=\"https:\/\/www.infobae.com\/tag\/lula-da-silva\/\"><b>Luiz In\u00e1cio Lula da Silva<\/b><\/a>.<\/p>\n<p><img alt=\"El juez del Supremo Tribunal\" class=\"global-image\" decoding=\"async\" fetchpriority=\"low\" height=\"533\" loading=\"lazy\" src=\"https:\/\/www.europesays.com\/es\/wp-content\/uploads\/2025\/11\/CGUBBDPP6RBC7BQGMJXX5BG6FU.JPG\" width=\"800\"\/>El juez del Supremo Tribunal de Brasil, Alexandre de Moraes, preside una sesi\u00f3n durante la fase final del juicio contra el ex presidente brasile\u00f1o Jair Bolsonaro (REUTERS\/Adriano Machado\/Archivo)<\/p>\n<p class=\"paragraph\">El l\u00edder ultraderechista, de 70 a\u00f1os, <b>se encontraba bajo arresto domiciliario<\/b> en su residencia de Brasilia desde el <b>pasado 4 de agosto<\/b> por incumplir una serie de medidas cautelares en el marco de esa causa.<\/p>\n<p class=\"paragraph\">Seg\u00fan medios locales, <b>la prisi\u00f3n preventiva de este s\u00e1bado no se trata del inicio de la ejecuci\u00f3n de la pena<\/b>, lo que se esperaba para las pr\u00f3ximas semanas, tras el rechazo por parte del Supremo de los primeros recursos de apelaci\u00f3n contra la sentencia.<\/p>\n<p class=\"paragraph\">En el marco del proceso por golpismo, <a rel=\"noopener noreferrer nofollow\" href=\"https:\/\/www.infobae.com\/america\/america-latina\/2025\/11\/22\/el-supremo-tribunal-federal-ordeno-encarcelar-al-ex-director-de-inteligencia-de-bolsonaro-sentenciado-por-coordinar-la-intentona-golpista-en-brasil\/\" target=\"_blank\" title=\"https:\/\/www.infobae.com\/america\/america-latina\/2025\/11\/22\/el-supremo-tribunal-federal-ordeno-encarcelar-al-ex-director-de-inteligencia-de-bolsonaro-sentenciado-por-coordinar-la-intentona-golpista-en-brasil\/\"><b>el Supremo tambi\u00e9n orden\u00f3 este viernes la prisi\u00f3n preventiva del diputado Alexandre Ramagem<\/b><\/a>, aliado de Bolsonaro y quien igualmente fue condenado en el mismo juicio del ex presidente, tras supuestamente haberse fugado a Estados Unidos.<\/p>\n<p class=\"paragraph\">Las investigaciones apuntan a que el parlamentario dej\u00f3 Brasil en septiembre pasado a trav\u00e9s del estado de Roraima, fronterizo con Venezuela, y continu\u00f3 de forma clandestina hacia ese pa\u00eds o hacia la Guayana Francesa, antes de poner rumbo a Estados Unidos.<\/p>\n<p class=\"paragraph\">Ramagem, ex director de la Agencia Brasile\u00f1a de Inteligencia, recibi\u00f3 una condena de 16 a\u00f1os de prisi\u00f3n en r\u00e9gimen cerrado, por los delitos de organizaci\u00f3n criminal, golpe de Estado y abolici\u00f3n violenta del Estado Democr\u00e1tico de Derecho. <\/p>\n<p><img alt=\"El juez del Supremo Alexandre\" class=\"global-image\" decoding=\"async\" fetchpriority=\"low\" height=\"2533\" loading=\"lazy\" src=\"https:\/\/www.europesays.com\/es\/wp-content\/uploads\/2025\/11\/VEBSSC3LMFB35KUH3GNS3JRYQ4.JPG\" width=\"3800\"\/>El juez del Supremo Alexandre de Moraes (REUTERS\/Adriano Machado\/Archivo)<\/p>\n<p class=\"paragraph\">El ex presidente brasile\u00f1o fue condenado a <b>27 a\u00f1os y tres meses de prisi\u00f3n<\/b> por haber tratado de dar un golpe de Estado contra Lula da Silva en 2022, seg\u00fan dictamin\u00f3 la primera sala del Supremo Tribunal.<\/p>\n<p class=\"paragraph\">Por 4 votos a 1, cinco jueces decidieron sentenciar al l\u00edder de la derecha y ultraderecha de Brasil, acusado de haber liderado una organizaci\u00f3n criminal armada para aferrarse al poder tras perder las elecciones en 2022 contra el presidente<b>\u00a0Luiz In\u00e1cio Lula da Silva<\/b>.<\/p>\n<p class=\"paragraph\">Con esta mayor\u00eda de\u00a04 a 1, <b>Bolsonaro\u00a0no pudo apelar la sentencia ante el pleno del STF<\/b>.<\/p>\n<p class=\"paragraph\">Junto a Bolsonaro, fueron condenados el mencionado <b>Alexandre Ramagem<\/b>, ex director de la Agencia Brasile\u00f1a de Inteligencia (16 a\u00f1os de prisi\u00f3n); <b>Almir Garnier<\/b>, ex comandante de la Marina (24 a\u00f1os de prisi\u00f3n); <b>Anderson Torres<\/b>, ex ministro de Justicia y ex secretario de Seguridad del Distrito Federal (24 a\u00f1os de prisi\u00f3n); <b>Augusto Heleno<\/b>, ex ministro de la Oficina de Seguridad Institucional (21 a\u00f1os de prisi\u00f3n); <b>Mauro Cid<\/b>, ex asesor presidencial y denunciante del intento de golpe de Estado; <b>Paulo S\u00e9rgio Nogueira<\/b>, ex ministro de Defensa (19 a\u00f1os de prisi\u00f3n); y <b>Walter Souza Braga Netto<\/b>, ex jefe del Estado Mayor (26 a\u00f1os de prisi\u00f3n).<\/p>\n<p class=\"paragraph\">El voto definitivo fue dictado por el presidente de la Primera Sala, <b>Cristiano Zanin<\/b>, antiguo abogado del actual mandatario <b>Luiz In\u00e1cio Lula da Silva<\/b>, contra quien Bolsonaro conspir\u00f3 tras perder las elecciones de 2022, seg\u00fan las conclusiones del tribunal. La mayor\u00eda la completaron<b> Alexandre de Moraes, C\u00e1rmen L\u00facia<\/b> y <b>Fl\u00e1vio Dino<\/b>. En tanto, <b>Luiz Fux<\/b> vot\u00f3 en contra de que el STF llevara adelante el proceso.<\/p>\n<p><img alt=\"Mauro Cid, ex asesor presidencial\" class=\"global-image\" decoding=\"async\" fetchpriority=\"low\" height=\"3744\" loading=\"lazy\" src=\"https:\/\/www.europesays.com\/es\/wp-content\/uploads\/2025\/11\/R7IEXJXVKEI3K2K7W2PCHISGSQ.jpg\" width=\"5616\"\/>Mauro Cid, ex asesor presidencial y denunciante del intento de golpe de Estado (AP Foto\/Eraldo Peres\/Archivo)<\/p>\n<p class=\"paragraph\">\u201c<b>Las pruebas permiten concluir que los acusados pretend\u00edan romper el estado democr\u00e1tico de derecho<\/b>\u201d, dijo Zanin en su voto, que dej\u00f3 una mayor\u00eda de cuatro a uno la condena de Bolsonaro y otros siete reos, entre los que figuran ex ministros y antiguos jefes de las Fuerzas Armadas. <\/p>\n<p class=\"paragraph\">En el caso de Bolsonaro, la acusaci\u00f3n formulada por la Fiscal\u00eda General contempla un agravante, pues <b>lo considera \u201cjefe\u201d de la \u201corganizaci\u00f3n criminal\u201d<\/b> que intent\u00f3 impedir la toma de posesi\u00f3n de Lula, tras su victoria en las elecciones de 2022 frente al l\u00edder de la extrema derecha.<\/p>\n<p class=\"paragraph\">Seg\u00fan la acusaci\u00f3n formulada por la Fiscal\u00eda General y aceptada por cuatro de los cinco jueces, la conspiraci\u00f3n comenz\u00f3 en junio de 2021, poco m\u00e1s de un a\u00f1o antes de las elecciones y cuando Lula comenzaba a despuntar en las encuestas.<\/p>\n<p class=\"paragraph\">La trama fue desarrollada en diversas fases y comenz\u00f3 con una dura campa\u00f1a de descr\u00e9dito contra las instituciones y el sistema electoral del pa\u00eds dirigida por el propio Bolsonaro, de acuerdo a la acusaci\u00f3n.<\/p>\n<p class=\"paragraph\">La conspiraci\u00f3n pas\u00f3 de las palabras a los hechos despu\u00e9s de que Lula gan\u00f3 las elecciones de octubre de 2022, con intensas protestas, atentados frustrados por la Polic\u00eda y campamentos en las puertas de los cuarteles en los que miles de bolsonaristas exig\u00edan al Ej\u00e9rcito que impidiera la investidura de Lula.<\/p>\n<p class=\"paragraph\">El l\u00edder progresista asumi\u00f3 el poder finalmente el 1 de enero de 2023 y, una semana despu\u00e9s, <b>miles de activistas de ultraderecha salieron de uno de esos campamentos en Brasilia para asaltar con violencia las sedes de la Presidencia, el Parlamento y la propia Corte Suprema<\/b>.<\/p>\n<p class=\"paragraph\">De acuerdo a la Fiscal\u00eda, esa acci\u00f3n fue el corolario de una trama golpista que, seg\u00fan la acusaci\u00f3n, fue \u201cliderada\u201d y dirigida personalmente por <b>Bolsonaro<\/b>, con el objetivo de \u201cperpetuarse en el poder\u201d e instalar \u201cuna dictadura\u201d en Brasil.<\/p>\n","protected":false},"excerpt":{"rendered":"Jair Bolsonaro (REUTERS\/Mateus Bonomi) La Polic\u00eda Federal de Brasil detuvo de forma preventiva este s\u00e1bado al ex presidente&hellip;\n","protected":false},"author":2,"featured_media":249614,"comment_status":"","ping_status":"","sticky":false,"template":"","format":"standard","meta":{"footnotes":""},"categories":[42],"tags":[17,18,11892,13,14,11,61,62,63,64,19,20,17067,9,10,15,16,757,12,21,22,65,66,67],"class_list":{"0":"post-249613","1":"post","2":"type-post","3":"status-publish","4":"format-standard","5":"has-post-thumbnail","7":"category-internacional","8":"tag-breaking-news","9":"tag-breakingnews","10":"tag-crime","11":"tag-featured-news","12":"tag-featurednews","13":"tag-headlines","14":"tag-internacional","15":"tag-international","16":"tag-international-news","17":"tag-internationalnews","18":"tag-latest-news","19":"tag-latestnews","20":"tag-law-enforcement","21":"tag-news","22":"tag-noticias","23":"tag-noticias-destacadas","24":"tag-noticiasdestacadas","25":"tag-south-america-central-america","26":"tag-titulares","27":"tag-ultimas-noticias","28":"tag-ultimasnoticias","29":"tag-world","30":"tag-world-news","31":"tag-worldnews"},"share_on_mastodon":{"url":"https:\/\/pubeurope.com\/@es\/115592992524981872","error":""},"_links":{"self":[{"href":"https:\/\/www.europesays.com\/es\/wp-json\/wp\/v2\/posts\/249613","targetHints":{"allow":["GET"]}}],"collection":[{"href":"https:\/\/www.europesays.com\/es\/wp-json\/wp\/v2\/posts"}],"about":[{"href":"https:\/\/www.europesays.com\/es\/wp-json\/wp\/v2\/types\/post"}],"author":[{"embeddable":true,"href":"https:\/\/www.europesays.com\/es\/wp-json\/wp\/v2\/users\/2"}],"replies":[{"embeddable":true,"href":"https:\/\/www.europesays.com\/es\/wp-json\/wp\/v2\/comments?post=249613"}],"version-history":[{"count":0,"href":"https:\/\/www.europesays.com\/es\/wp-json\/wp\/v2\/posts\/249613\/revisions"}],"wp:featuredmedia":[{"embeddable":true,"href":"https:\/\/www.europesays.com\/es\/wp-json\/wp\/v2\/media\/249614"}],"wp:attachment":[{"href":"https:\/\/www.europesays.com\/es\/wp-json\/wp\/v2\/media?parent=249613"}],"wp:term":[{"taxonomy":"category","embeddable":true,"href":"https:\/\/www.europesays.com\/es\/wp-json\/wp\/v2\/categories?post=249613"},{"taxonomy":"post_tag","embeddable":true,"href":"https:\/\/www.europesays.com\/es\/wp-json\/wp\/v2\/tags?post=249613"}],"curies":[{"name":"wp","href":"https:\/\/api.w.org\/{rel}","templated":true}]}}