{"id":249619,"date":"2025-11-22T11:03:07","date_gmt":"2025-11-22T11:03:07","guid":{"rendered":"https:\/\/www.europesays.com\/es\/249619\/"},"modified":"2025-11-22T11:03:07","modified_gmt":"2025-11-22T11:03:07","slug":"espana-alemania-en-directo-semifinales-de-copa-davis-en-bolonia-hoy-en-vivo-diario-as","status":"publish","type":"post","link":"https:\/\/www.europesays.com\/es\/249619\/","title":{"rendered":"Espa\u00f1a &#8211; Alemania en directo: semifinales de Copa Davis en Bolonia hoy, en vivo &#8211; Diario AS"},"content":{"rendered":"<ol>\n<li><a href=\"https:\/\/news.google.com\/rss\/articles\/CBMiugFBVV95cUxOdHk0RGxyM3RHZG1XUTR0MnpDaDNuXy1GTlNkdnBNb1U3bktxVlZRY3ZmbkRsYlNJTHVRNlFWN3J1SVdxQjZGbjlKS2NoOTZBb3oyemo1aDdKRG02QUpESTdLWUxZM0JFX2pGdkVZOEhOaXdQbkxOUDBjLVVVSTJCZW5MOGg2bEdMNjNQXzNNVTY1Q2dqak1RbnhLS2VkdzQ0dGZaeHVyRUlxd1lMNjh4cnNuUE4zVXp1T2fSAc4BQVVfeXFMTnlYS2FyZEMtVC1KTG03MWdpN3lzSUJXWnUxR0ZHMExMZm9kb3c0a29wM3BQRWtHaWRWRThyY3RXYVlHNHJ6eHhBdDZrbFA4cERMRmdzdFpTOXhUajNnbFVRdnhUTVJGam8wUFd3anQtWmJfS0E0UkRNRWtHaFRlZjFscmJVV2k1TDc4UXZfYnBRSDFTXzdSWU9EY0hZenBlYjc4U1RVSXpLM3JpTlFYZkdDQ05ENUtqMzFoSWJMVV9UdGh5YkpGLVBEQTg1b0E?oc=5\" target=\"_blank\" rel=\"nofollow noopener\">Espa\u00f1a &#8211; Alemania en directo: semifinales de Copa Davis en Bolonia hoy, en vivo<\/a>&nbsp;&nbsp;Diario AS<\/li>\n<li><a href=\"https:\/\/news.google.com\/rss\/articles\/CBMingFBVV95cUxQeVVwZGF2M1V4R1Nna0JnbUpNOS1hLXhBbjZscFRyWXRpM3JPLU8xWDFmVTA0cmpnWEdHRW1xTkVhX0NnQ2d1cXBianBTZF9QYzdYc1FLeDJObENGb2ZpSUJkSk9ESkw5ek1TdmV6OE5yYk9Kc2c4TElObWJiMVZPLVJJeFRwUHRLS1ZoRmZ1YXlrMEYxeTNjMFNfX3A1UdIBngFBVV95cUxPMmtuV3o2VEdzWnhuR3YzMERTeU9kRXRIYmFDX3ZvWnp6SXdKQ2tGRkcwZTdsWHhhY3BZRUNCajU4eG4xQWU5ZnAtSG02cWxmMFN3dVdwamhXRWxaTlZEbUFveE00TGowZDdIUk1nSnB0WUZUVW9GY3lmUTYyUWRYVXdwaVZHNUpsWFFyb1JFSXg2WGhBODZBdElUczdMdw?oc=5\" target=\"_blank\" rel=\"nofollow noopener\">Carre\u00f1o &#8211; Struff | \u00daltima hora del Espa\u00f1a &#8211; Alemania de las semifinales de la Copa Davis hoy, en vivo<\/a>&nbsp;&nbsp;MARCA<\/li>\n<li><a href=\"https:\/\/news.google.com\/rss\/articles\/CBMirgFBVV95cUxPeWIzcXUxM1VqWGhZaUxJY2JDeXU4ekRtQVl1YkNUc1pmZm4teHgyTWxPa0hOMll4aVhoQnFMOVpZTVN4TUhwZEVxN2wyWDF3NlMzYktXdHRhaGVwYmVGUzVTS2tuN191QlNPanEtN1F5S09HbHJQZE5ocnRQeTVJVWJ6MVlkNkxzRlVOdEZZenNpWTVJZHlvY0RXM3EzdWtyYzh6ZVhLZmJhWXpUYnc?oc=5\" target=\"_blank\" rel=\"nofollow noopener\">El Vestuario en Radio 5 &#8211; Espa\u00f1a, a semis de la Copa Davis<\/a>&nbsp;&nbsp;RTVE.es<\/li>\n<li><a href=\"https:\/\/news.google.com\/rss\/articles\/CBMipwFBVV95cUxQSmx1Y0RNVWRZUGFNU3FqbmhGalJKREdlQnAwSGhweTgxYTZhZ1h5UHJfWG01cnl3WkFYcUtHLWFDNGY4X05PcDRaMXRFa016QnlITWZhcmJDWl9sUmJ0dmJTbVRhM3FlanBlVk9aU2xNWnNoamdKNGxUcV91TFJwLXh6SlVGRWJuOUR0cnMxN2hfanNkcnZYNUU1VmpqT3ljQ1NsWHpPUdIBrAFBVV95cUxQcnZKVzd5a3NFMktTOExqdzZNbmVjWkhKOWZFVk1zWk1hT0wzYWcxY1lORk03R2dyanl5LW0tUXJQNkR2R1hsT1pFbHp6RHFXOTg5aExEaWVLTUkzampsckdYOUFiSTM3V0dIMUVXREw1alQxQmxFYXNRLWI0OF9nUnBHSlQxM3NtMjVOZ3FUOWZSeTdKRmJGZTJ0bmtDWmFrREtnSTVBU3FpUzdi?oc=5\" target=\"_blank\" rel=\"nofollow noopener\">Espa\u00f1a &#8211; Alemania, Copa Davis 2025 hoy: resultado y \u00faltima hora de la semifinal, en directo<\/a>&nbsp;&nbsp;El Confidencial<\/li>\n<li><a href=\"https:\/\/news.google.com\/rss\/articles\/CBMid0FVX3lxTE9DYWFZZHpFeDZnQWhJQ3J0QnlZNW9RdTEzakhUMGpNemg4dWRwLWVhRWRWZlI1cFlaLWdYSEtkRXB6Tk4wZ2tURkRFQTRHX1BCMTZLbXd2dzh6SlZVOURzYkttalFlZGc5emU4dHBCVTdYY2dLcmpF0gF3QVVfeXFMTzVuSnVaaFNmTE91dzlnTXRkOXMyMEdwaVNvZ1dBcmxiYk1IbWwwcTB6VkJFSVZDaWdwNXFEUml0QXVCUkRTS1lYX01McTJFSVl4c2RMNnVPMFFTcjJUQUU5NWNUSER3RHFsVW5LMlhvWC14eUdtVVE?oc=5\" target=\"_blank\" rel=\"nofollow noopener\">Espa\u00f1a &#8211; Alemania: cu\u00e1ndo es, horario y d\u00f3nde ver en TV las semifinales de la Copa Davis<\/a>&nbsp;&nbsp;El Mundo<\/li>\n<\/ol>\n","protected":false},"excerpt":{"rendered":"Espa\u00f1a &#8211; Alemania en directo: semifinales de Copa Davis en Bolonia hoy, en vivo&nbsp;&nbsp;Diario AS Carre\u00f1o &#8211; Struff&hellip;\n","protected":false},"author":2,"featured_media":249620,"comment_status":"","ping_status":"","sticky":false,"template":"","format":"standard","meta":{"footnotes":""},"categories":[274],"tags":[168,25,24,23,167,327,326],"class_list":{"0":"post-249619","1":"post","2":"type-post","3":"status-publish","4":"format-standard","5":"has-post-thumbnail","7":"category-tenis","8":"tag-deportes","9":"tag-es","10":"tag-espana","11":"tag-spain","12":"tag-sports","13":"tag-tenis","14":"tag-tennis"},"share_on_mastodon":{"url":"https:\/\/pubeurope.com\/@es\/115593019599460405","error":""},"_links":{"self":[{"href":"https:\/\/www.europesays.com\/es\/wp-json\/wp\/v2\/posts\/249619","targetHints":{"allow":["GET"]}}],"collection":[{"href":"https:\/\/www.europesays.com\/es\/wp-json\/wp\/v2\/posts"}],"about":[{"href":"https:\/\/www.europesays.com\/es\/wp-json\/wp\/v2\/types\/post"}],"author":[{"embeddable":true,"href":"https:\/\/www.europesays.com\/es\/wp-json\/wp\/v2\/users\/2"}],"replies":[{"embeddable":true,"href":"https:\/\/www.europesays.com\/es\/wp-json\/wp\/v2\/comments?post=249619"}],"version-history":[{"count":0,"href":"https:\/\/www.europesays.com\/es\/wp-json\/wp\/v2\/posts\/249619\/revisions"}],"wp:featuredmedia":[{"embeddable":true,"href":"https:\/\/www.europesays.com\/es\/wp-json\/wp\/v2\/media\/249620"}],"wp:attachment":[{"href":"https:\/\/www.europesays.com\/es\/wp-json\/wp\/v2\/media?parent=249619"}],"wp:term":[{"taxonomy":"category","embeddable":true,"href":"https:\/\/www.europesays.com\/es\/wp-json\/wp\/v2\/categories?post=249619"},{"taxonomy":"post_tag","embeddable":true,"href":"https:\/\/www.europesays.com\/es\/wp-json\/wp\/v2\/tags?post=249619"}],"curies":[{"name":"wp","href":"https:\/\/api.w.org\/{rel}","templated":true}]}}