{"id":249623,"date":"2025-11-22T11:07:10","date_gmt":"2025-11-22T11:07:10","guid":{"rendered":"https:\/\/www.europesays.com\/es\/249623\/"},"modified":"2025-11-22T11:07:10","modified_gmt":"2025-11-22T11:07:10","slug":"hijos-de-la-diaspora-as-com","status":"publish","type":"post","link":"https:\/\/www.europesays.com\/es\/249623\/","title":{"rendered":"Hijos de la di\u00e1spora &#8211; AS.com"},"content":{"rendered":"<p class=\"\">La <b>migraci\u00f3n masiva<\/b> es un fen\u00f3meno tan antiguo como la civilizaci\u00f3n en s\u00ed y <b>el deporte, como siempre, es un reflejo de estos cambios<\/b> en la sociedad. En el f\u00fatbol de selecciones actual, las consecuencias de estos flujos migratorios juegan un rol importante; tanto as\u00ed que han llevado a ciertos pa\u00edses a convertirse en potencias continentales o alcanzar gestas hist\u00f3ricas.<\/p>\n<p class=\"\">No es algo extra\u00f1o ya que selecciones hagan alg\u00fan que otro malabar para sumar talento no necesariamente formado en el pa\u00eds. Sin ir m\u00e1s lejos, <b>Robin Le Normand<\/b> <a href=\"https:\/\/as.com\/futbol\/primera\/le-normand-obtiene-la-nacionalidad-espanola-por-carta-de-naturaleza-n\/\" target=\"_self\" rel=\"nofollow noopener\" title=\"https:\/\/as.com\/futbol\/primera\/le-normand-obtiene-la-nacionalidad-espanola-por-carta-de-naturaleza-n\/\">-nacido y criado en Francia- es un fijo con Espa\u00f1a<\/a>; asimismo, en Argentina han llamado a <b>Garnacho <\/b>y <b>Nico Paz<\/b>, hijos de argentinos. Lo cierto es que <b>algunos pa\u00edses han hecho de estas nacionalizaciones y \u2018repatriaciones\u2019 norma y estrategia<\/b> para alcanzar un nuevo techo.<\/p>\n<p>Marruecos<\/p>\n<p class=\"\"><b>El crecimiento del f\u00fatbol marroqu\u00ed ha sido mete\u00f3rico<\/b>. Han pasado de no clasificar a ning\u00fan Mundial en todo el siglo a quedarse en la fase de grupos en 2018 y alcanzar sus primeras <b>semifinales en 2022<\/b>. M\u00e1s all\u00e1 del trabajo de inferiores, que ha convertido al pa\u00eds en una potencia en categor\u00edas sub-17 y sub-20, desde la Federaci\u00f3n tambi\u00e9n se ha aprovechado la migraci\u00f3n masiva para captar talento nacido fuera de sus fronteras.<\/p>\n<p class=\"\">Las principales estrellas de Marruecos -la mejor selecci\u00f3n africana de la actualidad, seg\u00fan el ranking FIFA- no nacieron ni se criaron en el pa\u00eds. <b>Hakimi<\/b>, <a href=\"https:\/\/as.com\/futbol\/internacional\/achraf-balon-de-oro-africano-f202511-n\/\" target=\"_self\" rel=\"nofollow noopener\" title=\"https:\/\/as.com\/futbol\/internacional\/achraf-balon-de-oro-africano-f202511-n\/\">que recibi\u00f3 el pasado mi\u00e9rcoles el premio al mejor jugador africano del a\u00f1o<\/a>, naci\u00f3 en el Hospital Gregorio Mara\u00f1\u00f3n y <b>creci\u00f3 en Getafe, al sur de Madrid<\/b>, pero decidi\u00f3 representar al pa\u00eds de origen de sus padres; <b>Brahim<\/b>, por su parte, es de <b>M\u00e1laga <\/b>y ha sido el origen de su abuela paterna <a href=\"https:\/\/as.com\/futbol\/brahim-alego-motivos-personales-para-elegir-marruecos-n\/\" target=\"_self\" rel=\"nofollow noopener\" title=\"https:\/\/as.com\/futbol\/brahim-alego-motivos-personales-para-elegir-marruecos-n\/\">el que le ha permitido nacionalizarse el a\u00f1o pasado <\/a>y establecerse como el referente ofensivo del equipo de Regragui.<\/p>\n<p class=\"\">Aparte de ellos, en las convocatorias de Marruecos aparecen nombre como <b>Bono<\/b>, ex del Sevilla nacido en Canad\u00e1, <b>Bilal El Khannouss<\/b>, quien naci\u00f3 en B\u00e9lgica y se nacionaliz\u00f3 para el Mundial de Catar, <b>Chemsdine Talbi<\/b>, tambi\u00e9n nacido y criado en B\u00e9lgica y nacionalizado marroqu\u00ed, e <b>Ilias Akhomach<\/b>, canterano del Bar\u00e7a y actual jugador del Villarreal; en su caso, es originario de Barcelona,<a href=\"https:\/\/as.com\/juegos_olimpicos\/ilias-la-estrella-marroqui-que-empezo-el-ano-con-espana-n\/\" target=\"_self\" rel=\"nofollow noopener\" title=\"https:\/\/as.com\/juegos_olimpicos\/ilias-la-estrella-marroqui-que-empezo-el-ano-con-espana-n\/\"> pero desde la sub-19 empez\u00f3 a jugar con Marruecos.<\/a><\/p>\n<p>Curazao<\/p>\n<p class=\"\">Como <b>pa\u00eds constituyente del Reino de Pa\u00edses Bajos<\/b>, la isla caribe\u00f1a ha sacado provecho de su naturaleza para remigrar talento. En el pasado esta situaci\u00f3n m\u00e1s bien le ha jugado en contra a Curazao; por ejemplo, en el <b>Cl\u00e1sico Mundial de B\u00e9isbol<\/b> sus talentosos jugadores han estado al servicio de la selecci\u00f3n de Pa\u00edses Bajos. En esta ocasi\u00f3n, los roles se han intercambiado y el trabajo de captaci\u00f3n ha llevado a los curazole\u00f1os al primer Mundial de su historia.<\/p>\n<p class=\"\"><a href=\"https:\/\/as.com\/futbol\/internacional\/milagro-mundial-f202511-n\/\" target=\"_self\" rel=\"nofollow noopener\" title=\"https:\/\/as.com\/futbol\/internacional\/milagro-mundial-f202511-n\/\">Del equipo que enfrent\u00f3 a <\/a><b>Jamaica <\/b>en la \u00faltima jornada de las Eliminatorias, ninguno de los jugadores naci\u00f3 en la isla, ni titulares ni suplentes. <b>Todos vienen de Pa\u00edses Bajos y han formado su carrera en Europa, lejos de Curazao<\/b>. Incluso, el mismo entrenador, Dick Advocaat, es tambi\u00e9n neerland\u00e9s.<\/p>\n<p>Hait\u00ed<\/p>\n<p class=\"\">Aunque no es un caso tan radical como el de Curazao, los haitianos tambi\u00e9n se han apoyado en su di\u00e1spora para reforzar la selecci\u00f3n. Futbolistas como <b>Placide, Providence y Bellegarde<\/b>, los tres nacidos en <b>Francia<\/b>, han sido de suma importancia para alcanzar la Copa del Mundo. A ellos se podr\u00edan sumar otros franceses con nacionalidad haitiana, como <b>Allan Saint-Maximin<\/b> o <b>Wilson Isidor<\/b>, delantero titular del Sunderland.<\/p>\n<p>Surinam<\/p>\n<p class=\"\">La de Surinam es una situaci\u00f3n muy similar a la de Curazao, aunque en su caso <b>deber\u00e1n ir a la repesca<\/b> para intentar completar una haza\u00f1a inesperada. En el \u00faltimo partido de Eliminatorias -en el que cayeron derrotados ante Guatemala-, <b>nueve titulares eran nacidos en Pa\u00edses Bajos, uno en B\u00e9lgica y otro en Surinam<\/b>. Ese futbolista que s\u00ed naci\u00f3 en la isla, <b>Myenty Abena<\/b>, <b>es tambi\u00e9n formado en Pa\u00edses Bajos<\/b>; pas\u00f3 por las categor\u00edas inferiores del Utrecht y debut\u00f3 en la segunda divisi\u00f3n neerlandesa antes de marcharse a la liga eslovaca.<\/p>\n<p>Algeria<\/p>\n<p class=\"\">La historia de colonialismo y migraci\u00f3n del continente africano hace que sea habitual encontrar futbolistas europeos jugando con los pa\u00edses de sus padres o abuelos. En el caso argelino, la mayor\u00eda de su once habitual est\u00e1 compuesto por jugadores nacidos en Francia: <b>Riyad Mahrez, A\u00efssa Mandi, Rayan A\u00eft-Nouri, Houssem Aouar, Isma\u00ebl Bennacer<\/b> y la m\u00e1s reciente incorporaci\u00f3n, <b>Luca Zidane<\/b>, quien se nacionaliz\u00f3 hace algunos meses. <\/p>\n<p>RD Congo<\/p>\n<p class=\"\">La Rep\u00fablica Democr\u00e1tica del Congo solo ha vivido la experiencia mundialista una vez en su historia (1974) y ahora <b>tiene la oportunidad de repetirlo por medio de la repesca intercontinental<\/b>. Ya es de por s\u00ed sorpresivo que los congole\u00f1os representen a \u00c1frica en el repechaje, pues en el camino dej\u00f3 a <b>Nigeria<\/b>, la gran favorita para hacerse con ese \u00faltimo cupo.<\/p>\n<p class=\"\">La selecci\u00f3n, dirigida por el franc\u00e9s Sebastien Desabre, tambi\u00e9n tiene una enorme presencia de descendientes de migrantes. Tanto as\u00ed que, del once titular que enfrent\u00f3 a Nigeria en el \u00faltimo partido de Eliminatorias, <b>solo tres jugadores son oriundos del Congo<\/b>. El resto nacieron y crecieron en <b>Francia <\/b>(Bakambu, Mbuku, Moutoussamy, Masuaku y Mpasi), <b>B\u00e8lgica <\/b>(Sadiki y Mukau) o <b>Inglaterra <\/b>(Wan-Bissaka).<\/p>\n<p>SenegalNoticias relacionadas<a href=\"https:\/\/as.com\/futbol\/internacional\/milagro-mundial-f202511-n\/\" class=\"s_m_w _rt-16x9\" title=\"Curazao se convierte en el pa\u00eds m\u00e1s peque\u00f1o en clasificar a una Copa del Mundo. Con 153.000 habitantes, la isla caribe\u00f1a vive un sue\u00f1o imposible de imaginar.\" data-tb-link=\"\" rel=\"nofollow noopener\" target=\"_blank\"><img decoding=\"async\" src=\"https:\/\/www.europesays.com\/es\/wp-content\/uploads\/2025\/11\/XL4RD3E7CFEERNSO7SVRVN2W7E.jpeg\" alt=\"Milagro Mundial de la \u2018mandarina mec\u00e1nica\u2019\" class=\"\" height=\"9\" width=\"16\"   loading=\"lazy\" data-tb-thumbnail=\"\"\/><\/a><a href=\"https:\/\/as.com\/us\/futbol\/haiti-el-milagro-del-estado-fallido-f202511-n\/\" class=\"s_m_w _rt-16x9\" title=\"\u2018Les Grenadiers\u2019 vuelven a una Copa del Mundo desde Alemania \u201874, cuando su turbulenta historia atravesaba un cap\u00edtulo especialmente macabro. El presente no es m\u00e1s alentador.\" data-tb-link=\"\" rel=\"nofollow noopener\" target=\"_blank\"><img decoding=\"async\" src=\"https:\/\/www.europesays.com\/es\/wp-content\/uploads\/2025\/11\/P4MW5CKSBRJ7BO3LW45EYBXTGY.jpg\" alt=\"Hait\u00ed: el milagro del Estado fallido\" class=\"\" height=\"9\" width=\"16\"   loading=\"lazy\" data-tb-thumbnail=\"\"\/><\/a><\/p>\n<p class=\"\">La selecci\u00f3n senegalesa clasific\u00f3 al Mundial como l\u00edder invicta de su grupo. Este es otro de esos combinados dependientes de los descendientes de migrantes: <b>siete de sus onces titulares habituales son nacidos en el exterior<\/b>. Eso s\u00ed, varias de sus principales estrellas s\u00ed nacieron y crecieron en el pa\u00eds; ese es el caso de Sadio Man\u00e9, Idrissa Gueye, Pape Mate Sarr e Isma\u00efla Sarr. Entre los no nacidos en Senegal, destacan <b>Edouard Mendy, Koulibaly, Iliman Ndiaye y Papa Gueye<\/b>.<\/p>\n<p class=\"\"><b>\u00a1Tus opiniones importan!<\/b> Comenta en los art\u00edculos y suscr\u00edbete gratis a nuestra <a href=\"https:\/\/asfan.as.com\/newsletters\/\" target=\"_blank\" rel=\"nofollow noopener\" title=\"https:\/\/asfan.as.com\/newsletters\/\">newsletter<\/a> y a las alertas informativas en la <a href=\"https:\/\/as.com\/aplicacion-de-as-n\/\" target=\"_blank\" rel=\"nofollow noopener\" title=\"https:\/\/as.com\/aplicacion-de-as-n\/\">App<\/a> o el canal de <a href=\"https:\/\/www.whatsapp.com\/channel\/0029VaAasdA7j6g745nz9M10\" target=\"_blank\" rel=\"nofollow noopener\" title=\"https:\/\/www.whatsapp.com\/channel\/0029VaAasdA7j6g745nz9M10\">WhatsApp<\/a>. \u00bfBuscas licenciar contenido? Haz clic <a href=\"https:\/\/profesional.elpais.com\/soluciones-sindicacion?utm_medium=interno&amp;utm_source=crosslinking&amp;utm_campaign=sindicacion_as_pie_articulos\" target=\"_blank\" rel=\"nofollow noopener\" title=\"https:\/\/profesional.elpais.com\/soluciones-sindicacion?utm_medium=interno&amp;utm_source=crosslinking&amp;utm_campaign=sindicacion_as_pie_articulos\">aqu\u00ed<\/a><\/p>\n","protected":false},"excerpt":{"rendered":"La migraci\u00f3n masiva es un fen\u00f3meno tan antiguo como la civilizaci\u00f3n en s\u00ed y el deporte, como siempre,&hellip;\n","protected":false},"author":2,"featured_media":249624,"comment_status":"","ping_status":"","sticky":false,"template":"","format":"standard","meta":{"footnotes":""},"categories":[268],"tags":[168,25,24,280,282,281,23,167],"class_list":{"0":"post-249623","1":"post","2":"type-post","3":"status-publish","4":"format-standard","5":"has-post-thumbnail","7":"category-futbol","8":"tag-deportes","9":"tag-es","10":"tag-espana","11":"tag-football","12":"tag-futbol","13":"tag-soccer","14":"tag-spain","15":"tag-sports"},"share_on_mastodon":{"url":"https:\/\/pubeurope.com\/@es\/115593036087285093","error":""},"_links":{"self":[{"href":"https:\/\/www.europesays.com\/es\/wp-json\/wp\/v2\/posts\/249623","targetHints":{"allow":["GET"]}}],"collection":[{"href":"https:\/\/www.europesays.com\/es\/wp-json\/wp\/v2\/posts"}],"about":[{"href":"https:\/\/www.europesays.com\/es\/wp-json\/wp\/v2\/types\/post"}],"author":[{"embeddable":true,"href":"https:\/\/www.europesays.com\/es\/wp-json\/wp\/v2\/users\/2"}],"replies":[{"embeddable":true,"href":"https:\/\/www.europesays.com\/es\/wp-json\/wp\/v2\/comments?post=249623"}],"version-history":[{"count":0,"href":"https:\/\/www.europesays.com\/es\/wp-json\/wp\/v2\/posts\/249623\/revisions"}],"wp:featuredmedia":[{"embeddable":true,"href":"https:\/\/www.europesays.com\/es\/wp-json\/wp\/v2\/media\/249624"}],"wp:attachment":[{"href":"https:\/\/www.europesays.com\/es\/wp-json\/wp\/v2\/media?parent=249623"}],"wp:term":[{"taxonomy":"category","embeddable":true,"href":"https:\/\/www.europesays.com\/es\/wp-json\/wp\/v2\/categories?post=249623"},{"taxonomy":"post_tag","embeddable":true,"href":"https:\/\/www.europesays.com\/es\/wp-json\/wp\/v2\/tags?post=249623"}],"curies":[{"name":"wp","href":"https:\/\/api.w.org\/{rel}","templated":true}]}}