{"id":249627,"date":"2025-11-22T11:09:15","date_gmt":"2025-11-22T11:09:15","guid":{"rendered":"https:\/\/www.europesays.com\/es\/249627\/"},"modified":"2025-11-22T11:09:15","modified_gmt":"2025-11-22T11:09:15","slug":"asturias-desde-fuera-se-ve-literalmente-como-el-paraiso","status":"publish","type":"post","link":"https:\/\/www.europesays.com\/es\/249627\/","title":{"rendered":"Asturias desde fuera se ve literalmente como el para\u00edso"},"content":{"rendered":"<p class=\"ft-text\"><strong>Carmen Figaredo<\/strong> (Madrid). Oviedo, 1988. Se licenci\u00f3 en Bellas Artes en la Universidad Francisco de Vitoria de Madrid. Su inter\u00e9s por la fotograf\u00eda la llev\u00f3 a especializarse en el Fashion Institute of Technology y en el International Center of Photography (ICP) de Nueva York, donde posteriormente trabaj\u00f3 como asistente, y en el archivo de Robert Capa. En 2015 regres\u00f3 a Madrid, donde actualmente reside y trabaja. Aunque la fotograf\u00eda es su base, el collage ha prevalecido como su lenguaje principal<\/p>\n<p class=\"ft-text\"><strong>Carmen Figaredo<\/strong> sabe que ser \u00abartista m\u00e1s que un trabajo al uso, es una manera de vivir, ya que la barrera entre lo que forma parte de tu trabajo o tu vida personal es muy difusa\u00bb. Aunque se form\u00f3 como fot\u00f3grafa, desde hace diez a\u00f1os su mundo creativo gira casi al 100% en torno al collage, construyendo nuevas im\u00e1genes a partir de im\u00e1genes ya preexistentes. De esta vida dedicada al arte, reconoce sus inconvenientes, como \u00abla falta de l\u00edmites entre lo que t\u00e9cnicamente ser\u00eda laboral y lo personal o la incertidumbre respecto a la salida que tendr\u00e1n las piezas que uno crea y la posible falta de estabilidad que eso conlleva.\u00bb Pero las ventajas, para ella, son mayores: \u00abSer due\u00f1o de tu tiempo, es impagable. Y es extremadamente gratificante poder dedicarse a lo que a uno verdaderamente le apasiona\u00bb. La semilla de esta vocaci\u00f3n se plant\u00f3 en Oviedo. \u00abDesde muy peque\u00f1a sent\u00ed inter\u00e9s por el arte y la belleza que me rodeaban. Me fascinaba su imponente Catedral, disfrutaba mucho los domingos por la ma\u00f1ana de poder explorarla por dentro, recorriendo cada rinc\u00f3n en la solemnidad del culto\u00bb.<\/p>\n<p class=\"ft-text\">Sin embargo, la decisi\u00f3n de dedicarse al arte en cuerpo y alma lleg\u00f3 m\u00e1s tarde. A los 19 a\u00f1os, tras un a\u00f1o estudiando Derecho sin \u00e9xito, tom\u00f3 la que considera la primera decisi\u00f3n crucial. \u00abNo pod\u00eda m\u00e1s que, con el benepl\u00e1cito y apoyo de mis padres, dedicarme de lleno al estudio y creaci\u00f3n del arte. Fue la primera decisi\u00f3n crucial en mi vida, algo que siempre agradecer\u00e9 el impulso y el apoyo a mi madre.\u00bb Tras acabar la carrera en Madrid, se especializ\u00f3 en fotograf\u00eda en Nueva York, donde, tras varios a\u00f1os de experimentaci\u00f3n, lleg\u00f3 a la t\u00e9cnica que define su obra: el collage, \u00abrecortando im\u00e1genes encontradas y manipul\u00e1ndolas\u00bb como medio principal de creaci\u00f3n.<\/p>\n<p class=\"ft-text\">Cuando evoca su tierra natal, los recuerdos son \u00abincontables e imborrables. Nada me transporta m\u00e1s a mi infancia y a esa sensaci\u00f3n de \u2018estar en casa\u2019 que el olor a casta\u00f1as asadas. Me lleva directamente a una tarde de invierno en Oviedo paseando bien abrigada por el Campo San Francisco\u00bb Y entre sus olores favoritos, destaca \u00abel olor a salitre cuando te acercas a la costa\u00bb, que precede a una de sus experiencias m\u00e1s vitales: \u00abDe las experiencias que m\u00e1s aprecio desde que tengo recuerdos, es sumergirme por completo en el Cant\u00e1brico y quedarme quieta bajo el agua, dejando que mi cuerpo se aclimate a la temperatura. Siempre tengo la sensaci\u00f3n de estar m\u00e1s viva que nunca en esos momentos\u00bb.<\/p>\n<p class=\"ft-text\">Desde la distancia, su mirada sobre Asturias es clara: \u00abAsturias desde fuera se ve literalmente como el para\u00edso.\u00bb No duda en destacar \u00abla belleza del paisaje o la calidad de vida (su gastronom\u00eda, su clima, su gente)\u00bb. Pero, como asturiana, tambi\u00e9n ve lo que se puede mejorar: \u00abCreo que ser\u00eda conveniente combatir la falta de comunicaciones estables con el resto de Espa\u00f1a y el mundo. Por otro lado, es de vital importancia crear m\u00e1s empleo joven y en m\u00e1s \u00e1mbitos de los ahora existentes. Que permita a m\u00e1s asturianos quedarse y construir una vida estable en el Principado\u00bb. Su experiencia en el extranjero le ha dado perspectiva: \u00abSi algo me ha ense\u00f1ado vivir en una ciudad como Nueva York y quiz\u00e1 tambi\u00e9n ahora en Madrid, es que otras culturas siempre tienen algo que aportar o algo de lo que podemos aprender. Valorar lo nuestro es fundamental, pero estar abierto a nuevas ideas que nos hagan creer puede ser muy positivo\u00bb.<\/p>\n<p class=\"ft-text\">Sobre los obst\u00e1culos en su carrera, asume que son \u00ablos normales de cualquier profesi\u00f3n. A veces las cosas salen a la primera y otras a la d\u00e9cima, o a veces no salen. Lo importante es el recorrido\u00bb. Y se define con una claridad que revela su fortaleza: \u00abSoy una persona resiliente, no me cuesta romper trabajo que no considero bueno o no sali\u00f3 como esperaba y comenzar una nueva hoja en blanco\u00bb.<\/p>\n<p class=\"ft-text\">Sus referentes art\u00edsticos son muchos, pero nombra \u00aba Miguel Angel Campano, Joan Fontcuberta, Mar\u00eda Dolores Pradera, Paul Auster y Paolo Sorrentino\u00bb. En el plano personal, su gu\u00eda fundamental fue su padre, Inocencio Figaredo. \u00abLo m\u00e1s importante que he aprendido de \u00e9l es el valor del esfuerzo. En general, siempre merece la pena. Aunque a veces se pongan las cosas muy dif\u00edciles, si te esfuerzas por algo nunca ser\u00e1 en balde\u00bb. Tambi\u00e9n reconoce la influencia de su abuelo materno, Sandalio Pire, \u00abun fot\u00f3grafo aficionado\u00bb cuya pasi\u00f3n \u00abtuvo mucho que ver mi vocaci\u00f3n como artista, y desde luego, en haber escogido esa disciplina para formarme\u00bb.<\/p>\n<p class=\"ft-text\">Este viaje la ha llevado a una relaci\u00f3n de paz con su propio reflejo. \u00abEmpezamos a tener bastante sinton\u00eda, y no ha sido f\u00e1cil. Soy, o m\u00e1s bien era, una persona con muchas inseguridades\u00bb. Explica que \u00abaceptarme y centrarme solo en la persona que me devuelve la mirada en el espejo, sin tener en cuenta las visiones u opiniones que los dem\u00e1s puedan tener de m\u00ed, ha llevado tiempo, esfuerzo y trabajo. Pero desde luego merece la pena, somos compa\u00f1eras de por vida\u00bb.<\/p>\n<p class=\"ft-text\">Respecto a la convivencia con otro artista (Hugo Fontela), \u00abla verdad que en nuestro caso siempre ha sido muy buena en lo art\u00edstico adem\u00e1s de en lo personal. Nuestros trabajos son muy distintos, nunca ha habido competencia o comparaciones entre nosotros. Adem\u00e1s, ambos, encajamos mal en la idea que la gente tiene de la vida de un artista, bohemia y desordenada. Por el contrario, vamos todos los d\u00edas al estudio casi en horario de oficina y la mayor parte del tiempo cada uno est\u00e1 trabajando en lo suyo sin hacernos apenas caso. No solemos comentar de manera constante el trabajo del otro, pero a veces esa visi\u00f3n externa del uno sobre el otro es muy enriquecedora\u00bb.<\/p>\n<p class=\"ft-text\">Carmen Figaredo quiere pensar que \u00abtodas mis obras me representan, a\u00fan cuanto pertenecen a series pasadas y ya no centre mi atenci\u00f3n en ese tema concreto. Pero, como creadora, supongo que la obra que m\u00e1s me representa es en la que trabajo en la actualidad. Llevo construyendo piezas grandes a partir de recortes peque\u00f1os, en contraposici\u00f3n a las piezas que son reproducciones fotogr\u00e1ficas de collages m\u00e1s peque\u00f1os que present\u00e9 en mis \u00faltimas exposiciones individuales. Estoy comenzando una nueva serie trabajando con figuras de mujeres sacadas de revistas de los a\u00f1os 50-60, superponi\u00e9ndolas unas sobre otras, creando una especie de columna de una manifestaci\u00f3n. A\u00fan no s\u00e9 a d\u00f3nde me va a llevar o de que habla exactamente, pero intuyo que temas como la sororidad me impulsan a seguir creando piezas en esa direcci\u00f3n\u00bb.<\/p>\n","protected":false},"excerpt":{"rendered":"Carmen Figaredo (Madrid). Oviedo, 1988. Se licenci\u00f3 en Bellas Artes en la Universidad Francisco de Vitoria de Madrid.&hellip;\n","protected":false},"author":2,"featured_media":249628,"comment_status":"","ping_status":"","sticky":false,"template":"","format":"standard","meta":{"footnotes":""},"categories":[173],"tags":[229,233,1830,231,230,1770,14750,46030,232,234,146,147,25,24,63393,244,260,54786,896,23],"class_list":{"0":"post-249627","1":"post","2":"type-post","3":"status-publish","4":"format-standard","5":"has-post-thumbnail","7":"category-arte-y-diseno","8":"tag-arte","9":"tag-arte-y-diseno","10":"tag-artista","11":"tag-arts","12":"tag-arts-and-design","13":"tag-asturias","14":"tag-carmen","15":"tag-construye","16":"tag-design","17":"tag-diseno","18":"tag-entertainment","19":"tag-entretenimiento","20":"tag-es","21":"tag-espana","22":"tag-figaredo","23":"tag-fotografia","24":"tag-gente","25":"tag-mundos","26":"tag-nueva-york","27":"tag-spain"},"share_on_mastodon":{"url":"https:\/\/pubeurope.com\/@es\/115593043191959580","error":""},"_links":{"self":[{"href":"https:\/\/www.europesays.com\/es\/wp-json\/wp\/v2\/posts\/249627","targetHints":{"allow":["GET"]}}],"collection":[{"href":"https:\/\/www.europesays.com\/es\/wp-json\/wp\/v2\/posts"}],"about":[{"href":"https:\/\/www.europesays.com\/es\/wp-json\/wp\/v2\/types\/post"}],"author":[{"embeddable":true,"href":"https:\/\/www.europesays.com\/es\/wp-json\/wp\/v2\/users\/2"}],"replies":[{"embeddable":true,"href":"https:\/\/www.europesays.com\/es\/wp-json\/wp\/v2\/comments?post=249627"}],"version-history":[{"count":0,"href":"https:\/\/www.europesays.com\/es\/wp-json\/wp\/v2\/posts\/249627\/revisions"}],"wp:featuredmedia":[{"embeddable":true,"href":"https:\/\/www.europesays.com\/es\/wp-json\/wp\/v2\/media\/249628"}],"wp:attachment":[{"href":"https:\/\/www.europesays.com\/es\/wp-json\/wp\/v2\/media?parent=249627"}],"wp:term":[{"taxonomy":"category","embeddable":true,"href":"https:\/\/www.europesays.com\/es\/wp-json\/wp\/v2\/categories?post=249627"},{"taxonomy":"post_tag","embeddable":true,"href":"https:\/\/www.europesays.com\/es\/wp-json\/wp\/v2\/tags?post=249627"}],"curies":[{"name":"wp","href":"https:\/\/api.w.org\/{rel}","templated":true}]}}