{"id":249636,"date":"2025-11-22T11:19:08","date_gmt":"2025-11-22T11:19:08","guid":{"rendered":"https:\/\/www.europesays.com\/es\/249636\/"},"modified":"2025-11-22T11:19:08","modified_gmt":"2025-11-22T11:19:08","slug":"la-policia-detiene-al-expresidente-de-brasil-jair-bolsonaro-tras-meses-de-arresto-domiciliario-internacional","status":"publish","type":"post","link":"https:\/\/www.europesays.com\/es\/249636\/","title":{"rendered":"La polic\u00eda detiene al expresidente de Brasil Jair Bolsonaro tras meses de arresto domiciliario | Internacional"},"content":{"rendered":"<p class=\"\">El expresidente de Brasil Jair Bolsonario ha sido detenido y llevado bajo custodia federal este s\u00e1bado, seg\u00fan ha informado su abogado a la agencia Reuters y ha confirmado la polic\u00eda brasile\u00f1a. El expresidente ultraderechista <a href=\"https:\/\/elpais.com\/america\/2025-11-21\/la-defensa-de-bolsonaro-pide-que-siga-en-prision-domiciliaria-porque-la-carcel-pone-en-riesgo-su-vida.html\" target=\"_self\" rel=\"nofollow noopener\" title=\"https:\/\/elpais.com\/america\/2025-11-21\/la-defensa-de-bolsonaro-pide-que-siga-en-prision-domiciliaria-porque-la-carcel-pone-en-riesgo-su-vida.html\">llevaba varios meses en arresto domiciliario<\/a> tras ser condenado en septiembre por el Supremo brasile\u00f1o a 27 a\u00f1os de c\u00e1rcel por llevar a cabo un intento frustrado de golpe de Estado en 2022 tras perder las elecciones presidenciales ante el actual presidente, Luiz In\u00e1cio Lula da Silva. Bolsonaro est\u00e1 pendiente de su recurso a la sentencia.<\/p>\n<p class=\"\">Celso Vilardi, el abogado de Bolsonaro, no ha especificado el motivo de la detenci\u00f3n del expresidente. Una persona cercana al caso ha informado a la agencia de que se trata de una medida preventiva relacionada con los t\u00e9rminos de su arresto domiciliario.<\/p>\n<p class=\"\">Tras su condena, la justicia brasile\u00f1a no hab\u00eda emitido a\u00fan una orden definitiva de arresto, a la espera de que el expresidente agotase el proceso de apelaci\u00f3n de la sentencia de 27 a\u00f1os y tres meses de c\u00e1rcel. Desde la condena, Bolsonaro ha estado sometido a un estricto arresto domiciliario.<\/p>\n","protected":false},"excerpt":{"rendered":"El expresidente de Brasil Jair Bolsonario ha sido detenido y llevado bajo custodia federal este s\u00e1bado, seg\u00fan ha&hellip;\n","protected":false},"author":2,"featured_media":249637,"comment_status":"","ping_status":"","sticky":false,"template":"","format":"standard","meta":{"footnotes":""},"categories":[42],"tags":[15080,3216,17,18,15705,13,14,3217,11,61,62,63,64,3218,19,20,3219,9,10,15,16,12,21,22,65,66,67],"class_list":{"0":"post-249636","1":"post","2":"type-post","3":"status-publish","4":"format-standard","5":"has-post-thumbnail","7":"category-internacional","8":"tag-arresto-domiciliario","9":"tag-brasil","10":"tag-breaking-news","11":"tag-breakingnews","12":"tag-detenciones","13":"tag-featured-news","14":"tag-featurednews","15":"tag-golpes-estado","16":"tag-headlines","17":"tag-internacional","18":"tag-international","19":"tag-international-news","20":"tag-internationalnews","21":"tag-jair-bolsonaro","22":"tag-latest-news","23":"tag-latestnews","24":"tag-lula-da-silva","25":"tag-news","26":"tag-noticias","27":"tag-noticias-destacadas","28":"tag-noticiasdestacadas","29":"tag-titulares","30":"tag-ultimas-noticias","31":"tag-ultimasnoticias","32":"tag-world","33":"tag-world-news","34":"tag-worldnews"},"share_on_mastodon":{"url":"","error":"Validation failed: Text character limit of 500 exceeded"},"_links":{"self":[{"href":"https:\/\/www.europesays.com\/es\/wp-json\/wp\/v2\/posts\/249636","targetHints":{"allow":["GET"]}}],"collection":[{"href":"https:\/\/www.europesays.com\/es\/wp-json\/wp\/v2\/posts"}],"about":[{"href":"https:\/\/www.europesays.com\/es\/wp-json\/wp\/v2\/types\/post"}],"author":[{"embeddable":true,"href":"https:\/\/www.europesays.com\/es\/wp-json\/wp\/v2\/users\/2"}],"replies":[{"embeddable":true,"href":"https:\/\/www.europesays.com\/es\/wp-json\/wp\/v2\/comments?post=249636"}],"version-history":[{"count":0,"href":"https:\/\/www.europesays.com\/es\/wp-json\/wp\/v2\/posts\/249636\/revisions"}],"wp:featuredmedia":[{"embeddable":true,"href":"https:\/\/www.europesays.com\/es\/wp-json\/wp\/v2\/media\/249637"}],"wp:attachment":[{"href":"https:\/\/www.europesays.com\/es\/wp-json\/wp\/v2\/media?parent=249636"}],"wp:term":[{"taxonomy":"category","embeddable":true,"href":"https:\/\/www.europesays.com\/es\/wp-json\/wp\/v2\/categories?post=249636"},{"taxonomy":"post_tag","embeddable":true,"href":"https:\/\/www.europesays.com\/es\/wp-json\/wp\/v2\/tags?post=249636"}],"curies":[{"name":"wp","href":"https:\/\/api.w.org\/{rel}","templated":true}]}}