{"id":249638,"date":"2025-11-22T11:20:09","date_gmt":"2025-11-22T11:20:09","guid":{"rendered":"https:\/\/www.europesays.com\/es\/249638\/"},"modified":"2025-11-22T11:20:09","modified_gmt":"2025-11-22T11:20:09","slug":"el-estado-junts-y-maquiavelo","status":"publish","type":"post","link":"https:\/\/www.europesays.com\/es\/249638\/","title":{"rendered":"El Estado, Junts y Maquiavelo"},"content":{"rendered":"<p>\t\t\t\t\t\t\t\t\t\t\tHace un par de semanas, <strong>la estabilidad parlamentaria del Gobierno detect\u00f3 un trombo en su sistema sangu\u00edneo que afectaba a la conexi\u00f3n de Junts con Pedro S\u00e1nchez<\/strong>. <a href=\"https:\/\/agendapublica.es\/noticia\/20140\/curso-politico-concluye-con-elecciones\" target=\"_blank\" rel=\"nofollow noopener\">La amenaza de ruptura<\/a> empuj\u00f3 a miles de espa\u00f1oles a reescribir la pol\u00edtica espa\u00f1ola en X. El viejo Twitter es vertiginoso y achicharrante. Siete d\u00edas despu\u00e9s, aquel trombo era confirmado por M\u00edriam Nogueras, portavoz de Junts, a<strong>l dar por \u00abbloqueada\u00bb la legislatura, tras anunciar que no respaldar\u00eda ninguna iniciativa legislativa del Gobierno<\/strong> hasta que no vieran cumplidos sus compromisos. <strong>Una semana m\u00e1s tarde, Junts votaba con el Gobierno dos de las leyes m\u00e1s importante<\/strong>s, entre ellas una Ley de <a href=\"https:\/\/agendapublica.es\/noticia\/20175\/movilidad-urbana-diagnostico-accion\" target=\"_blank\" rel=\"nofollow noopener\">Movilidad Sostenible <\/a>que permitir\u00e1 ingresar a Espa\u00f1a 10.000 millones de euros <a href=\"https:\/\/agendapublica.es\/noticia\/20393\/nuevo-presupuesto-batalla-definira-cada-europea\" target=\"_blank\" rel=\"nofollow noopener\">procedentes de Europa<\/a>. Desde entonces, Moncloa tiene un conocimiento m\u00e1s claro de la naturaleza del co\u00e1gulo <strong>que, <\/strong><strong>a priori, iba a obstaculizar el devenir de la legislatura<\/strong>.\u00a0<br \/>\nMaquiavelo y la enfermedad del Estado<br \/>\nUno de los momentos estelares de la humanidad se produjo cuando <strong>un joven florentino llamado Maquiavelo<\/strong>, inspirado por la trayectoria del rey Fernando de Arag\u00f3n y C\u00e9sar Borgia, hijo del Papa Borgia, <strong>comprendi\u00f3 que la pol\u00edtica comenzaba a regirse por sus propias leyes<\/strong>. El Estado, lo stato, principiaba a tener una autonom\u00eda significativa frente al devenir de las fuerzas de la econom\u00eda y, sobre todo, de la religi\u00f3n. Para Maquiavelo, el Estado era un organismo vivo, que se hallaba sujeto a los ciclos de la vida: nacer, crecer, desarrollarse, corromperse y morir. <strong>Si bien su muerte no puede evitarse, es posible demorarla.\u00a0<\/strong><\/p>\n<blockquote><p>\u00abPara Maquiavelo, el Estado era un organismo vivo, que se hallaba sujeto a los ciclos de la vida: nacer, crecer, desarrollarse, corromperse y morir\u00bb<\/p><\/blockquote>\n<p>El uso de la medicina gal\u00e9nica para comprender el funcionamiento del Estado fue algo habitual en Maquiavelo. Y todav\u00eda hoy se sigue utilizando. <strong>En general, las referencias a las enfermedades del cuerpo pol\u00edtico se relacionaron con la corrupci\u00f3n en muchos de sus textos.<\/strong> En el Discurso sobre la primera d\u00e9cada de Tito Livio, Maquiavelo expres\u00f3 <strong>c\u00f3mo la destrucci\u00f3n de la rep\u00fablica romana estaba vinculada a dos causas espec\u00edficas<\/strong>: por un lado, a <strong>la promulgaci\u00f3n de las leyes agrarias<\/strong>, que conllevaron el desequilibrio social, y, por el otro, a <strong>la lucha de clases y facciones que nutri\u00f3 a personajes como Julio C\u00e9sar<\/strong>. He aqu\u00ed dos trombos importantes.\u00a0<\/p>\n<p>Desde el punto de vista de Maquiavelo, <strong>no es muy descabellado pensar que la lucha de clases y facciones ha nutrido la \u00faltima legislatura de Pedro S\u00e1nchez<\/strong>. Se podr\u00eda decir que esta \u00faltima raz\u00f3n es la que mantiene vivo el sutil equilibrio de una mayor\u00eda parlamentaria d\u00e9bil. El ejecutivo se sustenta de unos apoyos dependientes de factores ajenos a \u00e9l, como lo es el hecho de que Junts haya anunciado un bloqueo parlamentario que en realidad est\u00e1 acuciado por <a href=\"https:\/\/agendapublica.es\/noticia\/20317\/junts-se-radicaliza-presion-alianca-catalana\" target=\"_blank\" rel=\"nofollow noopener\">el crecimiento de Alian\u00e7a Catalana<\/a>. Un partido, por cierto, <strong>al que diferentes sondeos le otorgan en estos momentos el 15% de los votos<\/strong> si ma\u00f1ana se celebraran elecciones en Catalunya.\u00a0<\/p>\n<p>Las facciones catalanas (des)equilibran la legislatura<br \/>\nSiguiendo a Maquiavelo, esta semana son otros factores de car\u00e1cter externo los que, de momento, han impedido a M\u00edriam Nogueras cumplir con sus amenazas. Conviene no perder de vista <strong>la sentencia del Tribunal Europeo de Derechos Humanos (TEDH) conocida la semana pasada que ha ratificado las garant\u00edas judiciales que se aplicaron durante el <\/strong><strong>proc\u00e9s <\/strong>a Jordi S\u00e1nchez, Turull o Junqueras. <strong>Seg\u00fan el tribunal de Estrasburgo, Espa\u00f1a no viol\u00f3 los derechos pol\u00edticos de los soberanistas<\/strong> por dictar la prisi\u00f3n preventiva tras los hechos acontecidos en 2017. La sentencia, hecha p\u00fablica el pasado jueves, rechaza los argumentos de los independentistas que demandaron al Estado espa\u00f1ol ante el tribunal europeo por vulneraci\u00f3n de sus derechos pol\u00edticos y su libertad de expresi\u00f3n al mantenerlos en prisi\u00f3n preventiva.<\/p>\n<p><strong>Si bien es cierto que esta sentencia ha dado fuerza a Manuel Marchena<\/strong> \u2014el magistrado que presidi\u00f3 el tribunal que juzg\u00f3 a los principales protagonistas del 1-O\u2014, <strong>tambi\u00e9n es cierto que el dictamen ha servido al Gobierno de S\u00e1nchez<\/strong> para confirmar <a href=\"https:\/\/agendapublica.es\/noticia\/20194\/tribunales-amnistia-radiografia-redes-fractura-social\" target=\"_blank\" rel=\"nofollow noopener\">la necesidad pol\u00edtica de una ley de amnist\u00eda<\/a>. El Napole\u00f3n del Poder Judicial, que tambi\u00e9n ha formado parte del juicio contra el <a href=\"https:\/\/agendapublica.es\/noticia\/20358\/primera-semana-juicio-al-fiscal-general-estado-secreto-profesional-periodistas\" target=\"_blank\" rel=\"nofollow noopener\">fiscal general del Estado<\/a>, no ha sido particularmente favorable a una ley de amnist\u00eda que enmendaba, tras su aprobaci\u00f3n, la tarea judicial encomendada entonces por el Gobierno de <a href=\"https:\/\/agendapublica.es\/noticia\/20229\/mariano-rajoy-toja-haya-democracia-verdad-europa-es-capital\" target=\"_blank\" rel=\"nofollow noopener\">Mariano Rajoy<\/a>. <strong>Estrasburgo ha dicho que la ley es completamente constitucional y necesaria para llevar a cabo una pol\u00edtica de reconciliaci\u00f3n<\/strong>.\u00a0<\/p>\n<p>Europa es un poderoso remedio para disolver los trombos pol\u00edticos. <strong>Europa es una conexi\u00f3n importante para el Gobierno de Pedro S\u00e1nchez<\/strong>. Este jueves, el abogado general del Tribunal de Justicia de la Uni\u00f3n Europea (TJUE) <a href=\"https:\/\/agendapublica.es\/noticia\/20031\/amnistia-interes-general-espana\" target=\"_blank\" rel=\"nofollow noopener\">despej\u00f3 el camino para la amnist\u00eda de Puigdemont<\/a> y los independentistas acusados de terrorismo. <strong>El abogado general del TJUE ha estimado que la norma no es contraria al derecho comunitario en materia de terrorismo ni choca contra los intereses financieros de la UE<\/strong>. Seg\u00fan el informe del abogado, que no determina la sentencia, pero cuya opini\u00f3n coincide con la del tribunal en el 80% de las ocasiones,<strong> la ley tambi\u00e9n puede amnistiar la responsabilidad contable del expresident de la Generalitat, Carles Puigdemont<\/strong>.\u00a0<\/p>\n<blockquote><p>\u00abPodr\u00edamos tener un primer diagn\u00f3stico del alcance de las amenazas de Junts: el trombo pol\u00edtico de Puigdemont y Nogueras no es letal\u00bb<\/p><\/blockquote>\n<p>Con estos elementos, podr\u00edamos tener ya un diagn\u00f3stico del alcance de las amenazas de Junts proferidas en la Corte de los Leones. El trombo pol\u00edtico de Carles Puigdemont y de M\u00edriam Nogueras no es letal. Y como los factores internos pesan, <strong>tras conocerse la sentencia del TEDH primero y la resoluci\u00f3n del abogado general del TJUE despu\u00e9s, el pasado jueves, Junts se abstuvo en la propuesta de PP y Vox<\/strong> de <a href=\"https:\/\/agendapublica.es\/noticia\/20345\/nueva-seccion-energia-industria-hay-elementos-hacen-se-est-revisando-politicas-energ-ticas-nivel-global\" target=\"_blank\" rel=\"nofollow noopener\">derogaci\u00f3n del calendario de cierre de las centrales nucleares<\/a>. Con 172 votos en contra y 171 a favor, S\u00e1nchez ganaba una de las votaciones m\u00e1s importantes de esta segunda mitad de legislatura que, previsiblemente, no conocer\u00e1 la disoluci\u00f3n de las Cortes Generales hasta llegado el oto\u00f1o de 2026 o el invierno del a\u00f1o 2027.<\/p>\n<p>La otra prueba de fuego a la que se someti\u00f3 el ejecutivo de coalici\u00f3n este jueves fue la enmienda a la congelaci\u00f3n de las tasas de AENA, imprescindibles para que la agencia pueda iniciar sus pr\u00f3ximas inversiones.<strong> La enmienda del PP, aprobada en el Senado con la abstenci\u00f3n de Junts y del PNV, provoc\u00f3 una ca\u00edda en bolsa del 5,4% para la empresa<\/strong>. Empresa, por cierto, en la que figura como consejero la destacada figura de Junts Ram\u00f3n Tremosa.<\/p>\n<p>El anticoagulante europeo<br \/>\nLo que no logra S\u00e1nchez lo consigue el TJUE. Tras conocerse la posici\u00f3n del abogado general, la enmienda del PP no ha pasado la votaci\u00f3n en el Congreso. Junts le ha dado otra vez la espalda al PP. La congelaci\u00f3n de las tasas, defendida por aerol\u00edneas como Ryanair (atentos a la foto que Isabel D\u00edaz Ayuso se hizo recientemente con su presidente, Eddy Wilson), <strong>pudo poner en riesgo el plan de inversiones de 12.800 millones de euros para la ampliaci\u00f3n de los aeropuertos de El Prat y Barajas. Otro trombo que se disolvi\u00f3 antes de llegar al coraz\u00f3n del Estado<\/strong>. El trombo de Junts parece que no afectar\u00e1 al riego sangu\u00edneo que mantiene conectado al PSOE con el resto de partidos que apoyaron la investidura de S\u00e1nchez. Hasta ahora, los de Puigdemont siempre han apoyado <a href=\"https:\/\/agendapublica.es\/noticia\/19921\/aeropuerto-prat-ampliacion-sostenibilidad-competitividad-psc\" target=\"_blank\" rel=\"nofollow noopener\">la necesidad de ampliar El Prat<\/a>, a diferencia de ERC, que ha encontrado en las contradicciones de Junts una enorme sangr\u00eda. <strong>\u00bfPodr\u00eda suceder lo mismo con la aprobaci\u00f3n del techo de gasto y los presupuestos generales del Estado? Habr\u00e1 que estar atentos.<\/strong><\/p>\n<p>Maquiavelo no naci\u00f3 en San Casciano in Val di Pesa, pero su familia ten\u00eda muy cerca de all\u00ed, en la colina de Bibbione, un peque\u00f1o castillo. Cuando le exiliaron de Florencia por haber apoyado la rep\u00fablica civil que acab\u00f3 con los delirios del fraile Savonarola \u2014el Profeta Desarmado\u2014, se refugi\u00f3 en el castillo de Bibbione. <strong>Por las tardes bajaba a la V\u00eda Cassia, la carretera romana que une Siena y Florencia, y preguntaba a los caminantes qu\u00e9 hab\u00eda de nuevo en la ciudad<\/strong>: qu\u00e9 dec\u00edan los M\u00e9dici y qu\u00e9 planes ten\u00edan. Era un Twitter lento. As\u00ed naci\u00f3 la pol\u00edtica antes del tiempo reptil. Maquiavelo nunca fue maquiav\u00e9lico. <\/p>\n","protected":false},"excerpt":{"rendered":"Hace un par de semanas, la estabilidad parlamentaria del Gobierno detect\u00f3 un trombo en su sistema sangu\u00edneo que&hellip;\n","protected":false},"author":2,"featured_media":249639,"comment_status":"","ping_status":"","sticky":false,"template":"","format":"standard","meta":{"footnotes":""},"categories":[8],"tags":[17,18,25,24,13,14,582,11,5216,63394,63395,19,20,9,10,15,16,2959,5667,23,12,21,22],"class_list":{"0":"post-249638","1":"post","2":"type-post","3":"status-publish","4":"format-standard","5":"has-post-thumbnail","7":"category-espana","8":"tag-breaking-news","9":"tag-breakingnews","10":"tag-es","11":"tag-espana","12":"tag-featured-news","13":"tag-featurednews","14":"tag-gobierno","15":"tag-headlines","16":"tag-junts","17":"tag-junts-psoe","18":"tag-junts-rompe","19":"tag-latest-news","20":"tag-latestnews","21":"tag-news","22":"tag-noticias","23":"tag-noticias-destacadas","24":"tag-noticiasdestacadas","25":"tag-pedro-sanchez","26":"tag-puigdemont","27":"tag-spain","28":"tag-titulares","29":"tag-ultimas-noticias","30":"tag-ultimasnoticias"},"share_on_mastodon":{"url":"https:\/\/pubeurope.com\/@es\/115593086464771040","error":""},"_links":{"self":[{"href":"https:\/\/www.europesays.com\/es\/wp-json\/wp\/v2\/posts\/249638","targetHints":{"allow":["GET"]}}],"collection":[{"href":"https:\/\/www.europesays.com\/es\/wp-json\/wp\/v2\/posts"}],"about":[{"href":"https:\/\/www.europesays.com\/es\/wp-json\/wp\/v2\/types\/post"}],"author":[{"embeddable":true,"href":"https:\/\/www.europesays.com\/es\/wp-json\/wp\/v2\/users\/2"}],"replies":[{"embeddable":true,"href":"https:\/\/www.europesays.com\/es\/wp-json\/wp\/v2\/comments?post=249638"}],"version-history":[{"count":0,"href":"https:\/\/www.europesays.com\/es\/wp-json\/wp\/v2\/posts\/249638\/revisions"}],"wp:featuredmedia":[{"embeddable":true,"href":"https:\/\/www.europesays.com\/es\/wp-json\/wp\/v2\/media\/249639"}],"wp:attachment":[{"href":"https:\/\/www.europesays.com\/es\/wp-json\/wp\/v2\/media?parent=249638"}],"wp:term":[{"taxonomy":"category","embeddable":true,"href":"https:\/\/www.europesays.com\/es\/wp-json\/wp\/v2\/categories?post=249638"},{"taxonomy":"post_tag","embeddable":true,"href":"https:\/\/www.europesays.com\/es\/wp-json\/wp\/v2\/tags?post=249638"}],"curies":[{"name":"wp","href":"https:\/\/api.w.org\/{rel}","templated":true}]}}