{"id":249721,"date":"2025-11-22T12:28:09","date_gmt":"2025-11-22T12:28:09","guid":{"rendered":"https:\/\/www.europesays.com\/es\/249721\/"},"modified":"2025-11-22T12:28:09","modified_gmt":"2025-11-22T12:28:09","slug":"mas-de-200-euros-se-gastaran-de-media-los-aragoneses-en-el-black-friday-economia-y-negocios","status":"publish","type":"post","link":"https:\/\/www.europesays.com\/es\/249721\/","title":{"rendered":"M\u00e1s de 200 euros se gastar\u00e1n de media los aragoneses en el Black Friday | Econom\u00eda y negocios"},"content":{"rendered":"<p class=\"loc\">Zaragoza<\/p>\n<p>M\u00e1s de 200 euros nos vamos a gastar de media los aragoneses en el Black Friday, ofertas que aprovechar\u00e1n el 85% de los compradores. En estos d\u00edas, se reactiva tambi\u00e9n la contrataci\u00f3n de personal con esta moda importada desde Estados Unidos, pero en menor medida que en a\u00f1os anteriores. No obstante, en estos d\u00edas de de tanto movimiento de compras online, tambi\u00e9n aprovechan los ciberdelincuentes para hacer caja, y hay que estar especialmente vigilante. <\/p>\n<p>Seg\u00fan la Asociaci\u00f3n Espa\u00f1ola de Consumidores, 8 de cada 10 aragoneses se suman a esta campa\u00f1a, ya plenamente instalada en el calendario comercial, especialmente en los grandes centros comerciales. Desde hace d\u00edas, los carteles y las promociones inundan los escaparates y las redes sociales, y la gente ya tiene la lista preparada, como \u00abla Playstation 5, un abrigo, un aspirador o unas zapatillas de deporte\u00bb. <\/p>\n<p>El gasto previsto es de 217 euros en Arag\u00f3n. \u00abSon datos superiores a lo que es la previsi\u00f3n de gasto a media nacional\u00bb, se\u00f1ala Miguel \u00c1ngel Ruiz, presidente de la Asociaci\u00f3n Espa\u00f1ola de Consumidores. <\/p>\n<p>Para esta campa\u00f1a, Arag\u00f3n alcanzar\u00e1 los 3.485 contratos, lo que supone una ca\u00edda del 3,5% respecto al a\u00f1o anterior. La mayor parte de ellos, el 40% van directamente al comercio, explica Ana Royo, de Randstad. Entre los puestos que se crean est\u00e1n los de empaquetadores, carretilleros, transportistas, dependientes y perfiles comerciales. <\/p>\n<p>Ciberseguridad <\/p>\n<p>En este periodo de compras, ya sea por Black Friday, Ciber Monday o Navidad, hay que estar especialmente vigilantes y <a href=\"https:\/\/cadenaser.com\/aragon\/2025\/11\/19\/del-bolsillo-al-vacio-digital-10000-euros-volatilizados-por-ciberdelincuentes-radio-zaragoza\/\" target=\"_blank\" rel=\"nofollow noopener\" title=\"https:\/\/cadenaser.com\/aragon\/2025\/11\/19\/del-bolsillo-al-vacio-digital-10000-euros-volatilizados-por-ciberdelincuentes-radio-zaragoza\/\">tomar medidas para evitar caer en fraudes bancarios y proteger nuestras cuentas<\/a>. <\/p>\n<p>Este tipo de estafas, conocidas como &#8216;phishing&#8217;, se est\u00e1n multiplicando y pueden ocurrir incluso sin que la v\u00edctima haga clic en enlaces sospechosos, gracias a t\u00e9cnicas avanzadas que explotan vulnerabilidades en dispositivos y sistemas.<\/p>\n<p>Antonio Vargas, secretario de Derecho Digital del Colegio de Abogados de Zaragoza, recomienda actuar con rapidez: avisar inmediatamente al banco para bloquear la cuenta y frenar movimientos fraudulentos y presentar una denuncia ante la Polic\u00eda Nacional. <\/p>\n<p>El tiempo es crucial porque el dinero suele transferirse a cuentas falsas, incluso a otros pa\u00edses, lo que complica la recuperaci\u00f3n. Respecto a su reintegro, depende del caso: si el banco no verific\u00f3 correctamente la identidad al abrir una cuenta fraudulenta, podr\u00eda ser responsable.<\/p>\n<p>Tambi\u00e9n se han detectado casos de manipulaci\u00f3n de tarjetas sin estrenar y estafas como el \u201cMan in the Middle\u201d, donde un tercero intercepta correos entre empresas, modifica facturas y desv\u00eda pagos a su cuenta, como explica Cristian Avent\u00edn, portavoz de la Polic\u00eda Nacional. <\/p>\n<p>La prevenci\u00f3n y la mejora constante de la seguridad son esenciales: no abrir enlaces sospechosos, no facilitar datos personales, activar sistemas de doble verificaci\u00f3n y revisar cuidadosamente facturas y movimientos.<\/p>\n","protected":false},"excerpt":{"rendered":"Zaragoza M\u00e1s de 200 euros nos vamos a gastar de media los aragoneses en el Black Friday, ofertas&hellip;\n","protected":false},"author":2,"featured_media":249722,"comment_status":"","ping_status":"","sticky":false,"template":"","format":"standard","meta":{"footnotes":""},"categories":[80],"tags":[82,95,94,25,24,23],"class_list":{"0":"post-249721","1":"post","2":"type-post","3":"status-publish","4":"format-standard","5":"has-post-thumbnail","7":"category-economia","8":"tag-business","9":"tag-economia","10":"tag-economy","11":"tag-es","12":"tag-espana","13":"tag-spain"},"share_on_mastodon":{"url":"https:\/\/pubeurope.com\/@es\/115593354317995611","error":""},"_links":{"self":[{"href":"https:\/\/www.europesays.com\/es\/wp-json\/wp\/v2\/posts\/249721","targetHints":{"allow":["GET"]}}],"collection":[{"href":"https:\/\/www.europesays.com\/es\/wp-json\/wp\/v2\/posts"}],"about":[{"href":"https:\/\/www.europesays.com\/es\/wp-json\/wp\/v2\/types\/post"}],"author":[{"embeddable":true,"href":"https:\/\/www.europesays.com\/es\/wp-json\/wp\/v2\/users\/2"}],"replies":[{"embeddable":true,"href":"https:\/\/www.europesays.com\/es\/wp-json\/wp\/v2\/comments?post=249721"}],"version-history":[{"count":0,"href":"https:\/\/www.europesays.com\/es\/wp-json\/wp\/v2\/posts\/249721\/revisions"}],"wp:featuredmedia":[{"embeddable":true,"href":"https:\/\/www.europesays.com\/es\/wp-json\/wp\/v2\/media\/249722"}],"wp:attachment":[{"href":"https:\/\/www.europesays.com\/es\/wp-json\/wp\/v2\/media?parent=249721"}],"wp:term":[{"taxonomy":"category","embeddable":true,"href":"https:\/\/www.europesays.com\/es\/wp-json\/wp\/v2\/categories?post=249721"},{"taxonomy":"post_tag","embeddable":true,"href":"https:\/\/www.europesays.com\/es\/wp-json\/wp\/v2\/tags?post=249721"}],"curies":[{"name":"wp","href":"https:\/\/api.w.org\/{rel}","templated":true}]}}