{"id":249736,"date":"2025-11-22T12:41:15","date_gmt":"2025-11-22T12:41:15","guid":{"rendered":"https:\/\/www.europesays.com\/es\/249736\/"},"modified":"2025-11-22T12:41:15","modified_gmt":"2025-11-22T12:41:15","slug":"sera-un-cataclismo-en-el-club","status":"publish","type":"post","link":"https:\/\/www.europesays.com\/es\/249736\/","title":{"rendered":"Ser\u00e1 un cataclismo en el club"},"content":{"rendered":"<p data-gtm-element-container=\"modulo-texto-link\" class=\"paragraph\"><strong>El expresidente del Real Madrid, Ram\u00f3n Calder\u00f3n,<\/strong> se mostr\u00f3 este viernes en contra del modelo societario que el actual mandatario merengue,<strong> Florentino P\u00e9rez<\/strong>, pretende instaurar en la entidad merengue, que este domingo ha convocado a sus socios compromisarios para la <strong>Asamblea General Ordinaria,<\/strong> en la que se someter\u00e1n a aprobaci\u00f3n las cuentas del ejercicio 2024-25.\u00a0<\/p>\n<p data-gtm-element-container=\"modulo-texto-link\" class=\"paragraph\">El Real Madrid tiene previsto en fechas posteriores una <strong>Asamblea Extraordinaria<\/strong> en la que Florentino terminar\u00e1 de detallar su nueva iniciativa para, seg\u00fan \u00e9l, reforzar el control de los socios sobre el patrimonio econ\u00f3mico de la entidad. En este sentido, se tendr\u00eda que organizar un refer\u00e9ndum abierto a toda la masa social para votar la pol\u00e9mica propuesta de Florentino, que lleva semanas desatado <strong>muchas cr\u00edticas entre el madridismo.<\/strong><\/p>\n<p>\u00abProducir\u00e1 un cataclismo en el club\u00bb<\/p>\n<p data-gtm-element-container=\"modulo-texto-link\" class=\"paragraph\">En una entrevista con el programa<strong> &#8216;Directo Gol&#8217;,<\/strong> Ram\u00f3n Calder\u00f3n asegur\u00f3 que sobre el pretendido nuevo modelo societario para el futuro que \u00abno me gustar\u00eda verlo, salvo que me digan que es inevitable, porque <strong>va a producir un cataclismo en el club\u00bb.<\/strong><\/p>\n<blockquote class=\"twitter-tweet\" data-lang=\"es\"><p>\n<a href=\"https:\/\/twitter.com\/DirectoGol\/status\/1991634576725213453\" rel=\"nofollow noopener\" target=\"_blank\">\n<\/p><\/blockquote>\n<p data-gtm-element-container=\"modulo-texto-link\" class=\"paragraph\">Seg\u00fan Calder\u00f3n, <strong>\u00abno se puede insistir en que esto se hace para que el club sea de sus socios, el club ya es de sus socios<\/strong>.\u00a0Tengo la sensaci\u00f3n de que es un problema econ\u00f3mico. <strong>Las cuentas del estadio se le han ido de las manos al club\u00bb<\/strong>, afirm\u00f3 el expresidente blanco.<\/p>\n<p data-gtm-element-container=\"modulo-texto-link\" class=\"paragraph\">Calder\u00f3n tambi\u00e9n se pronunci\u00f3 sobre si hay que renovar o vender a\u00a0<strong>Vinicius Junior<\/strong>, cuyo contrato expira en junio de 2027.\u00a0\u00abEs un buen momento para hacerle reflexionar, est\u00e1 en el mejor equipo del mundo. <strong>Hace mucho fr\u00edo fuera\u00bb,<\/strong> a\u00f1adi\u00f3 el ex mandatario merengue.<\/p>\n<blockquote class=\"twitter-tweet\" data-lang=\"es\"><p>\n<a href=\"https:\/\/twitter.com\/DirectoGol\/status\/1991634071873626482\" rel=\"nofollow noopener\" target=\"_blank\">\n<\/p><\/blockquote>\n<p data-gtm-element-container=\"modulo-texto-link\" class=\"paragraph\">El<strong> Real Madrid <\/strong>cerr\u00f3 la pasada temporada con un beneficio de 24 millones de euros despu\u00e9s de impuestos y unos ingresos ordinarios de 1.185 millones, cifra que supone un crecimiento del 10% respecto al curso anterior.<\/p>\n<p><script async src=\"https:\/\/platform.twitter.com\/widgets.js\" charset=\"utf-8\"><\/script><\/p>\n","protected":false},"excerpt":{"rendered":"El expresidente del Real Madrid, Ram\u00f3n Calder\u00f3n, se mostr\u00f3 este viernes en contra del modelo societario que el&hellip;\n","protected":false},"author":2,"featured_media":249737,"comment_status":"","ping_status":"","sticky":false,"template":"","format":"standard","meta":{"footnotes":""},"categories":[268],"tags":[168,25,24,280,282,281,23,167],"class_list":{"0":"post-249736","1":"post","2":"type-post","3":"status-publish","4":"format-standard","5":"has-post-thumbnail","7":"category-futbol","8":"tag-deportes","9":"tag-es","10":"tag-espana","11":"tag-football","12":"tag-futbol","13":"tag-soccer","14":"tag-spain","15":"tag-sports"},"share_on_mastodon":{"url":"https:\/\/pubeurope.com\/@es\/115593405216098034","error":""},"_links":{"self":[{"href":"https:\/\/www.europesays.com\/es\/wp-json\/wp\/v2\/posts\/249736","targetHints":{"allow":["GET"]}}],"collection":[{"href":"https:\/\/www.europesays.com\/es\/wp-json\/wp\/v2\/posts"}],"about":[{"href":"https:\/\/www.europesays.com\/es\/wp-json\/wp\/v2\/types\/post"}],"author":[{"embeddable":true,"href":"https:\/\/www.europesays.com\/es\/wp-json\/wp\/v2\/users\/2"}],"replies":[{"embeddable":true,"href":"https:\/\/www.europesays.com\/es\/wp-json\/wp\/v2\/comments?post=249736"}],"version-history":[{"count":0,"href":"https:\/\/www.europesays.com\/es\/wp-json\/wp\/v2\/posts\/249736\/revisions"}],"wp:featuredmedia":[{"embeddable":true,"href":"https:\/\/www.europesays.com\/es\/wp-json\/wp\/v2\/media\/249737"}],"wp:attachment":[{"href":"https:\/\/www.europesays.com\/es\/wp-json\/wp\/v2\/media?parent=249736"}],"wp:term":[{"taxonomy":"category","embeddable":true,"href":"https:\/\/www.europesays.com\/es\/wp-json\/wp\/v2\/categories?post=249736"},{"taxonomy":"post_tag","embeddable":true,"href":"https:\/\/www.europesays.com\/es\/wp-json\/wp\/v2\/tags?post=249736"}],"curies":[{"name":"wp","href":"https:\/\/api.w.org\/{rel}","templated":true}]}}