{"id":249770,"date":"2025-11-22T13:05:24","date_gmt":"2025-11-22T13:05:24","guid":{"rendered":"https:\/\/www.europesays.com\/es\/249770\/"},"modified":"2025-11-22T13:05:24","modified_gmt":"2025-11-22T13:05:24","slug":"las-amigas-que-acompanaron-a-fatima-bosch-en-miss-mexico-celebran-su-coronacion","status":"publish","type":"post","link":"https:\/\/www.europesays.com\/es\/249770\/","title":{"rendered":"Las amigas que acompa\u00f1aron a F\u00e1tima Bosch en Miss M\u00e9xico celebran su coronaci\u00f3n"},"content":{"rendered":"<p id=\"eAVGt6himu1\" data-wc=\"71\">La coronaci\u00f3n de <a class=\"hm-link ho-link\" href=\"https:\/\/www.hola.com\/us-es\/celebrities\/20251121868745\/miss-universe-2025-ganadora-mexico-fatima-bosch\/\" data-mrf-recirculation=\"article-body-link\" rel=\"nofollow noopener\" target=\"_blank\">F\u00e1tima Bosch como Miss Universe<\/a> sigue dando de qu\u00e9 hablar. Entre las reacciones y las muestras de cari\u00f1o y apoyo que ha recibido no han faltado las de sus amigas, aquellas que hizo durante su paso por el certamen nacional en Miss M\u00e9xico. Se trata de las \u00fanicas cuatro delegadas mexicanas que se acercaron a celebrar su triunfo en el concurso de su pa\u00eds, realizado en septiembre pasado.\u00a0<\/p>\n<p> <img src=\"https:\/\/www.europesays.com\/es\/wp-content\/uploads\/2025\/11\/4c6c6b1ffab7-psk06185.jpg\"   width=\"1024\" height=\"682\" loading=\"lazy\" decoding=\"async\" alt=\"El tierno video de F\u00e1tima Bosch de ni\u00f1a con el que predijo su futuro en Miss Universe\" fetchpriority=\"auto\" class=\"image ho-image\"\/>\u00a9 PRASAD PATHAKF\u00e1tima Bosch fue coronada como Miss Universe 2025.<\/p>\n<p id=\"eXVDapSgDy\" data-wc=\"36\">Cuando F\u00e1tima, originaria de Tabasco gan\u00f3 el concurso, solo un peque\u00f1o grupo de delegadas se acercaron a ella para felicitarla; las representantes de <strong>Yucat\u00e1n (Emir\u00e9 Arellano), Tamaulipas (Lorena L\u00f3pez), Tlaxcala (Elena Rold\u00e1n) y Veracruz (Fernanda Puma)<\/strong>.\u00a0<\/p>\n<p> <img src=\"https:\/\/www.europesays.com\/es\/wp-content\/uploads\/2025\/11\/3b164c824936-amigasfatima1.jpg\"   width=\"1024\" height=\"1024\" loading=\"lazy\" decoding=\"async\" alt=\"F\u00e1tima Bosch en la final de Miss M\u00e9xico con sus &quot;reales&quot;.\" fetchpriority=\"auto\" class=\"image ho-image\"\/>\u00a9 @fatimaboschfdzF\u00e1tima Bosch en la final de Miss M\u00e9xico con sus \u00abreales\u00bb.<\/p>\n<p id=\"eNDqHWAXsv\" data-wc=\"16\">A ese grupo de buenas amigas, F\u00e1tima se ha referido en numerosas ocasiones como sus \u00abreales\u00bb.\u00a0<\/p>\n<p> <img src=\"https:\/\/www.europesays.com\/es\/wp-content\/uploads\/2025\/11\/153fce0e231d-amigasfatima2.jpg\"   width=\"1024\" height=\"1024\" loading=\"lazy\" decoding=\"async\" alt=\"F\u00e1tima Bosch con sus amigas, las que hizo en Miss M\u00e9xico.\" fetchpriority=\"auto\" class=\"image ho-image\"\/>\u00a9 @fatimaboschfdzF\u00e1tima Bosch con sus amigas, las que hizo en Miss M\u00e9xico.<br \/>\nMiss Tamaulipas Lorena L\u00f3pez viaj\u00f3 a Tailandia para apoyarla<\/p>\n<p id=\"eA_E_U1pQD\" data-wc=\"27\">Incluso uno de ellas, Miss Tamaulipas Lorena L\u00f3pez viaj\u00f3 a Tailandia para acompa\u00f1ar a su gran amiga y estar para ella en caso de que la necesitara.<\/p>\n<p> <img src=\"https:\/\/www.europesays.com\/es\/wp-content\/uploads\/2025\/11\/ed8d6986eba7-582088286185383603780537611663274301058881018n.jpg\"   width=\"771\" height=\"1024\" loading=\"lazy\" decoding=\"async\" alt=\"Lorena L\u00f3pez visit\u00f3 algunos atractivos en Tailandia, antes de la final de Miss Universe, misma en la que apoy\u00f3 a su querida amiga.\" fetchpriority=\"auto\" class=\"image ho-image\"\/>\u00a9 @lorena.elopezLorena L\u00f3pez visit\u00f3 algunos atractivos en Tailandia, antes de la final de Miss Universe, misma en la que apoy\u00f3 a su querida amiga.<\/p>\n<p id=\"eth2KnHCqI\" data-wc=\"39\">\u00a0Horas antes del certamen de belleza, Lorena sorprendi\u00f3 a F\u00e1tima en medio de la serenata con mariachi que le llevaron. En sus redes, Lorena comparti\u00f3 el emotivo momento, en el que ambas amigas se funden en un tierno abrazo.\u00a0<\/p>\n<p id=\"eAdxO71pkk\" data-wc=\"65\">\u00abAmiga, verte llegar hasta aqu\u00ed me llena el alma. Eres magia, luz y prop\u00f3sito. Nuestra amistad es REAL, de esas que celebran, apoyan y caminan juntas. Hoy te deseo toda la suerte del mundo en Miss Universo, porque naciste para brillar. Te amo con todo mi coraz\u00f3n @fatimaboschfdz. \ud83d\udc96\u2728\ud83c\uddf2\ud83c\uddfd \u00ab, escribi\u00f3 junto a las fotos y videos de su encuentro previo a la gran final.\u00a0<\/p>\n<p> <img src=\"https:\/\/www.europesays.com\/es\/wp-content\/uploads\/2025\/11\/c5a5a75f0b5b-582967355185386496530537618776426578860888946n.jpg\"   width=\"768\" height=\"1024\" loading=\"lazy\" decoding=\"async\" alt=\"El encuentro de F\u00e1tima Bosch y Lorena L\u00f3pez en Tailandia.\" fetchpriority=\"auto\" class=\"image ho-image\"\/>\u00a9 @lorena.elopezEl encuentro de F\u00e1tima Bosch y Lorena L\u00f3pez en Tailandia.<\/p>\n<p id=\"erTYA4c1fP\" data-wc=\"56\">Lorena incluso fue a la final de la 74. edici\u00f3n de Miss Universe y comparti\u00f3 junto a la familia Bosch. La tambi\u00e9n modelo se prepar\u00f3 para acudir a la final del certamen en la Impact Arena, y desde su asiento vivi\u00f3 la emoci\u00f3n de ver a su amiga coron\u00e1ndose como la mujer m\u00e1s bella del mundo.\u00a0<\/p>\n<p>Video Relacionado: Miss Tamaulipas Lorena L\u00f3pez en Tailandia apoyando a F\u00e1tima Bosch<\/p>\n<p id=\"eIbDZBZ0XC\" data-wc=\"24\">Una vez finalizado el concurso, Lorena ayud\u00f3 a F\u00e1tima a resguardar sus cosas y con paciencia la esper\u00f3 hasta que termin\u00f3 sus actividades oficiales.\u00a0<\/p>\n<p id=\"eXWS8ojtZK\" data-wc=\"36\">M\u00e1s tarde, F\u00e1tima Bosch incluy\u00f3 en sus redes sociales una fotograf\u00eda en la que Lorena L\u00f3pez aparece posando junto al pap\u00e1 de F\u00e1tima, dejando ver que Lorena es una m\u00e1s del entorno cercano de los Bosch.\u00a0<\/p>\n<p> <img src=\"https:\/\/www.europesays.com\/es\/wp-content\/uploads\/2025\/11\/ff8c01832b84-586649696185388235780537611052044692336372915n.jpg\"   width=\"576\" height=\"1024\" loading=\"lazy\" decoding=\"async\" alt=\"Lorena L\u00f3pez con la familia de F\u00e1tima Bosch.\" fetchpriority=\"auto\" class=\"image ho-image\"\/>\u00a9 @fatimaboschfdzLorena L\u00f3pez con la familia de F\u00e1tima Bosch.<br \/>\nSus otras \u00abreales\u00bb apoyando a F\u00e1tima Bosch desde M\u00e9xico<\/p>\n<p id=\"eRbdTsFv9Q\" data-wc=\"43\">En casa, sus otras \u00abreales\u00bb la apoyaban siguiendo la transmisi\u00f3n, adem\u00e1s de expresarle sus mejores deseos en el d\u00eda m\u00e1s importante. Lejos de las envidias y en \u00e1nimo completamente festivo, las amigas de F\u00e1tima festejaron a lo grande su victoria en Miss Universe.<\/p>\n<p> <img src=\"https:\/\/www.europesays.com\/es\/wp-content\/uploads\/2025\/11\/018e28c56185-img3121.jpg\"   width=\"1920\" height=\"1080\" loading=\"lazy\" decoding=\"async\" alt=\"Miss Veracruz Fernanda Puma disfrut\u00f3 del show y apoy\u00f3 a su amiga con camisetas y hasta veladoras tem\u00e1ticas. \" fetchpriority=\"auto\" class=\"image ho-image\"\/>\u00a9 @fernandapumarofficialMiss Veracruz Fernanda Puma disfrut\u00f3 del show y apoy\u00f3 a su amiga con camisetas y hasta veladoras tem\u00e1ticas. <\/p>\n<p> <img src=\"https:\/\/www.europesays.com\/es\/wp-content\/uploads\/2025\/11\/f6bee64a9f92-img3151.jpg\"   width=\"1080\" height=\"1440\" loading=\"lazy\" decoding=\"async\" alt=\"Fernanda mand\u00f3 a hacer veladoras con el rostro de F\u00e1tima.\" fetchpriority=\"auto\" class=\"image ho-image\"\/>\u00a9 @fernandapumofficialFernanda mand\u00f3 a hacer veladoras con el rostro de F\u00e1tima.<\/p>\n<p id=\"eM5DK03ZNTM\" data-wc=\"49\">Emir\u00e9 Arellano, de Yucat\u00e1n, le dedic\u00f3 unas lindas palabras de aliento a su amiga. \u00abDesde la distancia y como siempre lo hac\u00edamos antes de que todo inicie, vamos a pedir por ti: por tu bien, por tu disfrute, y sobre todo, para que Dios gu\u00ede cada paso que des\u00bb.\u00a0<\/p>\n<p> <img src=\"https:\/\/www.europesays.com\/es\/wp-content\/uploads\/2025\/11\/2748617bde4b-img3119.jpg\"   width=\"1080\" height=\"1440\" loading=\"lazy\" decoding=\"async\" alt=\"Emir\u00e9 Arellano, de Yucat\u00e1n, le dedic\u00f3 unas bellas palabras a su amiga y a la distancia la tuvo bien presente.\" fetchpriority=\"auto\" class=\"image ho-image\"\/>\u00a9 @emirearellanoEmir\u00e9 Arellano, de Yucat\u00e1n, le dedic\u00f3 unas bellas palabras a su amiga y a la distancia la tuvo bien presente.<\/p>\n","protected":false},"excerpt":{"rendered":"La coronaci\u00f3n de F\u00e1tima Bosch como Miss Universe sigue dando de qu\u00e9 hablar. Entre las reacciones y las&hellip;\n","protected":false},"author":2,"featured_media":249771,"comment_status":"","ping_status":"","sticky":false,"template":"","format":"standard","meta":{"footnotes":""},"categories":[174],"tags":[517,255,146,147,25,24,256,59207,23],"class_list":{"0":"post-249770","1":"post","2":"type-post","3":"status-publish","4":"format-standard","5":"has-post-thumbnail","7":"category-famosos","8":"tag-actualidad","9":"tag-celebrities","10":"tag-entertainment","11":"tag-entretenimiento","12":"tag-es","13":"tag-espana","14":"tag-famosos","15":"tag-miss-universe","16":"tag-spain"},"share_on_mastodon":{"url":"https:\/\/pubeurope.com\/@es\/115593500047726735","error":""},"_links":{"self":[{"href":"https:\/\/www.europesays.com\/es\/wp-json\/wp\/v2\/posts\/249770","targetHints":{"allow":["GET"]}}],"collection":[{"href":"https:\/\/www.europesays.com\/es\/wp-json\/wp\/v2\/posts"}],"about":[{"href":"https:\/\/www.europesays.com\/es\/wp-json\/wp\/v2\/types\/post"}],"author":[{"embeddable":true,"href":"https:\/\/www.europesays.com\/es\/wp-json\/wp\/v2\/users\/2"}],"replies":[{"embeddable":true,"href":"https:\/\/www.europesays.com\/es\/wp-json\/wp\/v2\/comments?post=249770"}],"version-history":[{"count":0,"href":"https:\/\/www.europesays.com\/es\/wp-json\/wp\/v2\/posts\/249770\/revisions"}],"wp:featuredmedia":[{"embeddable":true,"href":"https:\/\/www.europesays.com\/es\/wp-json\/wp\/v2\/media\/249771"}],"wp:attachment":[{"href":"https:\/\/www.europesays.com\/es\/wp-json\/wp\/v2\/media?parent=249770"}],"wp:term":[{"taxonomy":"category","embeddable":true,"href":"https:\/\/www.europesays.com\/es\/wp-json\/wp\/v2\/categories?post=249770"},{"taxonomy":"post_tag","embeddable":true,"href":"https:\/\/www.europesays.com\/es\/wp-json\/wp\/v2\/tags?post=249770"}],"curies":[{"name":"wp","href":"https:\/\/api.w.org\/{rel}","templated":true}]}}