{"id":249785,"date":"2025-11-22T13:15:10","date_gmt":"2025-11-22T13:15:10","guid":{"rendered":"https:\/\/www.europesays.com\/es\/249785\/"},"modified":"2025-11-22T13:15:10","modified_gmt":"2025-11-22T13:15:10","slug":"esta-el-ibex-preparado-para-un-mercado-bajista-de-larga-duracion","status":"publish","type":"post","link":"https:\/\/www.europesays.com\/es\/249785\/","title":{"rendered":"\u00bfEst\u00e1 el Ibex preparado para un mercado bajista de larga duraci\u00f3n?"},"content":{"rendered":"<p class=\"c-paragraph\">La <a href=\"https:\/\/www.20minutos.es\/lainformacion\/mercados-y-bolsa\/valores-ibex-buenos-bonitos-baratos_6869041_0.html\" title=\"Valores del Ibex 35 bonitos, baratos y\u2026 \u00bfcon riesgo?\" rel=\"nofollow noopener\" target=\"_blank\">Bolsa espa\u00f1ola<\/a> no vive en un permanente estado de euforia, pero tampoco ha tenido que <b>enfrentarse durante demasiado tiempo a un invierno financiero<\/b>. Por otro lado, los descensos recientes han devuelto a primera l\u00ednea una pregunta que normalmente se evita. \u00bfQu\u00e9 ocurrir\u00eda si el pr\u00f3ximo bajista no fuera un susto pasajero, sino un escenario persistente? En ese caso el selectivo espa\u00f1ol podr\u00eda tener que demostrar una resistencia que no ha puesto a prueba en muchos a\u00f1os.<\/p>\n<p class=\"c-paragraph\">No se trata de anticipar una crisis. Tampoco de exagerar un movimiento puntual. Se trata de entender qu\u00e9 pasar\u00eda si Espa\u00f1a tuviera que atravesar un bajista largo en un momento en el que el mercado global cambia de humor con una rapidez mayor de la habitual.<\/p>\n<p><b>Un \u00edndice resistente, pero con memoria corta<\/b><\/p>\n<p class=\"c-paragraph\">La historia reciente ofrece algunas pistas. En 2008, el Ibex cay\u00f3 m\u00e1s de un 39%. En 2012, en pleno episodio de tensi\u00f3n sobre la deuda europea, lleg\u00f3 a rondar los 6.000 puntos. En 2020, la pandemia provoc\u00f3 un descenso cercano al 15%. Estos episodios fueron intensos, <b>pero relativamente acotados en el tiempo<\/b>. Tras ellos llegaron rebotes, descompresiones t\u00e9cnicas y periodos de recuperaci\u00f3n m\u00e1s o menos lentos. Lo que no se ha visto desde entonces es un mercado bajista prolongado que se extienda durante varios a\u00f1os con presi\u00f3n sostenida sobre las valoraciones y sobre el cr\u00e9dito.<\/p>\n<p class=\"c-paragraph\">La estructura del Ibex a\u00f1ade matices importantes a este an\u00e1lisis. La composici\u00f3n del \u00edndice est\u00e1 dominada por bancos, energ\u00e9ticas y empresas de infraestructuras. Son sectores con ingresos recurrentes y balances s\u00f3lidos. Tambi\u00e9n son segmentos estrechamente ligados a las condiciones financieras y a las decisiones de pol\u00edtica monetaria.<\/p>\n<p class=\"c-paragraph\">Cuando el dinero es barato, la banca mejora m\u00e1rgenes y el consumo responde. Cuando el dinero es caro, la inversi\u00f3n se ralentiza y la financiaci\u00f3n corporativa se vuelve m\u00e1s selectiva. En un ciclo bajista largo estos factores no solo marcan el ritmo del mercado, tambi\u00e9n marcan el ritmo de la econom\u00eda real.<\/p>\n<p class=\"c-paragraph\">El contraste con otros mercados es evidente, aunque no comparable. El S&amp;P 500 se apoya en compa\u00f1\u00edas tecnol\u00f3gicas con capacidad para generar crecimientos de doble d\u00edgito incluso en entornos adversos. El Ibex depende m\u00e1s <b>del pulso de Europa, del consumo interno y de sectores donde el crecimiento es moderado por definici\u00f3n<\/b>. Y en un periodo bajista prolongado esa sensibilidad se vuelve relevante porque determina la velocidad con la que el \u00edndice puede digerir movimientos adversos.<\/p>\n<p class=\"c-paragraph\">Los resultados empresariales m\u00e1s recientes muestran una imagen mixta. La banca espa\u00f1ola ha registrado aumentos significativos en beneficios gracias a la subida de tipos, algo reflejado en sus \u00faltimos informes. Las energ\u00e9ticas han estabilizado ingresos tras un periodo marcado por la volatilidad en los precios. Las empresas de infraestructuras mantienen contratos de largo plazo que act\u00faan como colch\u00f3n.<\/p>\n<p class=\"c-paragraph\">Esa combinaci\u00f3n aporta estabilidad y, al mismo tiempo, limita la capacidad de expansi\u00f3n en el largo plazo. Si un mercado bajista se prolonga, esta estructura puede funcionar como escudo frente a ca\u00eddas bruscas, aunque tambi\u00e9n puede convertirse en un freno para atraer capital nuevo en un entorno global m\u00e1s competitivo.<\/p>\n<p class=\"c-paragraph\">Las din\u00e1micas internacionales tambi\u00e9n son relevantes. La desaceleraci\u00f3n en Alemania y las dudas en Francia condicionan el pulso econ\u00f3mico de la zona euro. Espa\u00f1a mantiene un crecimiento moderado apoyado en el turismo y la demanda interna. Si el entorno global se deteriorara durante un periodo prolongado, la <b>exposici\u00f3n al cr\u00e9dito y al consumo tendr\u00eda un papel importante<\/b>. La resistencia del mercado depender\u00eda en gran parte de la capacidad del tejido empresarial para mantener m\u00e1rgenes en un entorno m\u00e1s exigente.<\/p>\n<p class=\"c-paragraph\">La psicolog\u00eda del inversor tambi\u00e9n forma parte de la ecuaci\u00f3n. En Espa\u00f1a ha aumentado el n\u00famero de part\u00edcipes en fondos y planes de pensiones. Sin embargo, el perfil sigue siendo conservador. La mayor parte de las carteras combina <b>renta fija, mixtos y productos de riesgo moderado<\/b>. En un mercado bajista de larga duraci\u00f3n, esa preferencia condicionar\u00eda los flujos y podr\u00eda reforzar los movimientos defensivos. La estabilidad del mercado depende, por tanto, de los sectores que lo componen y de la paciencia de quienes respaldan el \u00edndice.<\/p>\n<p class=\"c-paragraph\">El papel del contexto internacional en este an\u00e1lisis es secundario pero \u00fatil. Mientras el sector tecnol\u00f3gico global vive una correcci\u00f3n severa y se discute sobre la sostenibilidad de las inversiones en IA, Espa\u00f1a observa los movimientos desde una posici\u00f3n menos expuesta, aunque no aislada.<\/p>\n<p class=\"c-paragraph\">El deterioro del sentimiento global reduce la demanda de activos de riesgo y tambi\u00e9n modera las entradas hacia Europa. El Ibex est\u00e1 respondiendo a esta din\u00e1mica con ajustes moderados, aunque suficientes para poner sobre la mesa una pregunta que llevaba tiempo sin formularse.<\/p>\n<p class=\"c-paragraph\">No se trata de decidir si el \u00edndice resiste o sucumbe. La informaci\u00f3n disponible apunta a una mezcla de fortaleza estructural y vulnerabilidad c\u00edclica. Los m\u00e1ximos hist\u00f3ricos muestran que el mercado espa\u00f1ol mantiene capacidad para atraer capital en entornos favorables. Pero, por otro lado, los retrocesos recientes sugieren que los inversores no pierden de vista un escenario global m\u00e1s incierto.<\/p>\n","protected":false},"excerpt":{"rendered":"La Bolsa espa\u00f1ola no vive en un permanente estado de euforia, pero tampoco ha tenido que enfrentarse durante&hellip;\n","protected":false},"author":2,"featured_media":249786,"comment_status":"","ping_status":"","sticky":false,"template":"","format":"standard","meta":{"footnotes":""},"categories":[80],"tags":[82,95,94,25,24,874,5222,2078,9976,23,16743],"class_list":{"0":"post-249785","1":"post","2":"type-post","3":"status-publish","4":"format-standard","5":"has-post-thumbnail","7":"category-economia","8":"tag-business","9":"tag-economia","10":"tag-economy","11":"tag-es","12":"tag-espana","13":"tag-esta","14":"tag-ibex","15":"tag-para","16":"tag-preparado","17":"tag-spain","18":"tag-un"},"share_on_mastodon":{"url":"","error":""},"_links":{"self":[{"href":"https:\/\/www.europesays.com\/es\/wp-json\/wp\/v2\/posts\/249785","targetHints":{"allow":["GET"]}}],"collection":[{"href":"https:\/\/www.europesays.com\/es\/wp-json\/wp\/v2\/posts"}],"about":[{"href":"https:\/\/www.europesays.com\/es\/wp-json\/wp\/v2\/types\/post"}],"author":[{"embeddable":true,"href":"https:\/\/www.europesays.com\/es\/wp-json\/wp\/v2\/users\/2"}],"replies":[{"embeddable":true,"href":"https:\/\/www.europesays.com\/es\/wp-json\/wp\/v2\/comments?post=249785"}],"version-history":[{"count":0,"href":"https:\/\/www.europesays.com\/es\/wp-json\/wp\/v2\/posts\/249785\/revisions"}],"wp:featuredmedia":[{"embeddable":true,"href":"https:\/\/www.europesays.com\/es\/wp-json\/wp\/v2\/media\/249786"}],"wp:attachment":[{"href":"https:\/\/www.europesays.com\/es\/wp-json\/wp\/v2\/media?parent=249785"}],"wp:term":[{"taxonomy":"category","embeddable":true,"href":"https:\/\/www.europesays.com\/es\/wp-json\/wp\/v2\/categories?post=249785"},{"taxonomy":"post_tag","embeddable":true,"href":"https:\/\/www.europesays.com\/es\/wp-json\/wp\/v2\/tags?post=249785"}],"curies":[{"name":"wp","href":"https:\/\/api.w.org\/{rel}","templated":true}]}}