{"id":249806,"date":"2025-11-22T13:33:11","date_gmt":"2025-11-22T13:33:11","guid":{"rendered":"https:\/\/www.europesays.com\/es\/249806\/"},"modified":"2025-11-22T13:33:11","modified_gmt":"2025-11-22T13:33:11","slug":"el-critico-de-cine-de-hoy-por-hoy-es-contundente-una-muy-mala-semana-cine-y-tv","status":"publish","type":"post","link":"https:\/\/www.europesays.com\/es\/249806\/","title":{"rendered":"El cr\u00edtico de cine de &#8216;Hoy por Hoy&#8217; es contundente: \u00abUna muy mala semana\u00bb | Cine y TV"},"content":{"rendered":"<p>Este viernes son <a href=\"https:\/\/cadenaser.com\/cadena-ser\/el-cine-en-la-ser\/el-cine-en-la-ser-estrenos-cine\/\" target=\"_blank\" rel=\"noreferrer nofollow noopener\" title=\"https:\/\/cadenaser.com\/cadena-ser\/el-cine-en-la-ser\/el-cine-en-la-ser-estrenos-cine\/\">seis las pel\u00edculas que protagonizan las carteleras de cine<\/a>. Pel\u00edculas, a priori, tan prestigiosas como la ganadora del \u00faltimo Oso de Oro en la Berlinale, grandes producciones espa\u00f1olas o el \u00faltimo largometraje de Luc Besson. Sin embargo, que tengan un gran nombre no implica que sean buenos filmes.<\/p>\n<p>As\u00ed lo atestigua Javier Oca\u00f1a, el cr\u00edtico de cine de &#8216;Hoy por Hoy&#8217;, que <a href=\"https:\/\/cadenaser.com\/podcast\/cadena-ser\/hoy-por-hoy\/hoy-por-hoy-vida-y-cine\/1655\/\" target=\"_blank\" rel=\"noreferrer nofollow noopener\" title=\"https:\/\/cadenaser.com\/podcast\/cadena-ser\/hoy-por-hoy\/hoy-por-hoy-vida-y-cine\/1655\/\">en su secci\u00f3n Vida y cine ha repasado con su peculiar sem\u00e1foro la calidad de las pel\u00edculas<\/a>. Oca\u00f1a clasifica como verde las pel\u00edculas buenas, que le han gustado; \u00e1mbar, las que son aceptables y pueden tener un pase; y rojo las que son \u00abfatal\u00bb, es decir, que no recomienda ver.<\/p>\n<p>Esta es la clasificaci\u00f3n de esta semana de Javier Oca\u00f1a para que luego la gente \u00abhaga lo que quiera\u00bb.<\/p>\n<p>El c\u00f3digo iframe se ha copiado en el portapapeles<\/p>\n<p class=\"tit\">La fabulosa \u00abYakarta\u00bb y el sem\u00e1foro de estrenos en el que reina el rojo<\/p>\n<p>00:00:0019:58<\/p>\n<p>FacebookTwitterLinkedinWhatsAppCerrar<\/p>\n<p>Todos los lados de la cama: \u00e1mbar<\/p>\n<p>Segunda secuela de la pel\u00edcula original, El otro lado de la cama (la primera secuela fue Los dos lados de la cama), tiene un punto de partida muy curioso, que es que los j\u00f3venes son m\u00e1s conservadores que sus padres. Una premisa que le gusta a Oca\u00f1a, que tambi\u00e9n destaca de la pel\u00edcula la experiencia \u00aby la enorme vis c\u00f3mica que tienen Pilar Castro, Ernesto Alterio, Alberto San Juan o Secun de la Rosa\u00bb, que sostienen un poco el entramado. Es una pel\u00edcula muy desigual, eso s\u00ed. <\/p>\n<p>Dr\u00e1cula, de Luc Besson: rojo intenso<\/p>\n<p>Pel\u00edcula que no le ha gustado a Javier Oca\u00f1a, que le da una de las peores calificaciones de la semana, ya que no es una adaptaci\u00f3n del Dr\u00e1cula, de Bram Stoker, la novela, sino que es \u00abcasi un plagio de la versi\u00f3n rom\u00e1ntica que hizo Francis Ford Coppola\u00bb. Es m\u00e1s, el cr\u00edtico de &#8216;Hoy por Hoy&#8217; cree que si solo comparamos el primer tercio de ambas pel\u00edculas, \u00abyo apuntar\u00eda a delito\u00bb. Adem\u00e1s, el final es fatal con un GCI horrendo y una lucha final igual de mala.<\/p>\n<p>M\u00e1tate, amor: rojo<\/p>\n<p>Protagonizada por Jennifer Lawrence y Robert Pattinson y dirigida por la prestigiosa Lynne Ramsay, realizadora de Tenemos que hablar de Kevin. Oca\u00f1a reconoce que \u00abes una directora que su cine no lo soporto mucho y es muy buena creando im\u00e1genes impactantes\u00bb, pero cree que su arrogancia le lleva a maltratar a sus personajes. Esta pel\u00edcula habla de la maternidad y de la depresi\u00f3n postparto, pero a Oca\u00f1a le lleva a pensar a otro posible plagio de una pel\u00edcula de John Cassavetes, Una mujer bajo la influencia. \u00abNo son homenajes, son saqueos\u00bb, sentencia Oca\u00f1a.<\/p>\n<p>Sue\u00f1os en Oslo: rojo<\/p>\n<p>Con la ganadora del Oso de Oro en el \u00faltimo Festival de Berl\u00edn, pel\u00edcula del noruego Dag Johan Haugerud, in\u00e9dito en Espa\u00f1a hasta la fecha, Oca\u00f1a no tiene piedad: \u00abMe parece el premio m\u00e1s inconcebible de un festival del cine reciente que yo haya visto\u00bb. Y no solo por su calidad, \u00abque es mala a rabiar\u00bb, sino tambi\u00e9n por el estilo, y es que est\u00e1 completamente en las ant\u00edpodas de lo que se suele premiar en festivales. \u00abEs un premio muy sorprendente\u00bb, afirma.<\/p>\n<p>La historia narra una historia del enamoramiento de una chica de 17 a\u00f1os por su profesora, que es relamida. Pero es una historia contada todo el rato a trav\u00e9s de una voz en off.<\/p>\n<p>Running Man: \u00e1mbar<\/p>\n<p>\u00abEsta no est\u00e1 mal\u00bb, se\u00f1ala Oca\u00f1a. Es una nueva versi\u00f3n de un texto de Stephen King del que ya se hizo una primera adaptaci\u00f3n en los a\u00f1os 80 que se llamaba Perseguido con Arnold Schwarzenegger, dirigida por Paul Michael Glaser. Y la idea es muy interesante. Es una pel\u00edcula futurista en la que la ultraderecha privatizadora es la que gobierna y no solo, por ejemplo, privatizan la sanidad, sino que privatizan tambi\u00e9n la polic\u00eda.<\/p>\n<p>Entonces lo que ocurre es un aliento hacia la revoluci\u00f3n de la gente a trav\u00e9s de un programa de televisi\u00f3n en el que el concursante gana m\u00e1s dinero cuanto m\u00e1s sobreviva a las fuerzas que intentan matarlo. Claro, gana dinero su familia porque \u00e9l, tarde o temprano, muere. En este caso, el protagonista tiene una hija enferma para la que necesita ganar dinero y pagar su tratamiento. \u00abNo es muy atractiva, pero el fondo del asunto s\u00ed que me parece interesante\u00bb, explica Oca\u00f1a.<\/p>\n<p>Alpha: rojo<\/p>\n<p>\u00abYa he dicho que la semana hab\u00eda sido muy mala\u00bb, dice entre risas Oca\u00f1a antes de hablar de la \u00faltima pel\u00edcula que analiza en esta ocasi\u00f3n. Dirigida por Julia Ducournau, que en 2021 gan\u00f3 la Palma de Oro con Titanes, ahora \u00abdecepciona\u00bb con su nuevo largometraje. \u00abMe parece pornograf\u00eda de la desolaci\u00f3n\u00bb, indica el cr\u00edtico de &#8216;Hoy por Hoy&#8217;, ya que junta dos temas, la drogadicci\u00f3n a trav\u00e9s de la hero\u00edna y el cuidado paternal, con los que no tiene ning\u00fan cuidado. S\u00ed que termina con tres minutos muy potentes que no dan para salvar la pel\u00edcula.<\/p>\n<p>\u00bfCu\u00e1l es la peor de todas para Javier Oca\u00f1a?<\/p>\n<p>Sue\u00f1os en Oslo. \u00abDe verdad que me he sorprendido mucho de que eso pueda ganar un premio en un festival de categor\u00eda\u00bb, termina, no sin antes a\u00f1adir que el oficio de cr\u00edtico es as\u00ed a veces y que \u00abno siempre se puede ser feliz trabajando\u00bb. <\/p>\n","protected":false},"excerpt":{"rendered":"Este viernes son seis las pel\u00edculas que protagonizan las carteleras de cine. Pel\u00edculas, a priori, tan prestigiosas como&hellip;\n","protected":false},"author":2,"featured_media":249807,"comment_status":"","ping_status":"","sticky":false,"template":"","format":"standard","meta":{"footnotes":""},"categories":[169],"tags":[177,146,147,25,24,176,175,23],"class_list":{"0":"post-249806","1":"post","2":"type-post","3":"status-publish","4":"format-standard","5":"has-post-thumbnail","7":"category-cine","8":"tag-cine","9":"tag-entertainment","10":"tag-entretenimiento","11":"tag-es","12":"tag-espana","13":"tag-film","14":"tag-movies","15":"tag-spain"},"share_on_mastodon":{"url":"https:\/\/pubeurope.com\/@es\/115593609754192232","error":""},"_links":{"self":[{"href":"https:\/\/www.europesays.com\/es\/wp-json\/wp\/v2\/posts\/249806","targetHints":{"allow":["GET"]}}],"collection":[{"href":"https:\/\/www.europesays.com\/es\/wp-json\/wp\/v2\/posts"}],"about":[{"href":"https:\/\/www.europesays.com\/es\/wp-json\/wp\/v2\/types\/post"}],"author":[{"embeddable":true,"href":"https:\/\/www.europesays.com\/es\/wp-json\/wp\/v2\/users\/2"}],"replies":[{"embeddable":true,"href":"https:\/\/www.europesays.com\/es\/wp-json\/wp\/v2\/comments?post=249806"}],"version-history":[{"count":0,"href":"https:\/\/www.europesays.com\/es\/wp-json\/wp\/v2\/posts\/249806\/revisions"}],"wp:featuredmedia":[{"embeddable":true,"href":"https:\/\/www.europesays.com\/es\/wp-json\/wp\/v2\/media\/249807"}],"wp:attachment":[{"href":"https:\/\/www.europesays.com\/es\/wp-json\/wp\/v2\/media?parent=249806"}],"wp:term":[{"taxonomy":"category","embeddable":true,"href":"https:\/\/www.europesays.com\/es\/wp-json\/wp\/v2\/categories?post=249806"},{"taxonomy":"post_tag","embeddable":true,"href":"https:\/\/www.europesays.com\/es\/wp-json\/wp\/v2\/tags?post=249806"}],"curies":[{"name":"wp","href":"https:\/\/api.w.org\/{rel}","templated":true}]}}