{"id":249810,"date":"2025-11-22T13:35:09","date_gmt":"2025-11-22T13:35:09","guid":{"rendered":"https:\/\/www.europesays.com\/es\/249810\/"},"modified":"2025-11-22T13:35:09","modified_gmt":"2025-11-22T13:35:09","slug":"cardiopodcast-4x25-la-evolucion-del-trasplante-cardiaco-en-espana-historia-de-exitos-y-desafios-para-el-futuro","status":"publish","type":"post","link":"https:\/\/www.europesays.com\/es\/249810\/","title":{"rendered":"CardioPODCAST |4&#215;25| La evoluci\u00f3n del trasplante cardiaco en Espa\u00f1a: historia de \u00e9xitos y desaf\u00edos para el futuro"},"content":{"rendered":"<p class=\"meta text-muted\">\n<p>\t\t\t\t\tPublicado: 22 noviembre 2025\t\t\t\t |<\/p>\n<p>El <strong>trasplante cardiaco<\/strong> es una terapia consolidada para pacientes con insuficiencia cardiaca avanzada que no responden al tratamiento m\u00e9dico. Desde sus inicios en Espa\u00f1a en los a\u00f1os 80, este procedimiento ha evolucionado de forma notable, tanto en t\u00e9rminos de supervivencia como de calidad de vida para los pacientes. La implementaci\u00f3n de un <strong>modelo nacional de donaci\u00f3n, la mejora en la selecci\u00f3n de receptores y donantes, y los avances en inmunosupresi\u00f3n<\/strong> han sido factores clave para alcanzar los resultados actuales.<\/p>\n<p>Pedro Caravaca analiza con Juan Delgado Jim\u00e9nez, Marta Farrero Torres y Mar\u00eda del Val Groba por qu\u00e9 Espa\u00f1a es, hoy, uno de los pa\u00edses con mayor tasa de trasplantes por mill\u00f3n de habitantes, y el trasplante cardiaco se ha extendido m\u00e1s all\u00e1 de los grandes centros hist\u00f3ricos, incorporando nuevos programas con buenos resultados.<\/p>\n<p>Participantes: <\/p>\n<p>\t\t<img decoding=\"async\" src=\"\/images\/cardiopodcast\/Portada\/Pedro%20Caravaca_400x400.png#joomlaImage:\/\/local-images\/cardiopodcast\/Portada\/Pedro Caravaca_400x400.png?width=400&amp;height=400\"\/><strong>Pedro Caravaca P\u00e9rez<\/strong><br \/>Cardiolog\u00eda. Hospital Clinic de Barcelona<\/p>\n<p>\t\t<img decoding=\"async\" src=\"\/images\/cardiopodcast\/Autores\/Juan-delgado-jimenez_400x400.jpg#joomlaImage:\/\/local-images\/cardiopodcast\/Autores\/Juan-delgado-jimenez_400x400.jpg?width=400&amp;height=400\"\/><strong>Juan Delgado Jim\u00e9nez<\/strong><br \/>Hospital Universitario 12 de Octubre, Madrid<\/p>\n<p>\t\t<img decoding=\"async\" src=\"\/images\/cardiopodcast\/Autores\/Marta-farrero-torres_400x400.jpg#joomlaImage:\/\/local-images\/cardiopodcast\/Autores\/Marta-farrero-torres_400x400.jpg?width=400&amp;height=400\"\/><strong>Marta Farrero Torres<\/strong><br \/>Hospital Cl\u00ednic de Barcelona<\/p>\n<p>\t\t<img decoding=\"async\" src=\"\/images\/cardiopodcast\/Autores\/Marival-del-val-groba_400x400.jpg#joomlaImage:\/\/local-images\/cardiopodcast\/Autores\/Marival-del-val-groba_400x400.jpg?width=400&amp;height=400\"\/><strong>Mar\u00eda del Val Groba Marco<\/strong><br \/>Hospital Universitario de Gran Canaria Dr. Negrin, Las Palmas de Gran Canaria<\/p>\n","protected":false},"excerpt":{"rendered":"Publicado: 22 noviembre 2025 | El trasplante cardiaco es una terapia consolidada para pacientes con insuficiencia cardiaca avanzada&hellip;\n","protected":false},"author":2,"featured_media":249811,"comment_status":"","ping_status":"","sticky":false,"template":"","format":"standard","meta":{"footnotes":""},"categories":[92],"tags":[25,24,165,166,23],"class_list":{"0":"post-249810","1":"post","2":"type-post","3":"status-publish","4":"format-standard","5":"has-post-thumbnail","7":"category-salud","8":"tag-es","9":"tag-espana","10":"tag-health","11":"tag-salud","12":"tag-spain"},"share_on_mastodon":{"url":"https:\/\/pubeurope.com\/@es\/115593617601563785","error":""},"_links":{"self":[{"href":"https:\/\/www.europesays.com\/es\/wp-json\/wp\/v2\/posts\/249810","targetHints":{"allow":["GET"]}}],"collection":[{"href":"https:\/\/www.europesays.com\/es\/wp-json\/wp\/v2\/posts"}],"about":[{"href":"https:\/\/www.europesays.com\/es\/wp-json\/wp\/v2\/types\/post"}],"author":[{"embeddable":true,"href":"https:\/\/www.europesays.com\/es\/wp-json\/wp\/v2\/users\/2"}],"replies":[{"embeddable":true,"href":"https:\/\/www.europesays.com\/es\/wp-json\/wp\/v2\/comments?post=249810"}],"version-history":[{"count":0,"href":"https:\/\/www.europesays.com\/es\/wp-json\/wp\/v2\/posts\/249810\/revisions"}],"wp:featuredmedia":[{"embeddable":true,"href":"https:\/\/www.europesays.com\/es\/wp-json\/wp\/v2\/media\/249811"}],"wp:attachment":[{"href":"https:\/\/www.europesays.com\/es\/wp-json\/wp\/v2\/media?parent=249810"}],"wp:term":[{"taxonomy":"category","embeddable":true,"href":"https:\/\/www.europesays.com\/es\/wp-json\/wp\/v2\/categories?post=249810"},{"taxonomy":"post_tag","embeddable":true,"href":"https:\/\/www.europesays.com\/es\/wp-json\/wp\/v2\/tags?post=249810"}],"curies":[{"name":"wp","href":"https:\/\/api.w.org\/{rel}","templated":true}]}}