{"id":249815,"date":"2025-11-22T13:38:09","date_gmt":"2025-11-22T13:38:09","guid":{"rendered":"https:\/\/www.europesays.com\/es\/249815\/"},"modified":"2025-11-22T13:38:09","modified_gmt":"2025-11-22T13:38:09","slug":"un-programa-docente-de-siete-modulos-apoyado-por-seis-entidades","status":"publish","type":"post","link":"https:\/\/www.europesays.com\/es\/249815\/","title":{"rendered":"Un programa docente de siete m\u00f3dulos apoyado por seis entidades"},"content":{"rendered":"<p><a class=\"v-mdl-ath__fig-a\" href=\"https:\/\/www.laverdad.es\/autor\/jesus-nicolas-5612.html\" title=\"Jes\u00fas Nicol\u00e1s\" rel=\"nofollow noopener\" target=\"_blank\"><br \/>\n<img decoding=\"async\" class=\"v-mdl-ath__img\" src=\"https:\/\/www.europesays.com\/es\/wp-content\/uploads\/2025\/11\/autor-5612-foto-1.jpeg\" alt=\"Jes\u00fas Nicol\u00e1s\"\/><br \/>\n<\/a><\/p>\n<p class=\"v-mdl-ath__p v-mdl-ath__p--6\">\nS\u00e1bado, 22 de noviembre 2025, 10:30<\/p>\n<p class=\"v-p\">La nueva aceleradora para la investigaci\u00f3n y desarrollo de la inteligencia artificial contar\u00e1 con un programa docente organizado en siete m\u00f3dulos: conocimiento del sector naval de defensa y del modelo de sostenimiento del S-80; aplicaci\u00f3n de la IA a la transformaci\u00f3n digital; gesti\u00f3n del dato y apoyo a la decisi\u00f3n; mantenimiento predictivo y anal\u00edtica de fallos; ciberseguridad y ciberdefensa en entornos 5G\/6G; comercializaci\u00f3n y financiaci\u00f3n en defensa; y tecnolog\u00edas subacu\u00e1ticas inteligentes para la protecci\u00f3n del entorno marino y de infraestructuras cr\u00edticas.<\/p>\n<p class=\"v-p\">El programa cuenta con el apoyo t\u00e9cnico del CEEIC y la participaci\u00f3n activa de empresas tractoras como Navantia, SAES, Telef\u00f3nica, Indra y el centro de supervisi\u00f3n de datos de la Armada (CESADAR), que actuar\u00e1n como validadores tecnol\u00f3gicos y potenciales clientes de las soluciones desarrolladas. La mentor\u00eda recae en directores de innovaci\u00f3n, ingenieros del programa S-80 y oficiales de la Armada, con el objetivo de que los proyectos puedan integrarse en la cadena de suministro del sector naval.<\/p>\n<p class=\"v-p\">La convocatoria se dirige a emprendedores, startups de base tecnol\u00f3gica, microempresas y pymes cuyo modelo de negocio se base en la inteligencia artificial aplicada al sector naval, con especial atenci\u00f3n a soluciones para el ciclo de vida del S-80 y a la soberan\u00eda tecnol\u00f3gica. Las empresas interesadas tienen hasta finales de a\u00f1o para solicitar su participaci\u00f3n en el programa, para lo que deben dirigirse al correo caetra@info.carm.es. Desde el Info se pondr\u00e1n en contacto con ellos para valorar su proyecto.<\/p>\n<p class=\"v-p\">El Ceeic se convertir\u00e1 en todo un centro de investigaci\u00f3n volcado en la b\u00fasqueda de nuevas tecnolog\u00edas. La sede de la instituci\u00f3n en Cabezo Beaza albergar\u00e1 una aceleradora de proyectos relacionados con la investigaci\u00f3n en inteligencia artificial aplicada a la industria naval y de la defensa. Dentro del programa regional Caetra, la entidad dirigida por Nuria Castillo ha sido seleccionada para atraer a esas empresas que, con algo de orientaci\u00f3n, formaci\u00f3n y medios econ\u00f3micos, podr\u00edan ser esa pata de confianza que la Armada necesita y busca para innovar e introducir en sus submarinos, en su Serie S-80, nuevos elementos &#8216;made in Spain&#8217; que aminoren la dependencia tecnol\u00f3gica del pa\u00eds respecto de proveedores extranjeros. Todo ello al mismo tiempo que se impulsa la industria y el talento local.<\/p>\n<p class=\"v-p\">De esta filosof\u00eda y metodolog\u00eda de trabajo hicieron part\u00edcipes a un reducido grupo de empresarios durante un &#8216;briefing&#8217; en la sede del Ceeic que sirvi\u00f3 de presentaci\u00f3n de este nuevo reto que se han marcado tanto la Armada como el Gobierno regional. Al encuentro asistieron tanto la alcaldesa, Noelia Arroyo, como la consejera de Empresa, Marisa L\u00f3pez. Ambas ejercieron de anfitrionas de una jornada que tambi\u00e9n cont\u00f3 con la presencia, entre otros, del presidente de la C\u00e1mara de Comercio, Miguel Mart\u00ednez, o el rector de la UPCT, Mathieu Kessler. Tambi\u00e9n acudieron el primer teniente de alcalde, Diego Salinas, y el edil \u00c1lvaro Vald\u00e9s.<\/p>\n<p class=\"v-p\">En representaci\u00f3n de la Armada, el capit\u00e1n de nav\u00edo Juan Manuel Torrijos explic\u00f3, a preguntas de los medios de comunicaci\u00f3n que, actualmente, los submarinos S-80 no incorporan ning\u00fan elemento que use la inteligencia artificial y comparti\u00f3 el especial inter\u00e9s del estamento militar en modernizar los sumergibles a trav\u00e9s de esta v\u00eda. Explic\u00f3 que la IA abre una ventana inexplorada al desarrollo de herramientas que, ejemplific\u00f3, puedan interpretar las se\u00f1ales de un s\u00f3nar e indicar a la dotaci\u00f3n del submarino el tipo de objeto ante el que se encuentran. O incluso tambi\u00e9n estudiar, evaluar y diagnosticar la reparaci\u00f3n y piezas que se necesitan para solventar una aver\u00eda.<\/p>\n<p class=\"v-p\"> Para la implantaci\u00f3n de esta nueva aceleradora en el Ceeic, el Gobierno regional ha invertido de entrada 100.000 euros en el acondicionamiento de una de las salas de la sede de Cabezo Beaza, que ha sido equipada con el mobiliario y tecnolog\u00eda necesaria. Una inversi\u00f3n de escasa entidad que, no obstante, se suma a los cinco millones con los que cuenta el programa Caetra Arsenal que est\u00e1 dirigido a empresas de Cartagena con inter\u00e9s en dar un salto cualitativo en su madurez hacia el sector de la defensa.<\/p>\n<p class=\"v-p\">\u00abLa Regi\u00f3n de Murcia vuelve a situarse en la vanguardia, porque este programa no solo anticipa el futuro, lo construye desde Cartagena\u00bb, subray\u00f3 la consejera, quien destac\u00f3 que \u00abbajo el paraguas de Caetra, damos un paso m\u00e1s en nuestro objetivo estrat\u00e9gico de convertirnos en referente nacional y europeo en tecnolog\u00edas duales, \u00fatiles tanto para la defensa como para la seguridad civil, que generan empleo cualificado, atraen inversi\u00f3n y protegen nuestras libertades\u00bb.<\/p>\n<p class=\"v-p\">La alcaldesa quiso aprovechar esta ocasi\u00f3n para, en la misma l\u00ednea que L\u00f3pez, presumir de la raigambre cartagenera de Caetra. Una valoraci\u00f3n no casual teniendo en cuenta la gran pol\u00e9mica que suscit\u00f3 el anuncio del presidente regional, Fernando L\u00f3pez Miras, de la instalaci\u00f3n en Murcia del Centro de Innovaci\u00f3n Tecnol\u00f3gica en Espacio Cognitivo y Ciberdefensa. \u00abEs una iniciativa pionera y novedosa en Cartagena, tan original como lo fue la primera aceleradora comercial de la defensa que tambi\u00e9n naci\u00f3 aqu\u00ed\u00bb.<\/p>\n<p class=\"v-p\">La regidora situ\u00f3 como \u00abun paso m\u00e1s en la consolidaci\u00f3n de un ecosistema de defensa y tecnolog\u00eda que ya es una realidad en la ciudad\u00bb. La alcaldesa subray\u00f3 que el programa nace para que nuevas empresas tecnol\u00f3gicas trabajen sobre retos reales del submarino S-80 y puedan integrarse en la cadena de suministro del sector defensa. Algo a lo que, resalt\u00f3, el Ayuntamiento no asiste como mero espectador, sino como otro brazo impulsor.<\/p>\n<p>Reporta un error<\/p>\n","protected":false},"excerpt":{"rendered":"S\u00e1bado, 22 de noviembre 2025, 10:30 La nueva aceleradora para la investigaci\u00f3n y desarrollo de la inteligencia artificial&hellip;\n","protected":false},"author":2,"featured_media":153411,"comment_status":"","ping_status":"","sticky":false,"template":"","format":"standard","meta":{"footnotes":""},"categories":[80],"tags":[4148,82,30329,95,94,6821,25,24,63427,2145,1139,5294,23],"class_list":{"0":"post-249815","1":"post","2":"type-post","3":"status-publish","4":"format-standard","5":"has-post-thumbnail","7":"category-economia","8":"tag-apoyado","9":"tag-business","10":"tag-docente","11":"tag-economia","12":"tag-economy","13":"tag-entidades","14":"tag-es","15":"tag-espana","16":"tag-modulos","17":"tag-programa","18":"tag-seis","19":"tag-siete","20":"tag-spain"},"share_on_mastodon":{"url":"https:\/\/pubeurope.com\/@es\/115593629772424953","error":""},"_links":{"self":[{"href":"https:\/\/www.europesays.com\/es\/wp-json\/wp\/v2\/posts\/249815","targetHints":{"allow":["GET"]}}],"collection":[{"href":"https:\/\/www.europesays.com\/es\/wp-json\/wp\/v2\/posts"}],"about":[{"href":"https:\/\/www.europesays.com\/es\/wp-json\/wp\/v2\/types\/post"}],"author":[{"embeddable":true,"href":"https:\/\/www.europesays.com\/es\/wp-json\/wp\/v2\/users\/2"}],"replies":[{"embeddable":true,"href":"https:\/\/www.europesays.com\/es\/wp-json\/wp\/v2\/comments?post=249815"}],"version-history":[{"count":0,"href":"https:\/\/www.europesays.com\/es\/wp-json\/wp\/v2\/posts\/249815\/revisions"}],"wp:featuredmedia":[{"embeddable":true,"href":"https:\/\/www.europesays.com\/es\/wp-json\/wp\/v2\/media\/153411"}],"wp:attachment":[{"href":"https:\/\/www.europesays.com\/es\/wp-json\/wp\/v2\/media?parent=249815"}],"wp:term":[{"taxonomy":"category","embeddable":true,"href":"https:\/\/www.europesays.com\/es\/wp-json\/wp\/v2\/categories?post=249815"},{"taxonomy":"post_tag","embeddable":true,"href":"https:\/\/www.europesays.com\/es\/wp-json\/wp\/v2\/tags?post=249815"}],"curies":[{"name":"wp","href":"https:\/\/api.w.org\/{rel}","templated":true}]}}