{"id":249816,"date":"2025-11-22T13:39:09","date_gmt":"2025-11-22T13:39:09","guid":{"rendered":"https:\/\/www.europesays.com\/es\/249816\/"},"modified":"2025-11-22T13:39:09","modified_gmt":"2025-11-22T13:39:09","slug":"rusia-roza-el-conflicto-diplomatico-con-la-otan-al-atacar-un-puesto-ucraniano-junto-a-rumania","status":"publish","type":"post","link":"https:\/\/www.europesays.com\/es\/249816\/","title":{"rendered":"Rusia roza el conflicto diplom\u00e1tico con la OTAN al atacar un puesto ucraniano junto a Ruman\u00eda"},"content":{"rendered":"<p>Cada vez que Rusia apunta con sus drones y misiles hacia objetivos ucranianos situados cerca de las fronteras de pa\u00edses de la OTAN juega peligrosamente con el conflicto diplom\u00e1tico ante el riesgo de que<b> estos proyectiles traspasen las fronteras de pa\u00edses como Polonia o Ruman\u00eda<\/b>, como ya ha ocurrido en el pasado.<\/p>\n<p>Esta tensi\u00f3n diplom\u00e1tica se une adem\u00e1s a las provocaciones intencionadas rusas con el sobrevuelo de cazas sobre estos pa\u00edses. Sin ir m\u00e1s lejos, hace cuatro d\u00edas dos cazas rumanos y otros dos alemanes, como parte del despliegue de la OTAN, <a title=\"despegaron para interceptar un dron ruso\" href=\"https:\/\/www.larazon.es\/internacional\/nuevo-incidente-aereo-rusia-cazas-otan-despegan-interceptar-dron-rumania_20251119691da8c639b3f1652bf96598.html\" target=\"_blank\" rel=\"nofollow noopener\">despegaron para interceptar un dron ruso<\/a> que invadi\u00f3 el espacio a\u00e9reo de Ruman\u00eda.<\/p>\n<p>Ahora, Bucarest se ha visto en estado de m\u00e1xima alerta despu\u00e9s de que Rusia atacara anoche un puesto de control internacional en Orlivka, en la regi\u00f3n ucraniana de Odesa y <b>junto a la frontera con Ruman\u00eda<\/b>, que tuvo que suspender temporalmente sus operaciones, inform\u00f3 el Servicio de Aduanas de Ucrania, informa Efe.<\/p>\n<p>\u00abEn la noche (&#8230;), el bombardeo enemigo con drones suicidas da\u00f1\u00f3 la infraestructura del complejo de ferris en Orlivka\u00bb, escribi\u00f3 en Telegram la agencia.<\/p>\n<p>Explic\u00f3 que por ello el puesto de control internacional ha suspendido temporalmente sus operaciones\u00bb.<\/p>\n<p>Aduanas a\u00f1adi\u00f3 que actualmente se est\u00e1n tomando todas las medidas necesarias para eliminar las consecuencias.<\/p>\n<p>Rusia atac\u00f3 anoche el norte, sur y este de Ucrania con <b>un misil bal\u00edstico y 104 drones de ataque,<\/b> que impactaron en siete lugares, inform\u00f3 la Fuerza A\u00e9rea ucraniana en su parte diario.<\/p>\n<p>Las fuerzas rusas lanzaron un Iskander-M desde la ocupada pen\u00ednsula de Crimea y drones tipo Shahed y Gerbera, as\u00ed como de otros tipos, desde varias regiones rusas y desde las ocupadas Crimea y Donetsk, seg\u00fan la agencia Efe.<\/p>\n<p>Un total de 65 drones eran Shahed de tecnolog\u00eda iran\u00ed.<\/p>\n<p><b>Las defensas antia\u00e9reas lograron derribar 89 drones enemigos tipo Shahed y Gerbera<\/b>, as\u00ed como otros tipos, en el norte, sur y este del pa\u00eds.<\/p>\n<p>No obstante, se registraron 13 impactos de drones de ataque en seis ubicaciones, as\u00ed como de un misil bal\u00edstico en un lugar, admiti\u00f3 la Fuerza A\u00e9rea.<\/p>\n","protected":false},"excerpt":{"rendered":"Cada vez que Rusia apunta con sus drones y misiles hacia objetivos ucranianos situados cerca de las fronteras&hellip;\n","protected":false},"author":2,"featured_media":249817,"comment_status":"","ping_status":"","sticky":false,"template":"","format":"standard","meta":{"footnotes":""},"categories":[42],"tags":[17,18,13,14,11,61,62,63,64,19,20,9,10,15,16,12,21,22,65,66,67],"class_list":{"0":"post-249816","1":"post","2":"type-post","3":"status-publish","4":"format-standard","5":"has-post-thumbnail","7":"category-internacional","8":"tag-breaking-news","9":"tag-breakingnews","10":"tag-featured-news","11":"tag-featurednews","12":"tag-headlines","13":"tag-internacional","14":"tag-international","15":"tag-international-news","16":"tag-internationalnews","17":"tag-latest-news","18":"tag-latestnews","19":"tag-news","20":"tag-noticias","21":"tag-noticias-destacadas","22":"tag-noticiasdestacadas","23":"tag-titulares","24":"tag-ultimas-noticias","25":"tag-ultimasnoticias","26":"tag-world","27":"tag-world-news","28":"tag-worldnews"},"share_on_mastodon":{"url":"https:\/\/pubeurope.com\/@es\/115593633253678449","error":""},"_links":{"self":[{"href":"https:\/\/www.europesays.com\/es\/wp-json\/wp\/v2\/posts\/249816","targetHints":{"allow":["GET"]}}],"collection":[{"href":"https:\/\/www.europesays.com\/es\/wp-json\/wp\/v2\/posts"}],"about":[{"href":"https:\/\/www.europesays.com\/es\/wp-json\/wp\/v2\/types\/post"}],"author":[{"embeddable":true,"href":"https:\/\/www.europesays.com\/es\/wp-json\/wp\/v2\/users\/2"}],"replies":[{"embeddable":true,"href":"https:\/\/www.europesays.com\/es\/wp-json\/wp\/v2\/comments?post=249816"}],"version-history":[{"count":0,"href":"https:\/\/www.europesays.com\/es\/wp-json\/wp\/v2\/posts\/249816\/revisions"}],"wp:featuredmedia":[{"embeddable":true,"href":"https:\/\/www.europesays.com\/es\/wp-json\/wp\/v2\/media\/249817"}],"wp:attachment":[{"href":"https:\/\/www.europesays.com\/es\/wp-json\/wp\/v2\/media?parent=249816"}],"wp:term":[{"taxonomy":"category","embeddable":true,"href":"https:\/\/www.europesays.com\/es\/wp-json\/wp\/v2\/categories?post=249816"},{"taxonomy":"post_tag","embeddable":true,"href":"https:\/\/www.europesays.com\/es\/wp-json\/wp\/v2\/tags?post=249816"}],"curies":[{"name":"wp","href":"https:\/\/api.w.org\/{rel}","templated":true}]}}