{"id":249818,"date":"2025-11-22T13:40:11","date_gmt":"2025-11-22T13:40:11","guid":{"rendered":"https:\/\/www.europesays.com\/es\/249818\/"},"modified":"2025-11-22T13:40:11","modified_gmt":"2025-11-22T13:40:11","slug":"el-papa-acepta-la-renuncia-del-obispo-de-cadiz-tras-la-acusacion-de-abusos-sexuales-el-mundo","status":"publish","type":"post","link":"https:\/\/www.europesays.com\/es\/249818\/","title":{"rendered":"El Papa acepta la renuncia del obispo de C\u00e1diz tras la acusaci\u00f3n de abusos sexuales &#8211; El Mundo"},"content":{"rendered":"<ol>\n<li><a href=\"https:\/\/news.google.com\/rss\/articles\/CBMiekFVX3lxTE15YlEtYnpOZDh1V2E0M1gwUlRDbWNzbVJCaVJPdzU0MTl2R2FTeWJKS0lFNG5TRUdET2ZVQ2d3MlRpbXFJLTlxZTZzN1BxcHpCR2kzRUZTbS02NmMtbW5RT2tISWNjSWtMX0h4VmtZMlVFcHNFNHo4TWl30gF6QVVfeXFMTXEzWjFfTjZyUVpzMmM3ZlN0M1FOTk8tdGlwNktEeU5hSk4xeFpjWVNWRFJvV0VZbHBPeE5kRjVtcFNzVWdSbDlvdUtuZ2tRYWVCZTl6VkRqX0JqVHlkZ0l2SkJncnhtekgxcDlUUlNSSlowSWlRelY3Z0E?oc=5\" target=\"_blank\" rel=\"nofollow noopener\">El Papa acepta la renuncia del obispo de C\u00e1diz tras la acusaci\u00f3n de abusos sexuales<\/a>&nbsp;&nbsp;El Mundo<\/li>\n<li><a href=\"https:\/\/news.google.com\/rss\/articles\/CBMi_AFBVV95cUxNLUI5dXZHNzVBRjI2Rk4taklBNlZDaXJFU3J1NUFGYmswS1JnbC1hQlgxQXlNSEx4Ul83OTVjbTVwMlh3TkxhdWRySGtkOFIwNUp2VUM5Q09RV21lUjVDMkFIU2tOS3FFa2tJd29FQS0xeTI4d2VPNjRybDN5akhlUW5BbERZeVZWMHhud1g3ZlRYRlhYWktwM2pIZE9jb2JkODNxb1preE5YSzZXSzZKMFdlYlVyRXdDRElONlV2NnQzdHk2VHVvS0I5WHl1N0J3VWJLbWVhYVFaSVRjZ0o2SHlqV1BoUjBCRzBtU2l6RzdfSEFVeU5BU05NUmk?oc=5\" target=\"_blank\" rel=\"nofollow noopener\">El Vaticano aparta al obispo de C\u00e1diz tras el esc\u00e1ndalo por la investigaci\u00f3n interna contra \u00e9l por acusaciones de pederastia<\/a>&nbsp;&nbsp;EL PA\u00cdS<\/li>\n<li><a href=\"https:\/\/news.google.com\/rss\/articles\/CBMitAFBVV95cUxNSkFvRG1FTEstekFmRlVnWTFfazNWR1c4cVM4SmRpX0luZ20zd0NfYkRMbWNHUHlyRjVJTklUWG1aSVdDNUJ0ZU5GUkhHYzZLcDdrZmRWenBwRHFCQmdJcERqR1pXLVlxZ2tRdW9RVTY0WTNyelo1WHN0TUNua1dMTlA2dE9qWGRCVlJVMkdCQzEwWWoxODRGeU1XbWVyb1VTeDZmWVlmeEFLT3lPcTRCbExvWlI?oc=5\" target=\"_blank\" rel=\"nofollow noopener\">La Santa Sede env\u00eda a Ram\u00f3n Valdivia como administrador apost\u00f3lico del Obispado de C\u00e1diz y Ceuta<\/a>&nbsp;&nbsp;ABC<\/li>\n<li><a href=\"https:\/\/news.google.com\/rss\/articles\/CBMiyAFBVV95cUxOc1B2NWF3LXpJN0pCXy1kZFNOd0ZubENqTmxSN1dub1ozSmJxdE5pMmFtVXRqLUNZNWhpTlhiYzlXU1QwM3ZCWlY1TExmQmRFTk1naXEwQ3hzQWczYi12SDhka0VwWlhGNDNGSHJuNFRyendaN21zc2tKRUE4cXJaWmpkbDN4NFlMSjFUZUtOMGJqTUl5XzRzTXBndFBVLWNJb2REdlZ0VUlMa2JZVzNUUEJqYUxReVdldzhpcjVEZlZ5TUtCTTZsTdIB3AFBVV95cUxPSW1kWi1xd1JqUjFjVF8yclY4S1ktNEY0aWs1S1VUc280WnpacXF0M1hQcE1ZNGo1TE9hX2pNV2RkM2djbTJpQWJPaTVUOVR3cmg1bi03V0hRN1BsQmkzOS1zdFJIWVhDMVlvMXg1ZW9YRTVyWGFLeGJZSDJNQmdlcWU4Q1M3TWVKS3dRSzg2bTJfamtWSVlhWkpnRlpBU01QVDlseWxZanhWN2xlQzZWMzZMZHlDMFBGUDZLNzlOcElhX3dhQnFqMUVfUTEwNGxuZUw0TW1TLV8yZjVx?oc=5\" target=\"_blank\" rel=\"nofollow noopener\">El Vaticano cesa al obispo de C\u00e1diz tras las acusaciones de abusos sexuales<\/a>&nbsp;&nbsp;Cadena SER<\/li>\n<li><a href=\"https:\/\/news.google.com\/rss\/articles\/CBMivgFBVV95cUxQRXMxMGlmVkhfSzhlMjA4d0Z3Y3h4Tm5HVU5FMXB1X1FlRksxUmdZM1dYdjFmQnJVZThXVHBnWTdsQ3FXUkd5ak95X0JXRjRTSHB5NVJJQnBHU0U1UWc0X29ST3hiQU5Ubm1ta3BfbXJRb2tQNGJmQU4xWjVHenYyQ3prdFFNaDVienBSd3dKS0VZZk05NXpEdHZLVmNXUEVPdEdBV0tub0Q0dXpSN0pRMC1yTmVFb25kQVdOVldn?oc=5\" target=\"_blank\" rel=\"nofollow noopener\">El Papa fulmina a Rafael Zornoza, el primer obispo espa\u00f1ol acusado de abusos a menores<\/a>&nbsp;&nbsp;elDiario.es<\/li>\n<\/ol>\n","protected":false},"excerpt":{"rendered":"El Papa acepta la renuncia del obispo de C\u00e1diz tras la acusaci\u00f3n de abusos sexuales&nbsp;&nbsp;El Mundo El Vaticano&hellip;\n","protected":false},"author":2,"featured_media":249819,"comment_status":"","ping_status":"","sticky":false,"template":"","format":"standard","meta":{"footnotes":""},"categories":[8],"tags":[17,18,25,24,13,14,11,19,20,9,10,15,16,400,23,12,21,22],"class_list":{"0":"post-249818","1":"post","2":"type-post","3":"status-publish","4":"format-standard","5":"has-post-thumbnail","7":"category-espana","8":"tag-breaking-news","9":"tag-breakingnews","10":"tag-es","11":"tag-espana","12":"tag-featured-news","13":"tag-featurednews","14":"tag-headlines","15":"tag-latest-news","16":"tag-latestnews","17":"tag-news","18":"tag-noticias","19":"tag-noticias-destacadas","20":"tag-noticiasdestacadas","21":"tag-papa-leon-xiv","22":"tag-spain","23":"tag-titulares","24":"tag-ultimas-noticias","25":"tag-ultimasnoticias"},"share_on_mastodon":{"url":"https:\/\/pubeurope.com\/@es\/115593637072094887","error":""},"_links":{"self":[{"href":"https:\/\/www.europesays.com\/es\/wp-json\/wp\/v2\/posts\/249818","targetHints":{"allow":["GET"]}}],"collection":[{"href":"https:\/\/www.europesays.com\/es\/wp-json\/wp\/v2\/posts"}],"about":[{"href":"https:\/\/www.europesays.com\/es\/wp-json\/wp\/v2\/types\/post"}],"author":[{"embeddable":true,"href":"https:\/\/www.europesays.com\/es\/wp-json\/wp\/v2\/users\/2"}],"replies":[{"embeddable":true,"href":"https:\/\/www.europesays.com\/es\/wp-json\/wp\/v2\/comments?post=249818"}],"version-history":[{"count":0,"href":"https:\/\/www.europesays.com\/es\/wp-json\/wp\/v2\/posts\/249818\/revisions"}],"wp:featuredmedia":[{"embeddable":true,"href":"https:\/\/www.europesays.com\/es\/wp-json\/wp\/v2\/media\/249819"}],"wp:attachment":[{"href":"https:\/\/www.europesays.com\/es\/wp-json\/wp\/v2\/media?parent=249818"}],"wp:term":[{"taxonomy":"category","embeddable":true,"href":"https:\/\/www.europesays.com\/es\/wp-json\/wp\/v2\/categories?post=249818"},{"taxonomy":"post_tag","embeddable":true,"href":"https:\/\/www.europesays.com\/es\/wp-json\/wp\/v2\/tags?post=249818"}],"curies":[{"name":"wp","href":"https:\/\/api.w.org\/{rel}","templated":true}]}}