{"id":249826,"date":"2025-11-22T13:51:12","date_gmt":"2025-11-22T13:51:12","guid":{"rendered":"https:\/\/www.europesays.com\/es\/249826\/"},"modified":"2025-11-22T13:51:12","modified_gmt":"2025-11-22T13:51:12","slug":"paloma-san-basilio-toma-la-palabra-de-dulcinea-en-su-primera-experiencia-como-actriz-de-texto","status":"publish","type":"post","link":"https:\/\/www.europesays.com\/es\/249826\/","title":{"rendered":"Paloma San Basilio toma la palabra de Dulcinea en su primera experiencia como actriz de texto"},"content":{"rendered":"<p style=\"\">\u00abDulcinea es un personaje que no existe, es una invenci\u00f3n de <a href=\"https:\/\/www.abc.es\/sevilla\/cultura\/aparece-quijote-imagenes-gran-protagonismo-color-20250629193602-nts.html\" target=\"_self\" data-voc-vtm-id=\"in-text-traffic\" title=\"don Quijote de la Mancha\" data-mrf-link=\"www.abc.es\" rel=\"nofollow noopener\">don Quijote de la Mancha<\/a>, que a su vez es una invenci\u00f3n de Alonso Quijano que, a su vez, es una invenci\u00f3n de Cervantes, que a su vez\u2026\u00bb. Son las primeras frases  &#8230; de &#8216;Dulcinea&#8217;, la obra escrita y dirigida por<a href=\"https:\/\/www.abc.es\/espana\/andalucia\/cordoba\/juan-carlos-rubio-animales-necesitamos-20240922005544-nts.html\" target=\"_self\" data-voc-vtm-id=\"in-text-traffic\" title=\" Juan Carlos Rubio\" data-mrf-link=\"www.abc.es\" rel=\"nofollow noopener\"> Juan Carlos Rubio<\/a> que, protagonizada por <strong>Paloma San Basilio<\/strong> -a la que acompa\u00f1a <strong>Julio Awad<\/strong>, con el piano, con la palabra y con la gola-, se estrena este viernes 21 en el Palacio de Festivales de Santander. Tras este estreno santanderino, la funci\u00f3n viajar\u00e1 a Paterna (28 de noviembre), Torrepacheco (29 de noviembre) y estar\u00e1 en el Teatro Olymplia de Valencia del 3 al 14 de diciembre.<\/p>\n<p class=\"voc-p\" style=\"\">Con ella, la artista cruza un nuevo umbral en su carrera; cantante, pintora, escritora y, ahora, actriz. \u00ab&#8217;Dulcinea&#8217; es una obra que escribi\u00f3 para mi Juan Carlos Rubio. Dije que s\u00ed al proyecto antes de leerme el texto porque hac\u00eda mucho tiempo que quer\u00eda hacer teatro que no fuera musical; en el fondo, me siento m\u00e1s actriz que cantante\u00bb. Paloma San Basilio fue Eva Per\u00f3n en &#8216;<strong>Evita<\/strong>&#8216;, Aldonza en &#8216;<strong>El hombre de La Mancha<\/strong>&#8216;, Eliza Doolittle en &#8216;<strong>My Fair Lady<\/strong>&#8216;, Victoria Grant en &#8216;<strong>Victor \/ Victoria&#8217;<\/strong>, Norma Desmond en &#8216;<strong>Sunset Boulevard<\/strong>&#8216;, y Peristera en &#8216;<a href=\"https:\/\/www.abc.es\/cultura\/teatros\/abci-decima-musa-mitos-leyendas-y-musicales-201607071009_noticia.html\" target=\"_self\" data-voc-vtm-id=\"in-text-traffic\" title=\"La d\u00e9cima musa\" data-mrf-link=\"www.abc.es\" rel=\"nofollow noopener\">La d\u00e9cima musa<\/a>&#8216;. Su experiencia teatral est\u00e1 fuera de toda duda, \u00abpero todo eso son teatro musical. En &#8216;Dulcinea&#8217;, aunque canto varias canciones -una de ellas de Ivana, su hija-, mi trabajo es de actriz\u00bb.<\/p>\n<p class=\"voc-p\" style=\"\">Ese juego de mu\u00f1ecas rusas que es la identidad de Dulcinea del Toboso lo ha llevado Juan Carlos Rubio a la dramaturgia de la obra, en la que la protagonista es, sin soluci\u00f3n de continuidad, una actriz c\u00f3mica, una narradora, la propia Dulcinea, una actriz dram\u00e1tica, Aldonza y la misma Paloma San Basilio. \u00abDulcinea se reivindica a s\u00ed misma, no quiere ser un sujeto pasivo de Don Quijote, sino ser siempre alguien que no tiene voz y que no sabe nadie qui\u00e9n es\u00bb.<\/p>\n<p class=\"voc-p\" style=\"\">\u00abYo soy Dulcinea -termina la funci\u00f3n-. <strong>Escurridiza, simb\u00f3lica y misteriosa<\/strong>. Pero siempre ser\u00e9 siempre la luz de vuestras andanzas sobre los senderos de esta baja vida. El consuelo en las adversidades, manadero de acometedores br\u00edos, ser\u00e9 la doncella engendradora de altas empresas, por quien es llevadera la vida y vividera la muerte. Dulcinea ser\u00e1 siempre ese sue\u00f1o que no se pudo alcanzar, pero por el que mereci\u00f3 la pena vivir\u00bb.<\/p>\n<p class=\"voc-p\" style=\"\">\u00abSer la mujer perfecta -dice Juan Carlos Rubio, que ha incluido textos de Cervantes y Unamuno-, modelo de educaci\u00f3n y encanto, dama y se\u00f1ora del m\u00e1s famoso caballero andante de la historia es un peso que Dulcinea ya no quiere seguir soportando. En un mundo donde los ideales tienen cada vez menos cabida, donde la \u00e9tica ha dado paso a la est\u00e9tica y la moral a la corrupci\u00f3n, no tiene sentido seguir defendiendo sue\u00f1os imposibles. \u00bfO quiz\u00e1 s\u00ed? \u00bfNecesitamos hoy en d\u00eda, m\u00e1s que nunca, a Dulcinea? Quiz\u00e1 ella, con humor, con dolor, con iron\u00eda y con una absoluta sinceridad, sea la \u00fanica capaz de darnos esa respuesta\u00bb. \u00abLa mujer tiene el <strong>derecho a sentir, a pensar y a ser escuchada<\/strong>\u00bb, acota Paloma San Basilio. \u00abEsa mujer ideal, forjada a golpe de t\u00f3picos y enso\u00f1aciones del caballero andante m\u00e1s famoso del mundo -completa el autor y director-, nos cuenta ahora su historia desde otro \u00e1ngulo, ese que solo ella conoce, el que los libros de caballer\u00eda, por muy geniales que sean, no han sido capaces de recoger. Y lo hace con humor, con dolor, con iron\u00eda y con una absoluta sinceridad\u00bb.<\/p>\n<p class=\"voc-p\" style=\"\">A la artista le quedan todav\u00eda algunas fechas de su gira de despedida &#8216;Gracias&#8217;, que <strong>terminar\u00e1 en Miami el 12 de abril del pr\u00f3ximo a\u00f1o<\/strong>. Est\u00e1 cansada de los conciertos, confiesa, pero no de esa \u00abaventura constante\u00bb que es, a\u00f1ade, \u00abla esencia del artista\u00bb. \u00abPero tener la osad\u00eda de subirme al escenario sin cantar me parece una aventura. Y yo quiero seguir aventur\u00e1ndome hasta donde sea capaz\u00bb.<\/p>\n<p class=\"voc-p\" style=\"\">Y su escudero en esta aventura, Juan Carlos Rubio, vaticina. \u00abPaloma va a sorprender a mucha gente, ya lo ver\u00e1&#8230;\u00bb <\/p>\n","protected":false},"excerpt":{"rendered":"\u00abDulcinea es un personaje que no existe, es una invenci\u00f3n de don Quijote de la Mancha, que a&hellip;\n","protected":false},"author":2,"featured_media":249827,"comment_status":"","ping_status":"","sticky":false,"template":"","format":"standard","meta":{"footnotes":""},"categories":[174],"tags":[6456,47386,255,63428,146,147,25,24,8009,256,3128,33736,1078,2228,23,28478,4350],"class_list":{"0":"post-249826","1":"post","2":"type-post","3":"status-publish","4":"format-standard","5":"has-post-thumbnail","7":"category-famosos","8":"tag-actriz","9":"tag-basilio","10":"tag-celebrities","11":"tag-dulcinea","12":"tag-entertainment","13":"tag-entretenimiento","14":"tag-es","15":"tag-espana","16":"tag-experiencia","17":"tag-famosos","18":"tag-palabra","19":"tag-paloma","20":"tag-primera","21":"tag-san","22":"tag-spain","23":"tag-texto","24":"tag-toma"},"share_on_mastodon":{"url":"https:\/\/pubeurope.com\/@es\/115593680468219032","error":""},"_links":{"self":[{"href":"https:\/\/www.europesays.com\/es\/wp-json\/wp\/v2\/posts\/249826","targetHints":{"allow":["GET"]}}],"collection":[{"href":"https:\/\/www.europesays.com\/es\/wp-json\/wp\/v2\/posts"}],"about":[{"href":"https:\/\/www.europesays.com\/es\/wp-json\/wp\/v2\/types\/post"}],"author":[{"embeddable":true,"href":"https:\/\/www.europesays.com\/es\/wp-json\/wp\/v2\/users\/2"}],"replies":[{"embeddable":true,"href":"https:\/\/www.europesays.com\/es\/wp-json\/wp\/v2\/comments?post=249826"}],"version-history":[{"count":0,"href":"https:\/\/www.europesays.com\/es\/wp-json\/wp\/v2\/posts\/249826\/revisions"}],"wp:featuredmedia":[{"embeddable":true,"href":"https:\/\/www.europesays.com\/es\/wp-json\/wp\/v2\/media\/249827"}],"wp:attachment":[{"href":"https:\/\/www.europesays.com\/es\/wp-json\/wp\/v2\/media?parent=249826"}],"wp:term":[{"taxonomy":"category","embeddable":true,"href":"https:\/\/www.europesays.com\/es\/wp-json\/wp\/v2\/categories?post=249826"},{"taxonomy":"post_tag","embeddable":true,"href":"https:\/\/www.europesays.com\/es\/wp-json\/wp\/v2\/tags?post=249826"}],"curies":[{"name":"wp","href":"https:\/\/api.w.org\/{rel}","templated":true}]}}