{"id":249856,"date":"2025-11-22T14:15:19","date_gmt":"2025-11-22T14:15:19","guid":{"rendered":"https:\/\/www.europesays.com\/es\/249856\/"},"modified":"2025-11-22T14:15:19","modified_gmt":"2025-11-22T14:15:19","slug":"el-cordobes-antonio-ruiz-guerrero-gana-el-primer-premio-del-concurso-de-fotografia-digital-la-mina-y-la-mar-con-la-imagen-cicatrices-del-tiempo","status":"publish","type":"post","link":"https:\/\/www.europesays.com\/es\/249856\/","title":{"rendered":"El cordob\u00e9s Antonio Ruiz Guerrero gana el primer premio del concurso de fotograf\u00eda digital \u00abLa Mina y la Mar\u00bb con la imagen \u00abCicatrices del tiempo\u00bb"},"content":{"rendered":"<p class=\"ft-text\">El XXVIII Concurso Internacional de Fotograf\u00eda Digital \u00abLa Mina y la Mar\u00bb, promovido por la Sociedad de Festejos \u00abSan Pedro\u00bb de La Felguera ya tiene ganadores. <strong>El primer premio, dotado con 700 euros, fue para la fotograf\u00eda \u00abCicatrices del tiempo\u00bb, del cordob\u00e9s Antonio Ruiz Guerrero.<\/strong><\/p>\n<p class=\"ft-text\">El segundo premio, dotado con 400 euros, fue para \u00abEsculturas bajo el agua\u00bb, del vasco Javier Pedro Fern\u00e1ndez Ferreras, que qued\u00f3 por delante de \u00abRederos de Llastres\u00bb, del langreano Luis Jos\u00e9 Vigil-Escalera Quintanal. El premio a la mejor composici\u00f3n de la mar realizada en el Principado de Asturias, con un trofeo donado por el Ayuntamiento fue para la fotograf\u00eda \u00abMareona\u00bb, de Juan Luis D\u00edaz Marr\u00f3n, de Langreo.<strong> El premio a la mejor fotograf\u00eda de tema minero, con trofeo donado por el Ayuntamiento de Langreo, recay\u00f3 en la fotograf\u00eda de titulado \u00abAsomado\u00bb, de Juan Ignacio Montero Mart\u00edn, de Ribadesella.<\/strong><\/p>\n<p>Jurado<\/p>\n<p class=\"ft-text\">El jurado estuvo formado por Eduardo J. Parra, exresponsable de Imagen del Ayuntamiento; Juan Jos\u00e9 Grela Fern\u00e1ndez, fot\u00f3grafo profesional; Juan Luis Hevia Berbes, fot\u00f3grafo profesional; J\u00e9r\u00f4me Mu\u00f1oz Aubry, profesor del centro de FP de Comunicaci\u00f3n, Imagen y Sonido de Langreo; Alain Jos\u00e9 Fern\u00e1ndez, gerente del Teatro Prendes (Cand\u00e1s); Eduardo Urdangaray, fot\u00f3grafo y editor; y Armando Velasco Monreal, exdirectivo y colaborador de la Sociedad de Festejos San Pedro de La Felguera.<strong> Ejerci\u00f3 como secretaria del jurado Sandra Zapico Fern\u00e1ndez<\/strong>, secretaria general de la junta directiva de la Sociedad de Festejos y Cultura \u00abSan Pedro\u00bb de La Felguera.<\/p>\n","protected":false},"excerpt":{"rendered":"El XXVIII Concurso Internacional de Fotograf\u00eda Digital \u00abLa Mina y la Mar\u00bb, promovido por la Sociedad de Festejos&hellip;\n","protected":false},"author":2,"featured_media":249857,"comment_status":"","ping_status":"","sticky":false,"template":"","format":"standard","meta":{"footnotes":""},"categories":[173],"tags":[1247,229,233,231,230,3042,232,234,146,147,25,24,244,8420,4355,3442,5106,5543,23],"class_list":{"0":"post-249856","1":"post","2":"type-post","3":"status-publish","4":"format-standard","5":"has-post-thumbnail","7":"category-arte-y-diseno","8":"tag-antonio","9":"tag-arte","10":"tag-arte-y-diseno","11":"tag-arts","12":"tag-arts-and-design","13":"tag-cordobes","14":"tag-design","15":"tag-diseno","16":"tag-entertainment","17":"tag-entretenimiento","18":"tag-es","19":"tag-espana","20":"tag-fotografia","21":"tag-fotografias","22":"tag-gana","23":"tag-guerrero","24":"tag-ruiz","25":"tag-san-pedro","26":"tag-spain"},"share_on_mastodon":{"url":"https:\/\/pubeurope.com\/@es\/115593774551095333","error":""},"_links":{"self":[{"href":"https:\/\/www.europesays.com\/es\/wp-json\/wp\/v2\/posts\/249856","targetHints":{"allow":["GET"]}}],"collection":[{"href":"https:\/\/www.europesays.com\/es\/wp-json\/wp\/v2\/posts"}],"about":[{"href":"https:\/\/www.europesays.com\/es\/wp-json\/wp\/v2\/types\/post"}],"author":[{"embeddable":true,"href":"https:\/\/www.europesays.com\/es\/wp-json\/wp\/v2\/users\/2"}],"replies":[{"embeddable":true,"href":"https:\/\/www.europesays.com\/es\/wp-json\/wp\/v2\/comments?post=249856"}],"version-history":[{"count":0,"href":"https:\/\/www.europesays.com\/es\/wp-json\/wp\/v2\/posts\/249856\/revisions"}],"wp:featuredmedia":[{"embeddable":true,"href":"https:\/\/www.europesays.com\/es\/wp-json\/wp\/v2\/media\/249857"}],"wp:attachment":[{"href":"https:\/\/www.europesays.com\/es\/wp-json\/wp\/v2\/media?parent=249856"}],"wp:term":[{"taxonomy":"category","embeddable":true,"href":"https:\/\/www.europesays.com\/es\/wp-json\/wp\/v2\/categories?post=249856"},{"taxonomy":"post_tag","embeddable":true,"href":"https:\/\/www.europesays.com\/es\/wp-json\/wp\/v2\/tags?post=249856"}],"curies":[{"name":"wp","href":"https:\/\/api.w.org\/{rel}","templated":true}]}}